{"id":2599,"date":"2020-10-09T22:40:55","date_gmt":"2020-10-09T20:40:55","guid":{"rendered":"http:\/\/www.czechcyclingfederation.com\/?p=2599"},"modified":"2020-10-15T23:06:28","modified_gmt":"2020-10-15T21:06:28","slug":"sprinteri-u23-maji-stribro-z-me","status":"publish","type":"post","link":"https:\/\/www.czechcyclingfederation.com\/en\/sprinteri-u23-maji-stribro-z-me\/","title":{"rendered":"Sprinte\u0159i U23 maj\u00ed st\u0159\u00edbro z ME"},"content":{"rendered":"\n<p>M\u011bli zlato t\u00e9m\u011b\u0159 na dosah. Nakonec trio Mat\u011bj Bohusl\u00e1vek, Martin \u010cechman a Jakub \u0160\u0165astn\u00fd vybojovalo na evropsk\u00e9m \u0161ampion\u00e1tu v&nbsp;kategorie U23 st\u0159\u00edbro v&nbsp;t\u00fdmov\u00e9m sprintu.&nbsp; Po nejlep\u0161\u00edm \u010dase v&nbsp;kvalifikaci ve fin\u00e1le proti Rusku \u010ce\u0161i dok\u00e1zali o vte\u0159inu zrychlit, ale i tak se radoval soupe\u0159. O desetinu vte\u0159iny byli&nbsp; Daniil Komkov, Dmitrij Nest\u011brov a Pavel Rostov rychlej\u0161\u00ed.<\/p>\n\n\n\n<p>&nbsp;\u201eVzhledem k tomu, \u017ee jsme vyhr\u00e1li kvalifikaci, jsme do z\u00e1vodu vstupovali s nad\u011bj\u00ed, \u017ee to m\u016f\u017eeme d\u00e1t. T\u011bsn\u011b po z\u00e1vod\u011b jsem trochu zklaman\u00fd,ale za dva dny budu \u0161\u0165astn\u00fd jako blecha. Je to \u00fa\u017easn\u00fd \u00fasp\u011bch, obzvl\u00e1\u0161\u0165 v t\u00fdmov\u00e9m sprintu. Je to z\u00e1sluha cel\u00e9ho t\u00fdmu a mus\u00edme si st\u0159\u00edbra v\u00e1\u017eit,\u201c prohl\u00e1sil \u010cechman.<\/p>\n\n\n\n<p>\u201eM\u00e1m velkou radost, kluci p\u0159edvedli skv\u011bl\u00fd v\u00fdkon, proti kvalifikaci zrychlili. Jeli prost\u011b skv\u011ble v\u0161ichni t\u0159i, ned\u00e1 se jim vytknout p\u016fl slova. Soupe\u0159 byl bohu\u017eel o desetinu rychlej\u0161\u00ed, ale je skv\u011bl\u00e9, \u017ee kluci mohou jezdit rovnocenn\u011b s nejlep\u0161\u00edmi. Nebylo to n\u00e1hodn\u00e9, na p\u0159\u00ed\u0161t\u00edch z\u00e1vodech m\u016f\u017eeme b\u00fdt prvn\u00ed my,\u201c ocenil v\u00fdkon sv\u00fdch sv\u011b\u0159enc\u016f tren\u00e9r \u010desk\u00e9 reprezentace sprinter\u016f do 23 let Lubom\u00edr Vojta.<\/p>\n\n\n\n<p>\u010ce\u0161i po druh\u00e9m ze t\u0159\u00ed kol vedli o \u0161est desetin sekundy, jen\u017ee fini\u0161 vy\u0161el soupe\u0159i. \u201eByl bych r\u00e1d za zlato, ale spokojen\u00fd jsem i se st\u0159\u00edbrem. Je to moje prvn\u00ed medaile v kategorii do t\u0159iadvaceti let, beru jakoukoli,\u201c prohl\u00e1sil \u0160\u0165astn\u00fd<\/p>\n\n\n\n<p>Ten nejv\u00edc okusil bolavost italsk\u00e9ho okruhu, kter\u00fd m\u011b\u0159\u00ed bezm\u00e1la \u010dty\u0159i sta metr\u016f, zat\u00edmco klasick\u00fd d\u0159ev\u011bn\u00fd kryt\u00fd ov\u00e1l m\u00e1 250 metr\u016f. Tak\u017ee z\u00e1vodn\u00edk na t\u0159et\u00ed pozici v t\u00fdmov\u00e9m sprintu, kter\u00fd se jezd\u00ed na t\u0159i kola, najede ve Fiorenzuola 450 metr\u016f nav\u00edc. \u201eJe to nezvykl\u00e9, na betonu nikdy nejezd\u00edme, d\u0159evo je jin\u00e9. Nejdel\u0161\u00ed discipl\u00ednu b\u011b\u017en\u011b jezd\u00edme kilometr, kter\u00fd je o dv\u011b st\u011b metr\u016f krat\u0161\u00ed,\u201c poznamenal \u0160\u0165astn\u00fd.<\/p>\n\n\n\n<p>Prvn\u00ed velkou cyklistickou medaili z\u00edskal rozj\u00ed\u017ed\u011b\u010d Mat\u011bj Bohusl\u00e1vek, kter\u00fd k dr\u00e1ze zam\u00ed\u0159il p\u0159ed p\u016fl rokem z bikrosu. \u201eCo na to \u0159\u00edct, je to dobr\u00fd pocit. Mohlo b\u00fdt zlato, v\u0161echny t\u0159i n\u00e1s to \u0161tve. Chyb\u011bl kousek, ale prost\u011b to bylo o gumu. Jedeme d\u00e1l a budeme hlavn\u011b dob\u0159e vzpom\u00ednat,\u201c usm\u00e1l se po z\u00e1vod\u011b pra\u017esk\u00fd rod\u00e1k Bohusl\u00e1vek.<\/p>\n\n\n\n<p>\u010cesk\u00e1 trojice z\u00edskala na mistrovstv\u00ed Evropy do 23 let medaili v t\u00fdmov\u00e9m sprintu naposledy v Montichiari p\u0159ed \u010dty\u0159mi lety, kde skon\u010dili druz\u00ed Ji\u0159\u00ed Fanta, Ji\u0159\u00ed Jano\u0161ek a David Sojka. \u201eTe\u010f kluci p\u0159evedli ur\u010dit\u011b lep\u0161\u00ed v\u00fdsledek ne\u017e v Montichiari. Taky to byl skv\u011bl\u00fd \u00fasp\u011bch na d\u0159ev\u011b, ale na prvn\u00edho jsme m\u011bli z\u00e1sek u\u017e v kvalifikaci. Tady jsme cel\u00fd z\u00e1vod jeli vyrovnan\u011b,\u201c doplnil Vojta.<\/p>\n\n\n\n<p>\u010ctvrtou p\u0159\u00ed\u010dky p\u0159idaly tak\u00e9 \u017eeny do 23 let, kter\u00e9 jely t\u00fdmov\u00fd sprint ve slo\u017een\u00ed Veronika Barton\u00edkov\u00e1, S\u00e1ra Ka\u0148kovsk\u00e1 a Veronika Jaborn\u00edkov\u00e1. T\u011bsn\u011b pod stupni v\u00edt\u011bz\u016f skon\u010dil i p\u0159es p\u00e1d junior \u0160t\u011bp\u00e1n \u0160irok\u00fd z brn\u011bnsk\u00e9ho Favoritu ve vylu\u010dovac\u00edm z\u00e1vod\u011b. Stejn\u011b dopadlo tak\u00e9 o den d\u0159\u00edv ve scratchi. Petra \u0160ev\u010d\u00edkov\u00e1 kon\u010dila mezi z\u00e1vodnicemi do 23 let \u0161est\u00e1 ve scratchi.<\/p>\n\n\n\n<p>V\u00fdsledky:<\/p>\n\n\n\n<p>Junio\u0159i:<\/p>\n\n\n\n<p>Vylu\u010dovac\u00ed z\u00e1vod:<\/p>\n\n\n\n<p>1. Hansen (D\u00e1n.), 2. Wozniak (Pol.), 3. Weiss (\u0160v\u00fdc.), 4. \u0160irok\u00fd (\u010cR).<\/p>\n\n\n\n<p>Mu\u017ei U23:<\/p>\n\n\n\n<p>T\u00fdmov\u00fd sprint:<\/p>\n\n\n\n<p>Fin\u00e1le: Rusko (Komkov, N\u011bst\u011brov, Rostov) 1:12,632 &#8211; \u010cR (Bohusl\u00e1vek, \u010cechman, \u0160\u0165astn\u00fd) 1:12,748, 3. N\u011bmecko (Hohne, Jager, Schorter) 113,164.<\/p>\n\n\n\n<p>\u017deny U23:<\/p>\n\n\n\n<p>Scratch:<\/p>\n\n\n\n<p>1. Fidanzaov\u00e1 (It.), 2. van der Duinov\u00e1 (Niz.), 3. Martinov\u00e1 (Port.), &#8230;6. \u0160ev\u010d\u00edkov\u00e1 (\u010cR).<\/p>\n\n\n\n<p>T\u00fdmov\u00fd sprint:<\/p>\n\n\n\n<p>Fin\u00e1le: N\u011bmecko (Friedrichov\u00e1, Graboschov\u00e1, Propsterov\u00e1) 1:20,726 &#8211; Rusko (Anadrejevov\u00e1, Gri\u0161inov\u00e1, Ty\u0161enkov\u00e1) 1:20,866, o 3. m\u00edsto: Polsko (Petriov\u00e1, Semerakov\u00e1, Sibiakov\u00e1) 1:21,026 &#8211; \u010cR (Jaborn\u00edkov\u00e1, Ka\u0148kovsk\u00e1, Barton\u00edkov\u00e1) 1:26,522.<\/p>\n\n\n\n<p>FOTO Martin Straka<\/p>\n\n\n\n<figure class=\"wp-block-image size-large\"><img loading=\"lazy\" decoding=\"async\" width=\"1024\" height=\"713\" src=\"https:\/\/www.czechcyclingfederation.com\/wp-content\/uploads\/2020\/10\/MAS_0461-1024x713.jpg\" alt=\"\" class=\"wp-image-2601\" srcset=\"https:\/\/www.czechcyclingfederation.com\/wp-content\/uploads\/2020\/10\/MAS_0461-1024x713.jpg 1024w, https:\/\/www.czechcyclingfederation.com\/wp-content\/uploads\/2020\/10\/MAS_0461-287x200.jpg 287w, https:\/\/www.czechcyclingfederation.com\/wp-content\/uploads\/2020\/10\/MAS_0461-768x535.jpg 768w, https:\/\/www.czechcyclingfederation.com\/wp-content\/uploads\/2020\/10\/MAS_0461-1536x1070.jpg 1536w, https:\/\/www.czechcyclingfederation.com\/wp-content\/uploads\/2020\/10\/MAS_0461-1320x919.jpg 1320w, https:\/\/www.czechcyclingfederation.com\/wp-content\/uploads\/2020\/10\/MAS_0461.jpg 2020w\" sizes=\"auto, (max-width: 1024px) 100vw, 1024px\" \/><\/figure>\n\n\n\n<figure class=\"wp-block-image size-large\"><img loading=\"lazy\" decoding=\"async\" width=\"1024\" height=\"736\" src=\"https:\/\/www.czechcyclingfederation.com\/wp-content\/uploads\/2020\/10\/MAS_0337-1024x736.jpg\" alt=\"\" class=\"wp-image-2602\" srcset=\"https:\/\/www.czechcyclingfederation.com\/wp-content\/uploads\/2020\/10\/MAS_0337-1024x736.jpg 1024w, https:\/\/www.czechcyclingfederation.com\/wp-content\/uploads\/2020\/10\/MAS_0337-278x200.jpg 278w, https:\/\/www.czechcyclingfederation.com\/wp-content\/uploads\/2020\/10\/MAS_0337-768x552.jpg 768w, https:\/\/www.czechcyclingfederation.com\/wp-content\/uploads\/2020\/10\/MAS_0337-1536x1103.jpg 1536w, https:\/\/www.czechcyclingfederation.com\/wp-content\/uploads\/2020\/10\/MAS_0337-1320x948.jpg 1320w, https:\/\/www.czechcyclingfederation.com\/wp-content\/uploads\/2020\/10\/MAS_0337.jpg 2020w\" sizes=\"auto, (max-width: 1024px) 100vw, 1024px\" \/><\/figure>\n\n\n\n<figure class=\"wp-block-image size-large\"><img loading=\"lazy\" decoding=\"async\" width=\"1024\" height=\"786\" src=\"https:\/\/www.czechcyclingfederation.com\/wp-content\/uploads\/2020\/10\/MAS_0213-1024x786.jpg\" alt=\"\" class=\"wp-image-2603\" srcset=\"https:\/\/www.czechcyclingfederation.com\/wp-content\/uploads\/2020\/10\/MAS_0213-1024x786.jpg 1024w, https:\/\/www.czechcyclingfederation.com\/wp-content\/uploads\/2020\/10\/MAS_0213-260x200.jpg 260w, https:\/\/www.czechcyclingfederation.com\/wp-content\/uploads\/2020\/10\/MAS_0213-768x590.jpg 768w, https:\/\/www.czechcyclingfederation.com\/wp-content\/uploads\/2020\/10\/MAS_0213-1536x1179.jpg 1536w, https:\/\/www.czechcyclingfederation.com\/wp-content\/uploads\/2020\/10\/MAS_0213-1320x1014.jpg 1320w, https:\/\/www.czechcyclingfederation.com\/wp-content\/uploads\/2020\/10\/MAS_0213.jpg 2020w\" sizes=\"auto, (max-width: 1024px) 100vw, 1024px\" \/><\/figure>\n","protected":false},"excerpt":{"rendered":"<p>M\u011bli zlato t\u00e9m\u011b\u0159 na dosah. Nakonec trio Mat\u011bj Bohusl\u00e1vek, Martin \u010cechman a Jakub \u0160\u0165astn\u00fd vybojovalo na evropsk\u00e9m \u0161ampion\u00e1tu v&nbsp;kategorie U23 st\u0159\u00edbro v&nbsp;t\u00fdmov\u00e9m sprintu.&nbsp; Po nejlep\u0161\u00edm \u010dase v&nbsp;kvalifikaci ve fin\u00e1le proti Rusku \u010ce\u0161i dok\u00e1zali o vte\u0159inu zrychlit, ale i tak se radoval soupe\u0159. O desetinu vte\u0159iny byli&nbsp; Daniil Komkov, Dmitrij Nest\u011brov a Pavel Rostov rychlej\u0161\u00ed. &nbsp;\u201eVzhledem [&hellip;]<\/p>\n","protected":false},"author":8,"featured_media":2600,"comment_status":"closed","ping_status":"open","sticky":false,"template":"","format":"standard","meta":{"footnotes":""},"categories":[54,2,103],"tags":[9],"class_list":["post-2599","post","type-post","status-publish","format-standard","has-post-thumbnail","hentry","category-draha","category-novinky","category-reprezentace","tag-draha"],"_links":{"self":[{"href":"https:\/\/www.czechcyclingfederation.com\/en\/wp-json\/wp\/v2\/posts\/2599","targetHints":{"allow":["GET"]}}],"collection":[{"href":"https:\/\/www.czechcyclingfederation.com\/en\/wp-json\/wp\/v2\/posts"}],"about":[{"href":"https:\/\/www.czechcyclingfederation.com\/en\/wp-json\/wp\/v2\/types\/post"}],"author":[{"embeddable":true,"href":"https:\/\/www.czechcyclingfederation.com\/en\/wp-json\/wp\/v2\/users\/8"}],"replies":[{"embeddable":true,"href":"https:\/\/www.czechcyclingfederation.com\/en\/wp-json\/wp\/v2\/comments?post=2599"}],"version-history":[{"count":4,"href":"https:\/\/www.czechcyclingfederation.com\/en\/wp-json\/wp\/v2\/posts\/2599\/revisions"}],"predecessor-version":[{"id":2661,"href":"https:\/\/www.czechcyclingfederation.com\/en\/wp-json\/wp\/v2\/posts\/2599\/revisions\/2661"}],"wp:featuredmedia":[{"embeddable":true,"href":"https:\/\/www.czechcyclingfederation.com\/en\/wp-json\/wp\/v2\/media\/2600"}],"wp:attachment":[{"href":"https:\/\/www.czechcyclingfederation.com\/en\/wp-json\/wp\/v2\/media?parent=2599"}],"wp:term":[{"taxonomy":"category","embeddable":true,"href":"https:\/\/www.czechcyclingfederation.com\/en\/wp-json\/wp\/v2\/categories?post=2599"},{"taxonomy":"post_tag","embeddable":true,"href":"https:\/\/www.czechcyclingfederation.com\/en\/wp-json\/wp\/v2\/tags?post=2599"}],"curies":[{"name":"wp","href":"https:\/\/api.w.org\/{rel}","templated":true}]}}