{"id":25967,"date":"2023-07-02T16:11:10","date_gmt":"2023-07-02T14:11:10","guid":{"rendered":"https:\/\/www.czechcyclingfederation.com\/?p=25967"},"modified":"2023-07-02T19:59:39","modified_gmt":"2023-07-02T17:59:39","slug":"veronika-jabornikova-vyhrala-na-mcr-i-keirin","status":"publish","type":"post","link":"https:\/\/www.czechcyclingfederation.com\/en\/veronika-jabornikova-vyhrala-na-mcr-i-keirin\/","title":{"rendered":"Veronika Jaborn\u00edkov\u00e1 vyhr\u00e1la na M\u010cR i keirin"},"content":{"rendered":"\n<p>Po zisku zlat\u00fdch medail\u00ed ve sprintu, z\u00e1vodu na 500 s&nbsp;pevn\u00fdm startem a t\u00fdmov\u00e9m sprintu zavr\u0161ila Veronika Jaborn\u00edkov\u00e1 z&nbsp;Dukly Brno sv\u00e9 v\u00edt\u011bzn\u00e9 ta\u017een\u00ed na dom\u00e1c\u00edm \u0161ampion\u00e1tu ve sprintersk\u00fdch discipl\u00edn\u00e1ch na ov\u00e1lu v&nbsp;Brn\u011b i v&nbsp;keirinu. Se \u010dty\u0159mi zlat\u00fdmi medailemi se stala nej\u00fasp\u011b\u0161n\u011bj\u0161\u00ed z\u00e1vodnic\u00ed \u0161ampion\u00e1tu.<\/p>\n\n\n\n<p>Jen o jedno zlato m\u00e9n\u011b vybojoval jej\u00ed t\u00fdmov\u00fd kolega Mat\u011bj Bohusl\u00e1vek, kter\u00fd za sebou dnes v&nbsp;keirinu nechal Martin \u010cechman a Dominika Topinku (oba Dukla Brno), v&nbsp;\u017een\u00e1ch \u0161ly na stupn\u011b v\u00edt\u011bzek rovn\u011b\u017e z\u00e1vodnice brn\u011bnsk\u00e9 Dukly Anna Jaborn\u00edkov\u00e1 a Kate\u0159ina S\u00e1ra Peterkov\u00e1.<\/p>\n\n\n\n<p>Mezi juniory slavili nejcenn\u011bj\u0161\u00ed medaili Jarom\u00edr Kohout (Roman Kreuziger Cycling Academy) a S\u00e1ra Hr\u016fzov\u00e1 (Sportcomplex B\u0159eclav).<\/p>\n\n\n\n<p>V\u00fdsledky:<\/p>\n\n\n\n<p>Keirin:<\/p>\n\n\n\n<p>Juniorky:<\/p>\n\n\n\n<p>1. Hr\u016fzov\u00e1, 2. M\u00ed\u010dkov\u00e1 (ob\u011b Sportcomplex B\u0159eclav), 3. Richterov\u00e1 (TUFO Pardus Prost\u011bjov).<\/p>\n\n\n\n<p>Junio\u0159i:<\/p>\n\n\n\n<p>1. Kohout, 2. Rob. Kobr, 3. Rich. Kobr (v\u0161ichni Roman Kreuziger Cycling Academy), 4. \u0158eho\u0159 (SK Pet\u0159\u00edn Plze\u0148), 5. Po\u0159\u00edzek (Rexonix KOVO Praha). 6. Hlad\u00edk (Roman Kreuziger Cycling Academy).<\/p>\n\n\n\n<p>Mu\u017ei:<\/p>\n\n\n\n<p>1. Bohusl\u00e1vek, 2. \u010cechman, 3. Topinka, 4. \u0160\u0165astn\u00fd, 5. Mal\u00e1\u0161ek, 6. Hytych (v\u0161ichni Dukla Brno).<\/p>\n\n\n\n<p>\u017deny:<\/p>\n\n\n\n<p>1. V. Jaborn\u00edkov\u00e1, 2. A. Jaborn\u00edkov\u00e1, 3. Peterkov\u00e1, 4. Mik\u0161an\u00edkov\u00e1, 5. Poulov\u00e1 (v\u0161echny Dukla Brno), 6. Krochmalov\u00e1 (Sportcomplex B\u0159elav).<\/p>\n\n\n\n<p>Veronika Jaborn\u00edkov\u00e1 vyhr\u00e1la na M\u010cR i keirin<\/p>\n\n\n\n<p>Po zisku zlat\u00fdch medail\u00ed ve sprintu, z\u00e1vodu na 500 s&nbsp;pevn\u00fdm startem a t\u00fdmov\u00e9m sprintu zavr\u0161ila Veronika Jaborn\u00edkov\u00e1 z&nbsp;Dukly Brno sv\u00e9 v\u00edt\u011bzn\u00e9 ta\u017een\u00ed na dom\u00e1c\u00edm \u0161ampion\u00e1tu ve sprintersk\u00fdch discipl\u00edn\u00e1ch na ov\u00e1lu v&nbsp;Brn\u011b i v&nbsp;keirinu. Se \u010dty\u0159mi zlat\u00fdmi medailemi se stala nej\u00fasp\u011b\u0161n\u011bj\u0161\u00ed z\u00e1vodnic\u00ed \u0161ampion\u00e1tu.<\/p>\n\n\n\n<p>Jen o jedno zlato m\u00e9n\u011b vybojoval jej\u00ed t\u00fdmov\u00fd kolega Mat\u011bj Bohusl\u00e1vek, kter\u00fd za sebou dnes v&nbsp;keirinu nechal Martin \u010cechman a Dominika Topinku (oba Dukla Brno), v&nbsp;\u017een\u00e1ch \u0161ly na stupn\u011b v\u00edt\u011bzek rovn\u011b\u017e z\u00e1vodnice brn\u011bnsk\u00e9 Dukly Anna Jaborn\u00edkov\u00e1 a Kate\u0159ina S\u00e1ra Peterkov\u00e1.<\/p>\n\n\n\n<p>Mezi juniory slavili nejcenn\u011bj\u0161\u00ed medaili Jarom\u00edr Kohout (Roman Kreuziger Cycling Academy) a S\u00e1ra Hr\u016fzov\u00e1 (Sportcomplex B\u0159eclav).<\/p>\n\n\n\n<p>V\u00fdsledky:<\/p>\n\n\n\n<p>Keirin:<\/p>\n\n\n\n<p>Juniorky:<\/p>\n\n\n\n<p>1. Hr\u016fzov\u00e1, 2. M\u00ed\u010dkov\u00e1 (ob\u011b Sportcomplex B\u0159eclav), 3. Richterov\u00e1 (TUFO Pardus Prost\u011bjov).<\/p>\n\n\n\n<p>Junio\u0159i:<\/p>\n\n\n\n<p>1. Kohout, 2. Rob. Kobr, 3. Rich. Kobr (v\u0161ichni Roman Kreuziger Cycling Academy), 4. \u0158eho\u0159 (SK Pet\u0159\u00edn Plze\u0148), 5. Po\u0159\u00edzek (Rexonix KOVO Praha). 6. Hlad\u00edk (Roman Kreuziger Cycling Academy).<\/p>\n\n\n\n<p>Mu\u017ei:<\/p>\n\n\n\n<p>1. Bohusl\u00e1vek, 2. \u010cechman, 3. Topinka, 4. \u0160\u0165astn\u00fd, 5. Mal\u00e1\u0161ek, 6. Hytych (v\u0161ichni Dukla Brno).<\/p>\n\n\n\n<p>\u017deny:<\/p>\n\n\n\n<p>1. V. Jaborn\u00edkov\u00e1, 2. A. Jaborn\u00edkov\u00e1, 3. Peterkov\u00e1, 4. Mik\u0161an\u00edkov\u00e1, 5. Poulov\u00e1 (v\u0161echny Dukla Brno), 6. Krochmalov\u00e1 (Sportcomplex B\u0159elav).<\/p>\n\n\n\n<figure class=\"wp-block-image size-large\"><img loading=\"lazy\" decoding=\"async\" width=\"836\" height=\"1024\" src=\"https:\/\/www.czechcyclingfederation.com\/wp-content\/uploads\/2023\/07\/keirin-836x1024.jpg\" alt=\"\" class=\"wp-image-25968\" srcset=\"https:\/\/www.czechcyclingfederation.com\/wp-content\/uploads\/2023\/07\/keirin-836x1024.jpg 836w, https:\/\/www.czechcyclingfederation.com\/wp-content\/uploads\/2023\/07\/keirin-163x200.jpg 163w, https:\/\/www.czechcyclingfederation.com\/wp-content\/uploads\/2023\/07\/keirin-768x941.jpg 768w, https:\/\/www.czechcyclingfederation.com\/wp-content\/uploads\/2023\/07\/keirin.jpg 908w\" sizes=\"auto, (max-width: 836px) 100vw, 836px\" \/><\/figure>\n\n\n\n<figure class=\"wp-block-image size-full\"><img loading=\"lazy\" decoding=\"async\" width=\"908\" height=\"939\" src=\"https:\/\/www.czechcyclingfederation.com\/wp-content\/uploads\/2023\/07\/keirin-2.jpg\" alt=\"\" class=\"wp-image-25970\" srcset=\"https:\/\/www.czechcyclingfederation.com\/wp-content\/uploads\/2023\/07\/keirin-2.jpg 908w, https:\/\/www.czechcyclingfederation.com\/wp-content\/uploads\/2023\/07\/keirin-2-193x200.jpg 193w, https:\/\/www.czechcyclingfederation.com\/wp-content\/uploads\/2023\/07\/keirin-2-768x794.jpg 768w\" sizes=\"auto, (max-width: 908px) 100vw, 908px\" \/><\/figure>\n","protected":false},"excerpt":{"rendered":"<p>Po zisku zlat\u00fdch medail\u00ed ve sprintu, z\u00e1vodu na 500 s&nbsp;pevn\u00fdm startem a t\u00fdmov\u00e9m sprintu zavr\u0161ila Veronika Jaborn\u00edkov\u00e1 z&nbsp;Dukly Brno sv\u00e9 v\u00edt\u011bzn\u00e9 ta\u017een\u00ed na dom\u00e1c\u00edm \u0161ampion\u00e1tu ve sprintersk\u00fdch discipl\u00edn\u00e1ch na ov\u00e1lu v&nbsp;Brn\u011b i v&nbsp;keirinu. Se \u010dty\u0159mi zlat\u00fdmi medailemi se stala nej\u00fasp\u011b\u0161n\u011bj\u0161\u00ed z\u00e1vodnic\u00ed \u0161ampion\u00e1tu. Jen o jedno zlato m\u00e9n\u011b vybojoval jej\u00ed t\u00fdmov\u00fd kolega Mat\u011bj Bohusl\u00e1vek, kter\u00fd za [&hellip;]<\/p>\n","protected":false},"author":8,"featured_media":25965,"comment_status":"closed","ping_status":"open","sticky":false,"template":"","format":"standard","meta":{"footnotes":""},"categories":[54,2],"tags":[9],"class_list":["post-25967","post","type-post","status-publish","format-standard","has-post-thumbnail","hentry","category-draha","category-novinky","tag-draha"],"_links":{"self":[{"href":"https:\/\/www.czechcyclingfederation.com\/en\/wp-json\/wp\/v2\/posts\/25967","targetHints":{"allow":["GET"]}}],"collection":[{"href":"https:\/\/www.czechcyclingfederation.com\/en\/wp-json\/wp\/v2\/posts"}],"about":[{"href":"https:\/\/www.czechcyclingfederation.com\/en\/wp-json\/wp\/v2\/types\/post"}],"author":[{"embeddable":true,"href":"https:\/\/www.czechcyclingfederation.com\/en\/wp-json\/wp\/v2\/users\/8"}],"replies":[{"embeddable":true,"href":"https:\/\/www.czechcyclingfederation.com\/en\/wp-json\/wp\/v2\/comments?post=25967"}],"version-history":[{"count":1,"href":"https:\/\/www.czechcyclingfederation.com\/en\/wp-json\/wp\/v2\/posts\/25967\/revisions"}],"predecessor-version":[{"id":25972,"href":"https:\/\/www.czechcyclingfederation.com\/en\/wp-json\/wp\/v2\/posts\/25967\/revisions\/25972"}],"wp:featuredmedia":[{"embeddable":true,"href":"https:\/\/www.czechcyclingfederation.com\/en\/wp-json\/wp\/v2\/media\/25965"}],"wp:attachment":[{"href":"https:\/\/www.czechcyclingfederation.com\/en\/wp-json\/wp\/v2\/media?parent=25967"}],"wp:term":[{"taxonomy":"category","embeddable":true,"href":"https:\/\/www.czechcyclingfederation.com\/en\/wp-json\/wp\/v2\/categories?post=25967"},{"taxonomy":"post_tag","embeddable":true,"href":"https:\/\/www.czechcyclingfederation.com\/en\/wp-json\/wp\/v2\/tags?post=25967"}],"curies":[{"name":"wp","href":"https:\/\/api.w.org\/{rel}","templated":true}]}}