{"id":25957,"date":"2023-07-02T11:27:12","date_gmt":"2023-07-02T09:27:12","guid":{"rendered":"https:\/\/www.czechcyclingfederation.com\/?p=25957"},"modified":"2023-07-02T11:27:15","modified_gmt":"2023-07-02T09:27:15","slug":"jezdci-att-investments-uspeli-v-polsku","status":"publish","type":"post","link":"https:\/\/www.czechcyclingfederation.com\/en\/jezdci-att-investments-uspeli-v-polsku\/","title":{"rendered":"Jezdci ATT Investments usp\u011bli v Polsku"},"content":{"rendered":"\n<p><\/p>\n\n\n\n<p>Velmi dob\u0159e si vedli jezdci \u010desk\u00e9 st\u00e1je ATT Investments v etapov\u00e9m z\u00e1vodu Course Cycliste de Solidarnosc et des Champions Olympiques (2.2) v Polsku. V z\u00e1v\u011bre\u010dn\u00e9 etap\u011b sice cyklist\u00e9&nbsp; p\u0159i\u0161li o prvenstv\u00ed v sout\u011b\u017ei t\u00fdm\u016f a Mihkel R\u00e4im vypadl z prvn\u00ed des\u00edtky, ale v n\u00ed estonsk\u00e9ho z\u00e1vodn\u00edka nahradil Mat\u00fa\u0161 \u0160to\u010dek. Tom\u00e1\u0161 Jakoubek udr\u017eel jak b\u00edl\u00fd, tak zelen\u00fd dres.<\/p>\n\n\n\n<p>Za vyhranou etapu Jakoubka, dal\u0161\u00ed um\u00edst\u011bn\u00ed na p\u00f3diu a v top deset v kone\u010dn\u00e9 klasifikaci si p\u0159ipsali jezdci \u010desk\u00e9ho t\u00fdmu do sv\u00e9 leto\u0161n\u00ed bohat\u00e9 sb\u00edrky dal\u0161\u00edch 11 bod\u016f. V jednotliv\u00fdch etap\u00e1ch se jezdci ATT Investments ve dvou p\u0159\u00edpadech postavili na stupn\u011b v\u00edt\u011bz\u016f. Mihkel R\u00e4im se v \u00favodn\u00ed etap\u011b prosadil na 3. m\u00edsto, Tom\u00e1\u0161 Jakoubek t\u0159et\u00ed etapu vyhr\u00e1l a Pavel Kelemen p\u0159idal je\u0161t\u011b 6. a 7. m\u00edsto.<\/p>\n\n\n\n<figure class=\"wp-block-image size-full\"><img loading=\"lazy\" decoding=\"async\" width=\"800\" height=\"533\" src=\"http:\/\/www.czechcyclingfederation.com\/wp-content\/uploads\/2023\/07\/stahnout.jpeg\" alt=\"\" class=\"wp-image-25960\" srcset=\"https:\/\/www.czechcyclingfederation.com\/wp-content\/uploads\/2023\/07\/stahnout.jpeg 800w, https:\/\/www.czechcyclingfederation.com\/wp-content\/uploads\/2023\/07\/stahnout-300x200.jpeg 300w, https:\/\/www.czechcyclingfederation.com\/wp-content\/uploads\/2023\/07\/stahnout-768x512.jpeg 768w\" sizes=\"auto, (max-width: 800px) 100vw, 800px\" \/><\/figure>\n","protected":false},"excerpt":{"rendered":"<p>Velmi dob\u0159e si vedli jezdci \u010desk\u00e9 st\u00e1je ATT Investments v etapov\u00e9m z\u00e1vodu Course Cycliste de Solidarnosc et des Champions Olympiques (2.2) v Polsku. V z\u00e1v\u011bre\u010dn\u00e9 etap\u011b sice cyklist\u00e9&nbsp; p\u0159i\u0161li o prvenstv\u00ed v sout\u011b\u017ei t\u00fdm\u016f a Mihkel R\u00e4im vypadl z prvn\u00ed des\u00edtky, ale v n\u00ed estonsk\u00e9ho z\u00e1vodn\u00edka nahradil Mat\u00fa\u0161 \u0160to\u010dek. Tom\u00e1\u0161 Jakoubek udr\u017eel jak b\u00edl\u00fd, tak [&hellip;]<\/p>\n","protected":false},"author":8,"featured_media":25958,"comment_status":"closed","ping_status":"open","sticky":false,"template":"","format":"standard","meta":{"footnotes":""},"categories":[2,18],"tags":[11],"class_list":["post-25957","post","type-post","status-publish","format-standard","has-post-thumbnail","hentry","category-novinky","category-silnice","tag-silnice"],"_links":{"self":[{"href":"https:\/\/www.czechcyclingfederation.com\/en\/wp-json\/wp\/v2\/posts\/25957","targetHints":{"allow":["GET"]}}],"collection":[{"href":"https:\/\/www.czechcyclingfederation.com\/en\/wp-json\/wp\/v2\/posts"}],"about":[{"href":"https:\/\/www.czechcyclingfederation.com\/en\/wp-json\/wp\/v2\/types\/post"}],"author":[{"embeddable":true,"href":"https:\/\/www.czechcyclingfederation.com\/en\/wp-json\/wp\/v2\/users\/8"}],"replies":[{"embeddable":true,"href":"https:\/\/www.czechcyclingfederation.com\/en\/wp-json\/wp\/v2\/comments?post=25957"}],"version-history":[{"count":1,"href":"https:\/\/www.czechcyclingfederation.com\/en\/wp-json\/wp\/v2\/posts\/25957\/revisions"}],"predecessor-version":[{"id":25962,"href":"https:\/\/www.czechcyclingfederation.com\/en\/wp-json\/wp\/v2\/posts\/25957\/revisions\/25962"}],"wp:featuredmedia":[{"embeddable":true,"href":"https:\/\/www.czechcyclingfederation.com\/en\/wp-json\/wp\/v2\/media\/25958"}],"wp:attachment":[{"href":"https:\/\/www.czechcyclingfederation.com\/en\/wp-json\/wp\/v2\/media?parent=25957"}],"wp:term":[{"taxonomy":"category","embeddable":true,"href":"https:\/\/www.czechcyclingfederation.com\/en\/wp-json\/wp\/v2\/categories?post=25957"},{"taxonomy":"post_tag","embeddable":true,"href":"https:\/\/www.czechcyclingfederation.com\/en\/wp-json\/wp\/v2\/tags?post=25957"}],"curies":[{"name":"wp","href":"https:\/\/api.w.org\/{rel}","templated":true}]}}