{"id":2594,"date":"2020-10-09T19:35:25","date_gmt":"2020-10-09T17:35:25","guid":{"rendered":"http:\/\/www.czechcyclingfederation.com\/?p=2594"},"modified":"2020-10-13T23:07:51","modified_gmt":"2020-10-13T21:07:51","slug":"toi-toi-cuo-se-v-hlinsku-se-17-rijna-se-nepojede","status":"publish","type":"post","link":"https:\/\/www.czechcyclingfederation.com\/en\/toi-toi-cuo-se-v-hlinsku-se-17-rijna-se-nepojede\/","title":{"rendered":"Toi Toi Cup se v Hlinsku se 17. \u0159\u00edjna se nepojede"},"content":{"rendered":"\n<p>Sou\u010dasn\u00e1 vl\u00e1dn\u00ed na\u0159\u00edzen\u00ed spojen\u00e1 s kronavirovou pandemi\u00ed poznamenala i program Toi Toi Cupu. T\u0159et\u00ed z\u00e1vod seri\u00e1lu, kter\u00fd se m\u011bl jet p\u016fvodn\u011b 17. \u0159\u00edjna v Hlinsku, se v tomto term\u00ednu z pochopiteln\u00fdch d\u016fvod\u016f neuskute\u010dn\u00ed. &#8220;Je n\u00e1m to jako po\u0159adatel\u016fm l\u00edto, ale jin\u00e1 mo\u017enost nebyla. Nyn\u00ed se b\u011bhem t\u00fddne rozhodne, zda z\u00e1vod zru\u0161\u00edm zcela \u010di jej p\u0159esuneme na pozd\u011bj\u0161\u00ed term\u00edn,&#8221; \u0159ekl \u0159editel hlineck\u00e9ho podniku Leo\u0161 Chvojka.<\/p>\n\n\n\n<p>Organiz\u00e1to\u0159i m\u011bli v\u0161e p\u0159ipraven\u00e9. Po dohod\u011b s jedn\u00edm nov\u00fdm majitelem mohli vr\u00e1tit tra\u0165 zp\u011bt na louku a z\u00e1vod by t\u00edm byl zaj\u00edmav\u011bj\u0161\u00ed.<\/p>\n\n\n\n<p>&#8220;Nyn\u00ed \u0159e\u0161\u00edme s ostatn\u00edmi sporty v are\u00e1lu mo\u017enost p\u0159esunut\u00ed z\u00e1vodu. Cyklokrosov\u00e1 obec n\u00e1s \u017e\u00e1d\u00e1, abychom to ud\u011blali, ale zat\u00edm nejsme schopni \u0159\u00edci, zda to zvl\u00e1dneme. Mysl\u00edm, \u017ee do konce p\u0159\u00ed\u0161t\u00edho t\u00fddne d\u00e1me definitivn\u00ed rozhodnut\u00ed. V listopadu m\u016f\u017ee b\u00fdt u n\u00e1s i sn\u00edh, ale s t\u00edm bychom si jako po\u0159adatel\u00e9 poradili. Je ale ot\u00e1zka, pokud se situace nezlep\u0161\u00ed a vl\u00e1da p\u0159istoup\u00ed k tvrd\u0161\u00edm krok\u016fm, tak bude rozhodnuto asi definitivn\u011b,&#8221; dodal Chvojka.<\/p>\n\n\n\n<p><\/p>\n\n\n\n<figure class=\"wp-block-image size-large\"><img loading=\"lazy\" decoding=\"async\" width=\"1024\" height=\"935\" src=\"https:\/\/www.czechcyclingfederation.com\/wp-content\/uploads\/2020\/10\/mapa-20-bez-1024x935.jpg\" alt=\"\" class=\"wp-image-2595\" srcset=\"https:\/\/www.czechcyclingfederation.com\/wp-content\/uploads\/2020\/10\/mapa-20-bez-1024x935.jpg 1024w, https:\/\/www.czechcyclingfederation.com\/wp-content\/uploads\/2020\/10\/mapa-20-bez-219x200.jpg 219w, https:\/\/www.czechcyclingfederation.com\/wp-content\/uploads\/2020\/10\/mapa-20-bez-768x701.jpg 768w, https:\/\/www.czechcyclingfederation.com\/wp-content\/uploads\/2020\/10\/mapa-20-bez-1536x1403.jpg 1536w, https:\/\/www.czechcyclingfederation.com\/wp-content\/uploads\/2020\/10\/mapa-20-bez-2048x1870.jpg 2048w, https:\/\/www.czechcyclingfederation.com\/wp-content\/uploads\/2020\/10\/mapa-20-bez-1320x1205.jpg 1320w\" sizes=\"auto, (max-width: 1024px) 100vw, 1024px\" \/><\/figure>\n","protected":false},"excerpt":{"rendered":"<p>Sou\u010dasn\u00e1 vl\u00e1dn\u00ed na\u0159\u00edzen\u00ed spojen\u00e1 s kronavirovou pandemi\u00ed poznamenala i program Toi Toi Cupu. T\u0159et\u00ed z\u00e1vod seri\u00e1lu, kter\u00fd se m\u011bl jet p\u016fvodn\u011b 17. \u0159\u00edjna v Hlinsku, se v tomto term\u00ednu z pochopiteln\u00fdch d\u016fvod\u016f neuskute\u010dn\u00ed. &#8220;Je n\u00e1m to jako po\u0159adatel\u016fm l\u00edto, ale jin\u00e1 mo\u017enost nebyla. Nyn\u00ed se b\u011bhem t\u00fddne rozhodne, zda z\u00e1vod zru\u0161\u00edm zcela \u010di jej p\u0159esuneme [&hellip;]<\/p>\n","protected":false},"author":8,"featured_media":2509,"comment_status":"closed","ping_status":"open","sticky":false,"template":"","format":"standard","meta":{"footnotes":""},"categories":[58,2],"tags":[59],"class_list":["post-2594","post","type-post","status-publish","format-standard","has-post-thumbnail","hentry","category-cyklokros","category-novinky","tag-cyklokros"],"_links":{"self":[{"href":"https:\/\/www.czechcyclingfederation.com\/en\/wp-json\/wp\/v2\/posts\/2594","targetHints":{"allow":["GET"]}}],"collection":[{"href":"https:\/\/www.czechcyclingfederation.com\/en\/wp-json\/wp\/v2\/posts"}],"about":[{"href":"https:\/\/www.czechcyclingfederation.com\/en\/wp-json\/wp\/v2\/types\/post"}],"author":[{"embeddable":true,"href":"https:\/\/www.czechcyclingfederation.com\/en\/wp-json\/wp\/v2\/users\/8"}],"replies":[{"embeddable":true,"href":"https:\/\/www.czechcyclingfederation.com\/en\/wp-json\/wp\/v2\/comments?post=2594"}],"version-history":[{"count":2,"href":"https:\/\/www.czechcyclingfederation.com\/en\/wp-json\/wp\/v2\/posts\/2594\/revisions"}],"predecessor-version":[{"id":2597,"href":"https:\/\/www.czechcyclingfederation.com\/en\/wp-json\/wp\/v2\/posts\/2594\/revisions\/2597"}],"wp:featuredmedia":[{"embeddable":true,"href":"https:\/\/www.czechcyclingfederation.com\/en\/wp-json\/wp\/v2\/media\/2509"}],"wp:attachment":[{"href":"https:\/\/www.czechcyclingfederation.com\/en\/wp-json\/wp\/v2\/media?parent=2594"}],"wp:term":[{"taxonomy":"category","embeddable":true,"href":"https:\/\/www.czechcyclingfederation.com\/en\/wp-json\/wp\/v2\/categories?post=2594"},{"taxonomy":"post_tag","embeddable":true,"href":"https:\/\/www.czechcyclingfederation.com\/en\/wp-json\/wp\/v2\/tags?post=2594"}],"curies":[{"name":"wp","href":"https:\/\/api.w.org\/{rel}","templated":true}]}}