{"id":25923,"date":"2023-07-04T06:00:00","date_gmt":"2023-07-04T04:00:00","guid":{"rendered":"https:\/\/www.czechcyclingfederation.com\/?p=25923"},"modified":"2023-07-04T11:41:28","modified_gmt":"2023-07-04T09:41:28","slug":"cyklistiku-ceka-v-glasgow-veliky-svatek-ms-ve-13-disciplinach","status":"publish","type":"post","link":"https:\/\/www.czechcyclingfederation.com\/en\/cyklistiku-ceka-v-glasgow-veliky-svatek-ms-ve-13-disciplinach\/","title":{"rendered":"Cyklistiku \u010dek\u00e1 v\u00a0Glasgow velik\u00fd sv\u00e1tek: MS ve 13 discipl\u00edn\u00e1ch!"},"content":{"rendered":"\n<p>Premi\u00e9ra, kter\u00e1 v&nbsp;cyklistice nem\u00e1 obdoby. Mistrovstv\u00ed sv\u011bta propoj\u00ed v&nbsp;srpnu ve skotsk\u00e9m Glasgow cyklistiku nap\u0159\u00ed\u010d cel\u00fdm spektrem, a krom\u011b cyklokrosu se bude bojovat o medaile a duhov\u00e9 dresy ve v\u0161ech zb\u00fdvaj\u00edc\u00edch discipl\u00edn\u00e1ch! Sv\u00e1tek cyklistiky je napl\u00e1nov\u00e1n od 3. do 13. srpna.<\/p>\n\n\n\n<p>P\u0159edstav\u00ed se tam i po\u010detn\u00e1 v\u00fdprava \u010desk\u00fdch cyklist\u016f. Bojovat o medaile budou silni\u010d\u00e1\u0159i, z\u00e1stupci MTB v&nbsp;cross country i sjezdu, dr\u00e1ha\u0159i, reprezentanti v&nbsp;BMX (klasick\u00fd BMX Race i BMX Freestyle v&nbsp;discipl\u00edn\u00e1ch Park a Flatland), trialu, s\u00e1lov\u00e9 cyklistice a v&nbsp;neposledn\u00ed \u0159ad\u011b paralympionici. Celkem 13 discipl\u00edn a v&nbsp;ka\u017ed\u00e9 z&nbsp;nich \u0159ada sad medail\u00ed. N\u011bkde i juniorsk\u00e9 kategorie a U23, jinde pouze elita.<\/p>\n\n\n\n<p>Z\u00e1vody prob\u011bhnou nejen v&nbsp;Glasgow, ale nap\u0159\u00ed\u010d cel\u00fdm Skotskem. Bude to takov\u00e1 mal\u00e1 olympi\u00e1da. Ve h\u0159e je celkem 190 titul\u016f a \u010dek\u00e1 se \u00fa\u010dast kolem 8&nbsp;000 sportovc\u016f ze 120 zem\u00ed sv\u011bta. Krom\u011b profesion\u00e1l\u016f i amat\u00e9\u0159i, proto\u017ee sou\u010d\u00e1st\u00ed programu je i charitativn\u00ed silni\u010dn\u00ed z\u00e1vod Gran Fondo. A podle odhad\u016f z\u00e1stupc\u016f Mezin\u00e1rodn\u00ed cyklistick\u00e9 unie by se na sportovi\u0161t\u00edch mohlo proto\u010dit p\u0159es mili\u00f3n n\u00e1v\u0161t\u011bvn\u00edk\u016f.<\/p>\n\n\n\n<p>Pro n\u011bkter\u00e9 discipl\u00edny p\u016fjde o netradi\u010dn\u00ed term\u00edny \u0161ampion\u00e1t\u016f. Silni\u010d\u00e1\u0159i maj\u00ed mistrovstv\u00ed sv\u011bta a\u017e koncem z\u00e1\u0159\u00ed, i dr\u00e1ha\u0159i nebo bike\u0159i jsou zvykl\u00ed na o n\u011bco pozd\u011bj\u0161\u00ed term\u00edny.<\/p>\n\n\n\n<p>\u201eBude to jednodu\u0161e nejv\u011bt\u0161\u00ed cyklistick\u00e1 akce, kter\u00e1 se kdy konala, a jsme hrd\u00ed, \u017ee Glasgow bude centrem t\u00e9to ud\u00e1losti. Je n\u00e1m ct\u00ed, \u017ee n\u00e1s UCI pov\u011b\u0159ila po\u0159\u00e1d\u00e1n\u00edm v\u016fbec prvn\u00edho mistrovstv\u00ed sv\u011bta v cyklistice,\u201c uvedl p\u0159edseda organiza\u010dn\u00edho v\u00fdboru Paul Bush.<\/p>\n\n\n\n<p>\u201eJsem nad\u0161en, \u017ee \u00favodn\u00ed mistrovstv\u00ed sv\u011bta v cyklistice se bude konat v Glasgow. D\u00edky jejich zku\u0161enostem s po\u0159\u00e1d\u00e1n\u00edm velk\u00fdch mezin\u00e1rodn\u00edch sportovn\u00edch akc\u00ed na vysok\u00e9 \u00farovni, ikonick\u00fdch sportovi\u0161t\u00edch v Glasgow a ohromuj\u00edc\u00ed skotsk\u00e9 scen\u00e9rii m\u00e1me v\u0161echny ingredience pro v\u00fdjime\u010dn\u00fdch 11 sout\u011b\u017en\u00edch dn\u00ed,\u201c uvedl prezident UCI David Lappartient.<\/p>\n\n\n\n<figure class=\"wp-block-image size-large\"><a href=\"https:\/\/www.cyclingworldchamps.com\"><img loading=\"lazy\" decoding=\"async\" width=\"1024\" height=\"447\" src=\"https:\/\/www.czechcyclingfederation.com\/wp-content\/uploads\/2023\/06\/Snimek-obrazovky-2023-06-30-v-9.42.05-1024x447.png\" alt=\"\" class=\"wp-image-25924\" srcset=\"https:\/\/www.czechcyclingfederation.com\/wp-content\/uploads\/2023\/06\/Snimek-obrazovky-2023-06-30-v-9.42.05-1024x447.png 1024w, https:\/\/www.czechcyclingfederation.com\/wp-content\/uploads\/2023\/06\/Snimek-obrazovky-2023-06-30-v-9.42.05-300x131.png 300w, https:\/\/www.czechcyclingfederation.com\/wp-content\/uploads\/2023\/06\/Snimek-obrazovky-2023-06-30-v-9.42.05-768x335.png 768w, https:\/\/www.czechcyclingfederation.com\/wp-content\/uploads\/2023\/06\/Snimek-obrazovky-2023-06-30-v-9.42.05-1536x670.png 1536w, https:\/\/www.czechcyclingfederation.com\/wp-content\/uploads\/2023\/06\/Snimek-obrazovky-2023-06-30-v-9.42.05-2048x894.png 2048w, https:\/\/www.czechcyclingfederation.com\/wp-content\/uploads\/2023\/06\/Snimek-obrazovky-2023-06-30-v-9.42.05-1320x576.png 1320w\" sizes=\"auto, (max-width: 1024px) 100vw, 1024px\" \/><\/a><\/figure>\n","protected":false},"excerpt":{"rendered":"<p>Premi\u00e9ra, kter\u00e1 v&nbsp;cyklistice nem\u00e1 obdoby. Mistrovstv\u00ed sv\u011bta propoj\u00ed v&nbsp;srpnu ve skotsk\u00e9m Glasgow cyklistiku nap\u0159\u00ed\u010d cel\u00fdm spektrem, a krom\u011b cyklokrosu se bude bojovat o medaile a duhov\u00e9 dresy ve v\u0161ech zb\u00fdvaj\u00edc\u00edch discipl\u00edn\u00e1ch! Sv\u00e1tek cyklistiky je napl\u00e1nov\u00e1n od 3. do 13. srpna. P\u0159edstav\u00ed se tam i po\u010detn\u00e1 v\u00fdprava \u010desk\u00fdch cyklist\u016f. Bojovat o medaile budou silni\u010d\u00e1\u0159i, z\u00e1stupci MTB [&hellip;]<\/p>\n","protected":false},"author":15,"featured_media":15971,"comment_status":"closed","ping_status":"open","sticky":false,"template":"","format":"standard","meta":{"footnotes":""},"categories":[57,201,17,54,6,2,99,60,18],"tags":[56],"class_list":["post-25923","post","type-post","status-publish","format-standard","has-post-thumbnail","hentry","category-bmx","category-cyklistika-pro-vsechny","category-discipliny","category-draha","category-mtb","category-novinky","category-paracyklistika","category-salovka","category-silnice","tag-uci"],"_links":{"self":[{"href":"https:\/\/www.czechcyclingfederation.com\/en\/wp-json\/wp\/v2\/posts\/25923","targetHints":{"allow":["GET"]}}],"collection":[{"href":"https:\/\/www.czechcyclingfederation.com\/en\/wp-json\/wp\/v2\/posts"}],"about":[{"href":"https:\/\/www.czechcyclingfederation.com\/en\/wp-json\/wp\/v2\/types\/post"}],"author":[{"embeddable":true,"href":"https:\/\/www.czechcyclingfederation.com\/en\/wp-json\/wp\/v2\/users\/15"}],"replies":[{"embeddable":true,"href":"https:\/\/www.czechcyclingfederation.com\/en\/wp-json\/wp\/v2\/comments?post=25923"}],"version-history":[{"count":2,"href":"https:\/\/www.czechcyclingfederation.com\/en\/wp-json\/wp\/v2\/posts\/25923\/revisions"}],"predecessor-version":[{"id":25985,"href":"https:\/\/www.czechcyclingfederation.com\/en\/wp-json\/wp\/v2\/posts\/25923\/revisions\/25985"}],"wp:featuredmedia":[{"embeddable":true,"href":"https:\/\/www.czechcyclingfederation.com\/en\/wp-json\/wp\/v2\/media\/15971"}],"wp:attachment":[{"href":"https:\/\/www.czechcyclingfederation.com\/en\/wp-json\/wp\/v2\/media?parent=25923"}],"wp:term":[{"taxonomy":"category","embeddable":true,"href":"https:\/\/www.czechcyclingfederation.com\/en\/wp-json\/wp\/v2\/categories?post=25923"},{"taxonomy":"post_tag","embeddable":true,"href":"https:\/\/www.czechcyclingfederation.com\/en\/wp-json\/wp\/v2\/tags?post=25923"}],"curies":[{"name":"wp","href":"https:\/\/api.w.org\/{rel}","templated":true}]}}