{"id":2592,"date":"2020-10-09T19:31:33","date_gmt":"2020-10-09T17:31:33","guid":{"rendered":"http:\/\/www.czechcyclingfederation.com\/?p=2592"},"modified":"2020-10-13T23:08:45","modified_gmt":"2020-10-13T21:08:45","slug":"zavod-u23-pidcock-ma-na-ms-druhe-zlato-cesi-jeli-standard","status":"publish","type":"post","link":"https:\/\/www.czechcyclingfederation.com\/en\/zavod-u23-pidcock-ma-na-ms-druhe-zlato-cesi-jeli-standard\/","title":{"rendered":"Z\u00e1vod U23: Pidcock m\u00e1 na MS druh\u00e9 zlato, \u010ce\u0161i jeli standard"},"content":{"rendered":"\n<p><strong>Britsk\u00fd supertalent Thomas Pidcock si odveze z Leogangu dv\u011b zlat\u00e9 medaile.&nbsp;<\/strong><\/p>\n\n\n\n<p>K sp\u00ed\u0161e volno\u010dasov\u00e9mu z\u00e1vodu E-Bike, kter\u00fd u\u017e druh\u00fd rok marn\u011b bojuje o alespo\u0148 z\u00e1kladn\u00ed presti\u017e mezi z\u00e1vodn\u00edky i t\u00fdmy, dnes p\u0159idal i plnohodnotnou medaili, kdy\u017e ovl\u00e1dnul na\u0161lapanou kategorii U23 ve kter\u00e9 se profiluje velmi siln\u00e1 budoucnost olympijsk\u00e9ho XCO.&nbsp;<\/p>\n\n\n\n<p>\u010cesk\u00e1 trojice nezklamala, ale nikomu z na\u0161ich jezdc\u016f se nepoda\u0159il v\u00fdsledek, kter\u00fd by vybo\u010doval z v\u00fdkonnostn\u00edho standardu. Sam Jirou\u0161 dokon\u010dil z\u00e1vod na 36. m\u00edst\u011b, Josef Jel\u00ednek obsadil 45. a Jarom\u00edr Sk\u00e1la 50. pozici.<\/p>\n\n\n\n<p>V\u00fdsledky:<\/p>\n\n\n\n<p>1. Tom Pidcock (Brit.) 1:08:15 hod. 2. Christopher Blevins (USA) +1:52 3. Joel Roth (\u0160v\u00fdc.) +3:05 &#8230; <strong>36. Samuel Jirou\u0161 -1 kolo, 45. Josef Jel\u00ednek -2 kola, 50. Jarom\u00edr Sk\u00e1la -2 kola (v\u0161ichni \u010cR).  <\/strong><\/p>\n\n\n\n<figure class=\"wp-block-gallery columns-1 is-cropped wp-block-gallery-1 is-layout-flex wp-block-gallery-is-layout-flex\"><ul class=\"blocks-gallery-grid\"><li class=\"blocks-gallery-item\"><figure><img loading=\"lazy\" decoding=\"async\" width=\"1024\" height=\"683\" src=\"https:\/\/www.czechcyclingfederation.com\/wp-content\/uploads\/2020\/10\/CER_9272-1024x683.jpg\" alt=\"\" data-id=\"2605\" data-full-url=\"https:\/\/www.czechcyclingfederation.com\/wp-content\/uploads\/2020\/10\/CER_9272.jpg\" data-link=\"https:\/\/www.czechcyclingfederation.com\/zavod-u23-pidcock-ma-na-ms-druhe-zlato-cesi-jeli-standard\/cer_9272\/\" class=\"wp-image-2605\" srcset=\"https:\/\/www.czechcyclingfederation.com\/wp-content\/uploads\/2020\/10\/CER_9272-1024x683.jpg 1024w, https:\/\/www.czechcyclingfederation.com\/wp-content\/uploads\/2020\/10\/CER_9272-300x200.jpg 300w, https:\/\/www.czechcyclingfederation.com\/wp-content\/uploads\/2020\/10\/CER_9272-768x512.jpg 768w, https:\/\/www.czechcyclingfederation.com\/wp-content\/uploads\/2020\/10\/CER_9272-1536x1024.jpg 1536w, https:\/\/www.czechcyclingfederation.com\/wp-content\/uploads\/2020\/10\/CER_9272-1320x880.jpg 1320w, https:\/\/www.czechcyclingfederation.com\/wp-content\/uploads\/2020\/10\/CER_9272.jpg 1600w\" sizes=\"auto, (max-width: 1024px) 100vw, 1024px\" \/><\/figure><\/li><li class=\"blocks-gallery-item\"><figure><img loading=\"lazy\" decoding=\"async\" width=\"1024\" height=\"683\" src=\"https:\/\/www.czechcyclingfederation.com\/wp-content\/uploads\/2020\/10\/CEM_9360-1024x683.jpg\" alt=\"\" data-id=\"2606\" data-full-url=\"https:\/\/www.czechcyclingfederation.com\/wp-content\/uploads\/2020\/10\/CEM_9360.jpg\" data-link=\"https:\/\/www.czechcyclingfederation.com\/zavod-u23-pidcock-ma-na-ms-druhe-zlato-cesi-jeli-standard\/cem_9360\/\" class=\"wp-image-2606\" srcset=\"https:\/\/www.czechcyclingfederation.com\/wp-content\/uploads\/2020\/10\/CEM_9360-1024x683.jpg 1024w, https:\/\/www.czechcyclingfederation.com\/wp-content\/uploads\/2020\/10\/CEM_9360-300x200.jpg 300w, https:\/\/www.czechcyclingfederation.com\/wp-content\/uploads\/2020\/10\/CEM_9360-768x512.jpg 768w, https:\/\/www.czechcyclingfederation.com\/wp-content\/uploads\/2020\/10\/CEM_9360-1536x1024.jpg 1536w, https:\/\/www.czechcyclingfederation.com\/wp-content\/uploads\/2020\/10\/CEM_9360-1320x880.jpg 1320w, https:\/\/www.czechcyclingfederation.com\/wp-content\/uploads\/2020\/10\/CEM_9360.jpg 1600w\" sizes=\"auto, (max-width: 1024px) 100vw, 1024px\" \/><\/figure><\/li><li class=\"blocks-gallery-item\"><figure><img loading=\"lazy\" decoding=\"async\" width=\"1024\" height=\"683\" src=\"https:\/\/www.czechcyclingfederation.com\/wp-content\/uploads\/2020\/10\/CER_9279-1024x683.jpg\" alt=\"\" data-id=\"2607\" data-full-url=\"https:\/\/www.czechcyclingfederation.com\/wp-content\/uploads\/2020\/10\/CER_9279.jpg\" data-link=\"https:\/\/www.czechcyclingfederation.com\/zavod-u23-pidcock-ma-na-ms-druhe-zlato-cesi-jeli-standard\/cer_9279\/\" class=\"wp-image-2607\" srcset=\"https:\/\/www.czechcyclingfederation.com\/wp-content\/uploads\/2020\/10\/CER_9279-1024x683.jpg 1024w, https:\/\/www.czechcyclingfederation.com\/wp-content\/uploads\/2020\/10\/CER_9279-300x200.jpg 300w, https:\/\/www.czechcyclingfederation.com\/wp-content\/uploads\/2020\/10\/CER_9279-768x512.jpg 768w, https:\/\/www.czechcyclingfederation.com\/wp-content\/uploads\/2020\/10\/CER_9279-1536x1024.jpg 1536w, https:\/\/www.czechcyclingfederation.com\/wp-content\/uploads\/2020\/10\/CER_9279-1320x880.jpg 1320w, https:\/\/www.czechcyclingfederation.com\/wp-content\/uploads\/2020\/10\/CER_9279.jpg 1600w\" sizes=\"auto, (max-width: 1024px) 100vw, 1024px\" \/><\/figure><\/li><\/ul><\/figure>\n\n\n\n<p><em>Foto: Michal \u010cerven\u00fd<\/em><\/p>\n","protected":false},"excerpt":{"rendered":"<p>Britsk\u00fd supertalent Thomas Pidcock si odveze z Leogangu dv\u011b zlat\u00e9 medaile.&nbsp; K sp\u00ed\u0161e volno\u010dasov\u00e9mu z\u00e1vodu E-Bike, kter\u00fd u\u017e druh\u00fd rok marn\u011b bojuje o alespo\u0148 z\u00e1kladn\u00ed presti\u017e mezi z\u00e1vodn\u00edky i t\u00fdmy, dnes p\u0159idal i plnohodnotnou medaili, kdy\u017e ovl\u00e1dnul na\u0161lapanou kategorii U23 ve kter\u00e9 se profiluje velmi siln\u00e1 budoucnost olympijsk\u00e9ho XCO.&nbsp; \u010cesk\u00e1 trojice nezklamala, ale nikomu z [&hellip;]<\/p>\n","protected":false},"author":9,"featured_media":2607,"comment_status":"closed","ping_status":"open","sticky":false,"template":"","format":"standard","meta":{"footnotes":""},"categories":[6,2,103],"tags":[10],"class_list":["post-2592","post","type-post","status-publish","format-standard","has-post-thumbnail","hentry","category-mtb","category-novinky","category-reprezentace","tag-mtb"],"_links":{"self":[{"href":"https:\/\/www.czechcyclingfederation.com\/en\/wp-json\/wp\/v2\/posts\/2592","targetHints":{"allow":["GET"]}}],"collection":[{"href":"https:\/\/www.czechcyclingfederation.com\/en\/wp-json\/wp\/v2\/posts"}],"about":[{"href":"https:\/\/www.czechcyclingfederation.com\/en\/wp-json\/wp\/v2\/types\/post"}],"author":[{"embeddable":true,"href":"https:\/\/www.czechcyclingfederation.com\/en\/wp-json\/wp\/v2\/users\/9"}],"replies":[{"embeddable":true,"href":"https:\/\/www.czechcyclingfederation.com\/en\/wp-json\/wp\/v2\/comments?post=2592"}],"version-history":[{"count":3,"href":"https:\/\/www.czechcyclingfederation.com\/en\/wp-json\/wp\/v2\/posts\/2592\/revisions"}],"predecessor-version":[{"id":2608,"href":"https:\/\/www.czechcyclingfederation.com\/en\/wp-json\/wp\/v2\/posts\/2592\/revisions\/2608"}],"wp:featuredmedia":[{"embeddable":true,"href":"https:\/\/www.czechcyclingfederation.com\/en\/wp-json\/wp\/v2\/media\/2607"}],"wp:attachment":[{"href":"https:\/\/www.czechcyclingfederation.com\/en\/wp-json\/wp\/v2\/media?parent=2592"}],"wp:term":[{"taxonomy":"category","embeddable":true,"href":"https:\/\/www.czechcyclingfederation.com\/en\/wp-json\/wp\/v2\/categories?post=2592"},{"taxonomy":"post_tag","embeddable":true,"href":"https:\/\/www.czechcyclingfederation.com\/en\/wp-json\/wp\/v2\/tags?post=2592"}],"curies":[{"name":"wp","href":"https:\/\/api.w.org\/{rel}","templated":true}]}}