{"id":25915,"date":"2023-06-28T10:11:29","date_gmt":"2023-06-28T08:11:29","guid":{"rendered":"https:\/\/www.czechcyclingfederation.com\/?p=25915"},"modified":"2023-06-28T22:55:03","modified_gmt":"2023-06-28T20:55:03","slug":"turne-4-drah-v-plzni-a-praze-bylo-zruseno","status":"publish","type":"post","link":"https:\/\/www.czechcyclingfederation.com\/en\/turne-4-drah-v-plzni-a-praze-bylo-zruseno\/","title":{"rendered":"Turn\u00e9 4 drah v Plzni a Praze bylo zru\u0161eno"},"content":{"rendered":"\n<p>Z\u00e1vody ml\u00e1de\u017enick\u00e9ho \u010cesk\u00e9ho poh\u00e1ru na dr\u00e1ze Turn\u00e9 4 drah v\u00a0Plzni a Praze 12. a 13. \u010dervence se neuskute\u010dn\u00ed. D\u016fvodem je term\u00ednov\u00e1 kolize s\u00a0mistrovstv\u00edm republiky na silnici.<\/p>\n\n\n\n<p>To se uskute\u010dn\u00ed v\u00a0L\u00e1zn\u00edch B\u011blohrad a Nov\u00e9 Pace 15. resp. 16. \u010dervence a mlad\u00ed cyklist\u00e9 se pochopiteln\u011b na tento vrchol sezony cht\u011bj\u00ed p\u0159ipravit co nejl\u00e9pe.<\/p>\n","protected":false},"excerpt":{"rendered":"<p>Z\u00e1vody ml\u00e1de\u017enick\u00e9ho \u010cesk\u00e9ho poh\u00e1ru na dr\u00e1ze Turn\u00e9 4 drah v\u00a0Plzni a Praze 12. a 13. \u010dervence se neuskute\u010dn\u00ed. D\u016fvodem je term\u00ednov\u00e1 kolize s\u00a0mistrovstv\u00edm republiky na silnici. To se uskute\u010dn\u00ed v\u00a0L\u00e1zn\u00edch B\u011blohrad a Nov\u00e9 Pace 15. resp. 16. \u010dervence a mlad\u00ed cyklist\u00e9 se pochopiteln\u011b na tento vrchol sezony cht\u011bj\u00ed p\u0159ipravit co nejl\u00e9pe.<\/p>\n","protected":false},"author":8,"featured_media":25916,"comment_status":"closed","ping_status":"open","sticky":false,"template":"","format":"standard","meta":{"footnotes":""},"categories":[54,2],"tags":[9],"class_list":["post-25915","post","type-post","status-publish","format-standard","has-post-thumbnail","hentry","category-draha","category-novinky","tag-draha"],"_links":{"self":[{"href":"https:\/\/www.czechcyclingfederation.com\/en\/wp-json\/wp\/v2\/posts\/25915","targetHints":{"allow":["GET"]}}],"collection":[{"href":"https:\/\/www.czechcyclingfederation.com\/en\/wp-json\/wp\/v2\/posts"}],"about":[{"href":"https:\/\/www.czechcyclingfederation.com\/en\/wp-json\/wp\/v2\/types\/post"}],"author":[{"embeddable":true,"href":"https:\/\/www.czechcyclingfederation.com\/en\/wp-json\/wp\/v2\/users\/8"}],"replies":[{"embeddable":true,"href":"https:\/\/www.czechcyclingfederation.com\/en\/wp-json\/wp\/v2\/comments?post=25915"}],"version-history":[{"count":2,"href":"https:\/\/www.czechcyclingfederation.com\/en\/wp-json\/wp\/v2\/posts\/25915\/revisions"}],"predecessor-version":[{"id":25919,"href":"https:\/\/www.czechcyclingfederation.com\/en\/wp-json\/wp\/v2\/posts\/25915\/revisions\/25919"}],"wp:featuredmedia":[{"embeddable":true,"href":"https:\/\/www.czechcyclingfederation.com\/en\/wp-json\/wp\/v2\/media\/25916"}],"wp:attachment":[{"href":"https:\/\/www.czechcyclingfederation.com\/en\/wp-json\/wp\/v2\/media?parent=25915"}],"wp:term":[{"taxonomy":"category","embeddable":true,"href":"https:\/\/www.czechcyclingfederation.com\/en\/wp-json\/wp\/v2\/categories?post=25915"},{"taxonomy":"post_tag","embeddable":true,"href":"https:\/\/www.czechcyclingfederation.com\/en\/wp-json\/wp\/v2\/tags?post=25915"}],"curies":[{"name":"wp","href":"https:\/\/api.w.org\/{rel}","templated":true}]}}