{"id":25872,"date":"2023-06-25T17:31:45","date_gmt":"2023-06-25T15:31:45","guid":{"rendered":"https:\/\/www.czechcyclingfederation.com\/?p=25872"},"modified":"2023-06-25T17:31:48","modified_gmt":"2023-06-25T15:31:48","slug":"bikosarka-kosarkova-dojela-v-papendalu-na-sp-ctvrta","status":"publish","type":"post","link":"https:\/\/www.czechcyclingfederation.com\/en\/bikosarka-kosarkova-dojela-v-papendalu-na-sp-ctvrta\/","title":{"rendered":"Bikosa\u0159ka Ko\u0161\u00e1rkov\u00e1 dojela v Papendalu na SP \u010dtvrt\u00e1"},"content":{"rendered":"\n<p>Skv\u011ble si vedla v nizozemsk\u00e9m Papendalu osmn\u00e1ctilet\u00e1 bikrosa\u0159ka Sabina Ko\u0161\u00e1rkov\u00e1. Ve t\u0159et\u00edm z\u00e1vodu Sv\u011btov\u00e9ho poh\u00e1ru skon\u010dila sedmn\u00e1ct\u00e1, ale v ned\u011bln\u00edm \u010dtvrt\u00e9m podniku dojela mezi \u017eenami kategorie U23 na vynikaj\u00edc\u00edm \u010dtvrt\u00e9m m\u00edst\u011b a stupn\u011b v\u00edt\u011bzek ji unikly jen velice t\u011bsn\u011b.\u00a0<\/p>\n\n\n\n<figure class=\"wp-block-image size-large\"><img loading=\"lazy\" decoding=\"async\" width=\"683\" height=\"1024\" src=\"https:\/\/www.czechcyclingfederation.com\/wp-content\/uploads\/2023\/06\/NVD-20230625-111040-142525-683x1024.jpg\" alt=\"\" class=\"wp-image-25877\" srcset=\"https:\/\/www.czechcyclingfederation.com\/wp-content\/uploads\/2023\/06\/NVD-20230625-111040-142525-683x1024.jpg 683w, https:\/\/www.czechcyclingfederation.com\/wp-content\/uploads\/2023\/06\/NVD-20230625-111040-142525-133x200.jpg 133w, https:\/\/www.czechcyclingfederation.com\/wp-content\/uploads\/2023\/06\/NVD-20230625-111040-142525-768x1152.jpg 768w, https:\/\/www.czechcyclingfederation.com\/wp-content\/uploads\/2023\/06\/NVD-20230625-111040-142525-1024x1536.jpg 1024w, https:\/\/www.czechcyclingfederation.com\/wp-content\/uploads\/2023\/06\/NVD-20230625-111040-142525-1365x2048.jpg 1365w, https:\/\/www.czechcyclingfederation.com\/wp-content\/uploads\/2023\/06\/NVD-20230625-111040-142525-1320x1980.jpg 1320w, https:\/\/www.czechcyclingfederation.com\/wp-content\/uploads\/2023\/06\/NVD-20230625-111040-142525-scaled.jpg 1707w\" sizes=\"auto, (max-width: 683px) 100vw, 683px\" \/><figcaption class=\"wp-element-caption\">^wu#512 KOSARKOVA, Sabina (CZE)<\/figcaption><\/figure>\n\n\n\n<p><\/p>\n\n\n\n<p>Eli\u0161ka Bart\u016f\u0148kov\u00e1 se tentokr\u00e1t do fin\u00e1lov\u00e9 osmi\u010dky nedostala ani jednou &#8211; v sobotu byla klasifikov\u00e1na na 17. m\u00edst\u011b, v ned\u011bli byla je\u0161t\u011b o p\u0159\u00ed\u010dku n\u00ed\u017ee. Mezi mu\u017ei U23 byl nejlep\u0161\u00ed z \u010cech\u016f ve t\u0159et\u00edm d\u00edlu Mat\u011bj Linhart na 35. m\u00edst\u011b, v ned\u011bli Marek Neu\u017eil t\u0159iadvac\u00e1t\u00fd.<\/p>\n\n\n\n<p>V\u00fdsledky:<\/p>\n\n\n\n<p>3. z\u00e1vod:<\/p>\n\n\n\n<p>Mu\u017ei:<\/p>\n\n\n\n<p>1. Mahieu, 2. Pilard (oba Fr.), 3. Ospina (Kol.), 4. Andre, 5. Rencuel (oba Fr.), 6. Kimmann, 7. van der Burg&nbsp; (oba Niz.), 8. Ramirez (Kol.).<\/p>\n\n\n\n<p>Mu\u017ei U23:<\/p>\n\n\n\n<p>1. Bearman (N. Z\u00e9l.), 2. Colsenet (Fr.), 3. Goossens (Niz.), &#8230;35. Linhart, 36. Neu\u017eil, 84. Cidlinsk\u00fd, 95. J. Veseck\u00fd, 99. Huf, 107. Quadra, 122. Polesn\u00fd (v\u0161ichni \u010cR).<\/p>\n\n\n\n<p>\u017deny:<\/p>\n\n\n\n<p>1. Sakakibaraov\u00e1 (Austr.), 2. L. Smuldersov\u00e1, 3. M. Smuldersov\u00e1 (ob\u011b Niz.), 4. Pajonov\u00e1 (Kol.), 5. Simpsonov\u00e1 (Kan.), 6. Claessensov\u00e1 (\u0160v\u00fdc.), 7. Kejlstrupov\u00e1 (D\u00e1n.), 8. Stancilov\u00e1 (USA).<\/p>\n\n\n\n<p>\u017deny U23:<\/p>\n\n\n\n<p>1. Sturisk\u00e1 (Lot.), 2. Martinezov\u00e1 (Fr.), 6. Williamsov\u00e1 (N. Z\u00e9l.), &#8230;17. Ko\u0161\u00e1rkov\u00e1, 25. Bart\u016f\u0148kov\u00e1 (ob\u011b \u010cR).<\/p>\n\n\n\n<p>4. z\u00e1vod:<\/p>\n\n\n\n<p>Mu\u017ei:<\/p>\n\n\n\n<p>1. Daudet (Fr.), 2. Andre, 3. Garcia (Kol.), 4. Kimmann, 5. Rencurel, 6. Brink (Niz.), 7, Sharrock (Brit.), 8. van den Burg.<\/p>\n\n\n\n<p>\u017deny:<\/p>\n\n\n\n<p>1.Shrieverov\u00e1 (Brit.), 2. Sakakibaraov\u00e1, 3. Willoughbyov\u00e1 (USA), 4. Claessensov\u00e1, 5. Simpsonov\u00e1, 6. M. Smuldersov\u00e1, 7. Pajonov\u00e1, 8. Hatekejamaov\u00e1 (Jap.).<\/p>\n\n\n\n<p>Mu\u017ei U23:<\/p>\n\n\n\n<p>1. Bearman, 2. Macuda (Jap.), 3. Pipers (Niz.), &#8230;23. Neu\u017eil, 66. Polesn\u00fd, 92. J. Klement, 94. Huf, 99. J. Veseck\u00fd, 100. Quadra.<\/p>\n\n\n\n<p>\u017deny U23:<\/p>\n\n\n\n<p>1. Sturisk\u00e1, 2. Martinezov\u00e1, 3. Gommersov\u00e1 (Belg.), 4. Ko\u0161\u00e1rkov\u00e1, &#8230;18. Bart\u016f\u0148kov\u00e1.<\/p>\n\n\n\n<p>FOTO Nico van Dartel<\/p>\n\n\n\n<figure class=\"wp-block-image size-large\"><img loading=\"lazy\" decoding=\"async\" width=\"1024\" height=\"683\" src=\"https:\/\/www.czechcyclingfederation.com\/wp-content\/uploads\/2023\/06\/KP-20230624-174412-417660-2-1024x683.jpg\" alt=\"\" class=\"wp-image-25875\" srcset=\"https:\/\/www.czechcyclingfederation.com\/wp-content\/uploads\/2023\/06\/KP-20230624-174412-417660-2-1024x683.jpg 1024w, https:\/\/www.czechcyclingfederation.com\/wp-content\/uploads\/2023\/06\/KP-20230624-174412-417660-2-300x200.jpg 300w, https:\/\/www.czechcyclingfederation.com\/wp-content\/uploads\/2023\/06\/KP-20230624-174412-417660-2-768x512.jpg 768w, https:\/\/www.czechcyclingfederation.com\/wp-content\/uploads\/2023\/06\/KP-20230624-174412-417660-2-1536x1024.jpg 1536w, https:\/\/www.czechcyclingfederation.com\/wp-content\/uploads\/2023\/06\/KP-20230624-174412-417660-2-2048x1365.jpg 2048w, https:\/\/www.czechcyclingfederation.com\/wp-content\/uploads\/2023\/06\/KP-20230624-174412-417660-2-1320x880.jpg 1320w\" sizes=\"auto, (max-width: 1024px) 100vw, 1024px\" \/><figcaption class=\"wp-element-caption\">^wu#529 VIEMONT, Jodie (FRA)\r^wu#531 DE WAARD, Yvette (NED)\r^wu#512 KOSARKOVA, Sabina (CZE)<\/figcaption><\/figure>\n","protected":false},"excerpt":{"rendered":"<p>Skv\u011ble si vedla v nizozemsk\u00e9m Papendalu osmn\u00e1ctilet\u00e1 bikrosa\u0159ka Sabina Ko\u0161\u00e1rkov\u00e1. Ve t\u0159et\u00edm z\u00e1vodu Sv\u011btov\u00e9ho poh\u00e1ru skon\u010dila sedmn\u00e1ct\u00e1, ale v ned\u011bln\u00edm \u010dtvrt\u00e9m podniku dojela mezi \u017eenami kategorie U23 na vynikaj\u00edc\u00edm \u010dtvrt\u00e9m m\u00edst\u011b a stupn\u011b v\u00edt\u011bzek ji unikly jen velice t\u011bsn\u011b.\u00a0 Eli\u0161ka Bart\u016f\u0148kov\u00e1 se tentokr\u00e1t do fin\u00e1lov\u00e9 osmi\u010dky nedostala ani jednou &#8211; v sobotu byla klasifikov\u00e1na na [&hellip;]<\/p>\n","protected":false},"author":8,"featured_media":25873,"comment_status":"closed","ping_status":"open","sticky":false,"template":"","format":"standard","meta":{"footnotes":""},"categories":[57,2],"tags":[55],"class_list":["post-25872","post","type-post","status-publish","format-standard","has-post-thumbnail","hentry","category-bmx","category-novinky","tag-bmx"],"_links":{"self":[{"href":"https:\/\/www.czechcyclingfederation.com\/en\/wp-json\/wp\/v2\/posts\/25872","targetHints":{"allow":["GET"]}}],"collection":[{"href":"https:\/\/www.czechcyclingfederation.com\/en\/wp-json\/wp\/v2\/posts"}],"about":[{"href":"https:\/\/www.czechcyclingfederation.com\/en\/wp-json\/wp\/v2\/types\/post"}],"author":[{"embeddable":true,"href":"https:\/\/www.czechcyclingfederation.com\/en\/wp-json\/wp\/v2\/users\/8"}],"replies":[{"embeddable":true,"href":"https:\/\/www.czechcyclingfederation.com\/en\/wp-json\/wp\/v2\/comments?post=25872"}],"version-history":[{"count":1,"href":"https:\/\/www.czechcyclingfederation.com\/en\/wp-json\/wp\/v2\/posts\/25872\/revisions"}],"predecessor-version":[{"id":25879,"href":"https:\/\/www.czechcyclingfederation.com\/en\/wp-json\/wp\/v2\/posts\/25872\/revisions\/25879"}],"wp:featuredmedia":[{"embeddable":true,"href":"https:\/\/www.czechcyclingfederation.com\/en\/wp-json\/wp\/v2\/media\/25873"}],"wp:attachment":[{"href":"https:\/\/www.czechcyclingfederation.com\/en\/wp-json\/wp\/v2\/media?parent=25872"}],"wp:term":[{"taxonomy":"category","embeddable":true,"href":"https:\/\/www.czechcyclingfederation.com\/en\/wp-json\/wp\/v2\/categories?post=25872"},{"taxonomy":"post_tag","embeddable":true,"href":"https:\/\/www.czechcyclingfederation.com\/en\/wp-json\/wp\/v2\/tags?post=25872"}],"curies":[{"name":"wp","href":"https:\/\/api.w.org\/{rel}","templated":true}]}}