{"id":2587,"date":"2020-10-08T21:28:57","date_gmt":"2020-10-08T19:28:57","guid":{"rendered":"http:\/\/www.czechcyclingfederation.com\/?p=2587"},"modified":"2020-10-10T23:16:11","modified_gmt":"2020-10-10T21:16:11","slug":"siroky-ctvrty-na-me-ve-scrathi","status":"publish","type":"post","link":"https:\/\/www.czechcyclingfederation.com\/en\/siroky-ctvrty-na-me-ve-scrathi\/","title":{"rendered":"\u0160irok\u00fd \u010dtvrt\u00fd na ME ve scrathi"},"content":{"rendered":"\n<p>Nejlep\u0161\u00edm v\u00fdsledkem \u010desk\u00fdch mlad\u00fdch dr\u00e1ha\u0159\u016f na evropsk\u00e9m \u0161ampion\u00e1tu v italsk\u00e9 Fiorenzuole junior\u016f a kategorie U23 v \u00favodn\u00edm dnu bylo \u010dtvrt\u00e9 m\u00edsto juniora \u0160t\u011bp\u00e1na \u0160irok\u00e9ho ve scratchi. Do boj\u016f zas\u00e1hli je\u0161t\u011b Krist\u00fdna Burlov\u00e1 a Petr Kelemen.<\/p>\n\n\n\n<p>Juniorka Burlov\u00e1 ve scratchi skon\u010dila osm\u00e1 a Petr Kelemen v kategorii U23 ve vylu\u010dovac\u00edm z\u00e1vod\u011b byl \u0161est\u00fd.<\/p>\n\n\n\n<p>V\u00fdsledky:<\/p>\n\n\n\n<p>Junio\u0159i:<\/p>\n\n\n\n<p>Scratch:<\/p>\n\n\n\n<p>1. van Belle (Niz.), 2. Vandenbranden (Belg.), 3. Dreschler (N\u011bm.), 4. \u0160irok\u00fd (\u010cR)<\/p>\n\n\n\n<p>Juniorky:<\/p>\n\n\n\n<p>Scratch:<\/p>\n\n\n\n<p>1. Jen\u010du\u0161ov\u00e1 (SR), 2. Wielowsk\u00e1 (Pol.), 3. Crestanellov\u00e1 (It.), &#8230;8. Burlov\u00e1 (\u010cR).<\/p>\n\n\n\n<p>Mu\u017ei U23:<\/p>\n\n\n\n<p>Vylu\u010dovac\u00ed z\u00e1vod:<\/p>\n\n\n\n<p>1. Heisters (Belg.), 2. Leitao (Port.), 3. Garcia Pierna (\u0160p.), &#8230;.6. Petr Kelemen (\u010cR).<\/p>\n\n\n\n<p>FOTO Marek Mixa<\/p>\n","protected":false},"excerpt":{"rendered":"<p>Nejlep\u0161\u00edm v\u00fdsledkem \u010desk\u00fdch mlad\u00fdch dr\u00e1ha\u0159\u016f na evropsk\u00e9m \u0161ampion\u00e1tu v italsk\u00e9 Fiorenzuole junior\u016f a kategorie U23 v \u00favodn\u00edm dnu bylo \u010dtvrt\u00e9 m\u00edsto juniora \u0160t\u011bp\u00e1na \u0160irok\u00e9ho ve scratchi. Do boj\u016f zas\u00e1hli je\u0161t\u011b Krist\u00fdna Burlov\u00e1 a Petr Kelemen. Juniorka Burlov\u00e1 ve scratchi skon\u010dila osm\u00e1 a Petr Kelemen v kategorii U23 ve vylu\u010dovac\u00edm z\u00e1vod\u011b byl \u0161est\u00fd. V\u00fdsledky: Junio\u0159i: Scratch: [&hellip;]<\/p>\n","protected":false},"author":8,"featured_media":2588,"comment_status":"closed","ping_status":"open","sticky":false,"template":"","format":"standard","meta":{"footnotes":""},"categories":[54,2,103],"tags":[9],"class_list":["post-2587","post","type-post","status-publish","format-standard","has-post-thumbnail","hentry","category-draha","category-novinky","category-reprezentace","tag-draha"],"_links":{"self":[{"href":"https:\/\/www.czechcyclingfederation.com\/en\/wp-json\/wp\/v2\/posts\/2587","targetHints":{"allow":["GET"]}}],"collection":[{"href":"https:\/\/www.czechcyclingfederation.com\/en\/wp-json\/wp\/v2\/posts"}],"about":[{"href":"https:\/\/www.czechcyclingfederation.com\/en\/wp-json\/wp\/v2\/types\/post"}],"author":[{"embeddable":true,"href":"https:\/\/www.czechcyclingfederation.com\/en\/wp-json\/wp\/v2\/users\/8"}],"replies":[{"embeddable":true,"href":"https:\/\/www.czechcyclingfederation.com\/en\/wp-json\/wp\/v2\/comments?post=2587"}],"version-history":[{"count":1,"href":"https:\/\/www.czechcyclingfederation.com\/en\/wp-json\/wp\/v2\/posts\/2587\/revisions"}],"predecessor-version":[{"id":2589,"href":"https:\/\/www.czechcyclingfederation.com\/en\/wp-json\/wp\/v2\/posts\/2587\/revisions\/2589"}],"wp:featuredmedia":[{"embeddable":true,"href":"https:\/\/www.czechcyclingfederation.com\/en\/wp-json\/wp\/v2\/media\/2588"}],"wp:attachment":[{"href":"https:\/\/www.czechcyclingfederation.com\/en\/wp-json\/wp\/v2\/media?parent=2587"}],"wp:term":[{"taxonomy":"category","embeddable":true,"href":"https:\/\/www.czechcyclingfederation.com\/en\/wp-json\/wp\/v2\/categories?post=2587"},{"taxonomy":"post_tag","embeddable":true,"href":"https:\/\/www.czechcyclingfederation.com\/en\/wp-json\/wp\/v2\/tags?post=2587"}],"curies":[{"name":"wp","href":"https:\/\/api.w.org\/{rel}","templated":true}]}}