{"id":25809,"date":"2023-06-22T20:16:52","date_gmt":"2023-06-22T18:16:52","guid":{"rendered":"https:\/\/www.czechcyclingfederation.com\/?p=25809"},"modified":"2023-06-22T20:16:55","modified_gmt":"2023-06-22T18:16:55","slug":"otruba-a-kvasnickova-mistry-republiky-v-casovce","status":"publish","type":"post","link":"https:\/\/www.czechcyclingfederation.com\/en\/otruba-a-kvasnickova-mistry-republiky-v-casovce\/","title":{"rendered":"Otruba a Kvasni\u010dkov\u00e1 mistry republiky v\u00a0\u010dasovce"},"content":{"rendered":"\n<p><strong>Jakub Otruba<\/strong> (ATT Investments) a <strong>Eli\u0161ka Kvasni\u010dkov\u00e1<\/strong> (SportRaces Cycling Team) z\u00edskali ve slovensk\u00fdch Tlma\u010d\u00edch tituly mistr\u016f \u010cesk\u00e9 republiky v\u00a0\u010dasovce elitn\u00edch kategori\u00ed p\u0159i spole\u010dn\u00e9m \u0161ampion\u00e1tu \u010cR a SR.<\/p>\n\n\n\n<p>Titul v\u00a0kategorii mu\u017e\u016f U23 vybojoval p\u0159esv\u011bd\u010div\u011b <strong>Pavel Bittner<\/strong> z\u00a0WorldTour t\u00fdmu DSM, \u010dasovku junior\u016f suver\u00e9nn\u011b ovl\u00e1dl <strong>Pavel \u0160ump\u00edk<\/strong> (Roman Kreuziger Cycling Academy) a nejlep\u0161\u00ed juniorkou byla Nela Ka\u0148kovsk\u00e1 (CC pave 76).<\/p>\n\n\n\n<p>Otruba si na konto p\u0159ipsal prvn\u00ed titul v\u00a0elitn\u00ed kategorii, kdy\u017e v\u00a0minulosti u\u017e na dom\u00e1c\u00edm \u0161ampion\u00e1tu dvakr\u00e1t ovl\u00e1dl kategorii do 23 let a vlkoni byl mezi elitou t\u0159et\u00ed. <\/p>\n\n\n\n<figure class=\"wp-block-image size-large\"><img loading=\"lazy\" decoding=\"async\" width=\"1024\" height=\"682\" src=\"https:\/\/www.czechcyclingfederation.com\/wp-content\/uploads\/2023\/06\/otruba-1-1024x682.jpg\" alt=\"\" class=\"wp-image-25810\" srcset=\"https:\/\/www.czechcyclingfederation.com\/wp-content\/uploads\/2023\/06\/otruba-1-1024x682.jpg 1024w, https:\/\/www.czechcyclingfederation.com\/wp-content\/uploads\/2023\/06\/otruba-1-300x200.jpg 300w, https:\/\/www.czechcyclingfederation.com\/wp-content\/uploads\/2023\/06\/otruba-1-768x511.jpg 768w, https:\/\/www.czechcyclingfederation.com\/wp-content\/uploads\/2023\/06\/otruba-1-1536x1022.jpg 1536w, https:\/\/www.czechcyclingfederation.com\/wp-content\/uploads\/2023\/06\/otruba-1-2048x1363.jpg 2048w, https:\/\/www.czechcyclingfederation.com\/wp-content\/uploads\/2023\/06\/otruba-1-1320x879.jpg 1320w\" sizes=\"auto, (max-width: 1024px) 100vw, 1024px\" \/><\/figure>\n\n\n\n<p><em>Jakub Otruba a jeho radost z mistrovsk\u00e9ho titulu.<\/em><\/p>\n\n\n\n<p>Druh\u00e9ho <strong>Petra Kelemena <\/strong>ze \u0161v\u00fdcarsk\u00e9ho t\u00fdmu Tudor porazil dnes na trase dlouh\u00e9 46 km o 23 vte\u0159in. T\u0159et\u00ed skon\u010dil <strong>Mathias Vacek<\/strong> (Trek-Segafredo), kter\u00fd by je\u0161t\u011b mohl bojovat o zlato v\u00a0kategorii U23, ale nechal se podle platn\u00fdch regul\u00ed tzv. ostar\u0161it a odte\u010f u\u017e bude z\u00e1vodit pouze v\u00a0elitn\u00ed kategorii. V\u010detn\u011b boj\u016f na mistrovstv\u00ed sv\u011bta \u010di Evropy.<\/p>\n\n\n\n<p><strong><em>\u201eJe to super, splnil se mi velk\u00fd sen. Hodn\u011b to bolelo, ale te\u010f p\u0159eva\u017euje radost,\u201c<\/em><\/strong> \u0159ekl p\u011btadvacetilet\u00fd Otruba. S\u00a0\u00famorn\u00fdm vedrem, kter\u00e9 na Slovensku cel\u00fd den panovalo, se dok\u00e1zal dob\u0159e popasovat. <strong><em>\u201eHorko mi v\u017edycky d\u011bl\u00e1 probl\u00e9m, proto jsem kv\u016fli tomu tr\u00e9noval i doma na ergometru. Vzal jsem si bundu a dlouh\u00e9 kalhoty, abych si trochu zvykl na vedro, a ur\u010dit\u011b to pomohlo,\u201c <\/em><\/strong>prozradil \u010desk\u00fd \u0161ampi\u00f3n.<\/p>\n\n\n\n<p class=\"has-medium-font-size\"><strong>B\u00e1rta na osm\u00fd titul nedos\u00e1hl<\/strong><\/p>\n\n\n\n<p>Sen o osm\u00e9m \u010dasovk\u00e1\u0159sk\u00e9m titulu nevy\u0161el zku\u0161en\u00e9mu <strong>Janu B\u00e1rtovi<\/strong> (Elkov Kasper), kter\u00fd v\u00a0osmat\u0159iceti letech absolvuje posledn\u00ed sezonu kari\u00e9ry. Obsadil sedm\u00e9 m\u00edsto se ztr\u00e1tou 2:15 min. na v\u00edt\u011bze.<\/p>\n\n\n\n<figure class=\"wp-block-image size-large\"><img loading=\"lazy\" decoding=\"async\" width=\"1024\" height=\"680\" src=\"https:\/\/www.czechcyclingfederation.com\/wp-content\/uploads\/2023\/06\/barta-1024x680.jpg\" alt=\"\" class=\"wp-image-25818\" srcset=\"https:\/\/www.czechcyclingfederation.com\/wp-content\/uploads\/2023\/06\/barta-1024x680.jpg 1024w, https:\/\/www.czechcyclingfederation.com\/wp-content\/uploads\/2023\/06\/barta-300x200.jpg 300w, https:\/\/www.czechcyclingfederation.com\/wp-content\/uploads\/2023\/06\/barta-768x510.jpg 768w, https:\/\/www.czechcyclingfederation.com\/wp-content\/uploads\/2023\/06\/barta-1536x1021.jpg 1536w, https:\/\/www.czechcyclingfederation.com\/wp-content\/uploads\/2023\/06\/barta-2048x1361.jpg 2048w, https:\/\/www.czechcyclingfederation.com\/wp-content\/uploads\/2023\/06\/barta-1320x877.jpg 1320w\" sizes=\"auto, (max-width: 1024px) 100vw, 1024px\" \/><\/figure>\n\n\n\n<p><em>Jan B\u00e1rta na trati mistrovsk\u00e9 \u010dasovky v Tlma\u010d\u00edch.<\/em><\/p>\n\n\n\n<p class=\"has-medium-font-size\"><strong>Prvn\u00ed zlato z elity pro Kvasni\u010dkovou<\/strong><\/p>\n\n\n\n<p>Mezi \u017eenami z\u00edskala titul p\u0159i premi\u00e9\u0159e v elitn\u00ed kategorii osmn\u00e1ctilet\u00e1 cyklistka <strong>Eli\u0161ka Kvasni\u010dkov\u00e1.<\/strong> T\u011bsn\u011b druh\u00e1, o pouh\u00e9 t\u0159i vte\u0159iny, skon\u010dila <strong>Krist\u00fdna Burlov\u00e1 <\/strong>z\u00a0belgick\u00e9 formace Lotto, t\u0159et\u00ed dojela obh\u00e1jkyn\u011b st\u0159\u00edbra <strong>Nikola Bajgerov\u00e1.<\/strong><\/p>\n\n\n\n<figure class=\"wp-block-image size-large\"><img loading=\"lazy\" decoding=\"async\" width=\"1024\" height=\"680\" src=\"https:\/\/www.czechcyclingfederation.com\/wp-content\/uploads\/2023\/06\/tri-nej-zeny-1024x680.jpg\" alt=\"\" class=\"wp-image-25821\" srcset=\"https:\/\/www.czechcyclingfederation.com\/wp-content\/uploads\/2023\/06\/tri-nej-zeny-1024x680.jpg 1024w, https:\/\/www.czechcyclingfederation.com\/wp-content\/uploads\/2023\/06\/tri-nej-zeny-300x200.jpg 300w, https:\/\/www.czechcyclingfederation.com\/wp-content\/uploads\/2023\/06\/tri-nej-zeny-768x510.jpg 768w, https:\/\/www.czechcyclingfederation.com\/wp-content\/uploads\/2023\/06\/tri-nej-zeny-1536x1021.jpg 1536w, https:\/\/www.czechcyclingfederation.com\/wp-content\/uploads\/2023\/06\/tri-nej-zeny-2048x1361.jpg 2048w, https:\/\/www.czechcyclingfederation.com\/wp-content\/uploads\/2023\/06\/tri-nej-zeny-1320x877.jpg 1320w\" sizes=\"auto, (max-width: 1024px) 100vw, 1024px\" \/><\/figure>\n\n\n\n<p><em>T\u0159i nejlep\u0161\u00ed \u017eeny: zleva st\u0159\u00edbrn\u00e1 Krist\u00fdna Burlov\u00e1, mistryn\u011b republiky Eli\u0161ka Kvasni\u010dkov\u00e1 a majitelka bronzu Nikola Bajgerov\u00e1.<\/em><\/p>\n\n\n\n<p>Kvasni\u010dkov\u00e1 z\u00edskala p\u0159ed rokem dom\u00e1c\u00ed titul je\u0161t\u011b coby juniorka, kvalitu v&nbsp;j\u00edzd\u011b proti chronometru p\u0159edvedla i na mistrovstv\u00ed sv\u011bta v&nbsp;Austr\u00e1lii, kde byla \u010dtvrt\u00e1. K&nbsp;bronzu ji tenkr\u00e1t chyb\u011bla sekunda. Dnes brala prvn\u00ed \u010desk\u00fd titul mezi \u017eenami.<\/p>\n\n\n\n<p><strong><em>\u201eM\u00e1m velikou radost. Bylo to hodn\u011b n\u00e1ro\u010dn\u00e9 i d\u00edky tomu vedru. Mo\u017en\u00e1 jsem tro\u0161ku p\u0159ep\u00e1lila za\u010d\u00e1tek, ale na\u0161t\u011bst\u00ed jsem to zvl\u00e1dla a dopadlo to skv\u011ble,\u201c<\/em><\/strong> uvedla Kvasni\u010dkov\u00e1.<\/p>\n\n\n\n<figure class=\"wp-block-image size-large\"><img loading=\"lazy\" decoding=\"async\" width=\"1024\" height=\"682\" src=\"https:\/\/www.czechcyclingfederation.com\/wp-content\/uploads\/2023\/06\/Kvasnickova-Eliska-1024x682.jpg\" alt=\"\" class=\"wp-image-25823\" srcset=\"https:\/\/www.czechcyclingfederation.com\/wp-content\/uploads\/2023\/06\/Kvasnickova-Eliska-1024x682.jpg 1024w, https:\/\/www.czechcyclingfederation.com\/wp-content\/uploads\/2023\/06\/Kvasnickova-Eliska-300x200.jpg 300w, https:\/\/www.czechcyclingfederation.com\/wp-content\/uploads\/2023\/06\/Kvasnickova-Eliska-768x511.jpg 768w, https:\/\/www.czechcyclingfederation.com\/wp-content\/uploads\/2023\/06\/Kvasnickova-Eliska-1536x1022.jpg 1536w, https:\/\/www.czechcyclingfederation.com\/wp-content\/uploads\/2023\/06\/Kvasnickova-Eliska-2048x1363.jpg 2048w, https:\/\/www.czechcyclingfederation.com\/wp-content\/uploads\/2023\/06\/Kvasnickova-Eliska-1320x879.jpg 1320w\" sizes=\"auto, (max-width: 1024px) 100vw, 1024px\" \/><\/figure>\n\n\n\n<p><em>Eli\u0161ka Kvasni\u010dkov\u00e1 si jede pro titul v \u010dasovce.<\/em><\/p>\n\n\n\n<p>O v\u00edkendu pokra\u010duje spole\u010dn\u00fd \u0161ampion\u00e1t \u010cR a SR na Slovensku silni\u010dn\u00edmi z\u00e1vody. V\u00a0sobotu jedou o tituly \u017eeny, juniorky a junio\u0159i, v\u00a0ned\u011bli pak mu\u017esk\u00e1 elita. <strong><em>\u201eSvou roli ur\u010dit\u011b sehraje horko i ta d\u00e9lka. Profil nen\u00ed nijak t\u011b\u017ek\u00fd, tak to podle m\u011b asi skon\u010d\u00ed hromadn\u00fdm sprintem. Ale st\u00e1t se m\u016f\u017ee spousta v\u011bc\u00ed,\u201c <\/em><\/strong>p\u0159edv\u00eddal mistr republiky v\u00a0\u010dasovce Otruba.<\/p>\n\n\n\n<p class=\"has-medium-font-size\"><strong>V\u00fdsledky \u010dasovek<\/strong><\/p>\n\n\n\n<p><strong>Mu\u017ei <\/strong>(46 km):1. Otruba (ATT Investments) 54:21, 2. Petr Kelemen (Tudor Pro Cycling Team) +23, 3. M. Vacek (Trek-Segafredo) +54, 4. Turek +1:27, 5. Jakoubek (oba ATT Investments) +1:59, 6. A. \u0164oupal\u00edk (Elkov Kasper) +2:09.<\/p>\n\n\n\n<p><strong>\u017deny <\/strong>(23 km): 1. Kvasni\u010dkov\u00e1 (SportRaces) 31:14, 2. Burlov\u00e1 (Lotto Dstny Ladies) +3 s, 3. Bajgerov\u00e1 (MAT Atom Deweloper Wrovlaw) +21, 4. Macha\u010dov\u00e1 (Dukla Praha) +1:04, 5. Sl\u00e1mov\u00e1 (Cyklotrenink) +1:28, 6. \u0160ev\u010d\u00edkov\u00e1 (Dukla Praha) +1:47.<\/p>\n\n\n\n<p><strong>Mu\u017ei do 23 let<\/strong> (34,5 km): 1. P. Bittner (DSM) 41:46, 2. \u0158eha, 3. Teleck\u00fd oba +1:10, 4. P\u0159idal (v\u0161. Elkov Kasper) +1:20, 5. Voltr (RRK Group Pierre baguette BE) +2:23.<\/p>\n\n\n\n<p><strong>Junio\u0159i <\/strong>(23 km): 1. \u0160ump\u00edk (Roman Kreuziger Cycling Academy) 27:57, 2. Kr\u00e1l (Auto Eder) +59, 3. J. Bittner (Mapei Merida Ka\u0148kovsk\u00fd) +1:03, 4. Rube\u0161 (Expres CZ-Tufo Team Kol\u00edn) +1:34, 5. B\u00e1rta (Auto Eder) +1:40.<\/p>\n\n\n\n<p><strong>Juniorky <\/strong>(11,5 km): 1. N. Ka\u0148kovsk\u00e1 (CC pave 76) 16:15, 2. Doud\u011brov\u00e1 (Jaroslav Kulhavy Cycling Team) +3, 3. Kova\u0159\u00edkov\u00e1 (\u00dasteck\u00e9 centrum cyklistiky) +10, 4. Pittnerov\u00e1 (Mapei Merida Ka\u0148kovsk\u00fd) +17, 5. E. Han\u00e1kov\u00e1 (Hanak sisters cycling academy) +20.<\/p>\n","protected":false},"excerpt":{"rendered":"<p>Jakub Otruba (ATT Investments) a Eli\u0161ka Kvasni\u010dkov\u00e1 (SportRaces Cycling Team) z\u00edskali ve slovensk\u00fdch Tlma\u010d\u00edch tituly mistr\u016f \u010cesk\u00e9 republiky v\u00a0\u010dasovce elitn\u00edch kategori\u00ed p\u0159i spole\u010dn\u00e9m \u0161ampion\u00e1tu \u010cR a SR. Titul v\u00a0kategorii mu\u017e\u016f U23 vybojoval p\u0159esv\u011bd\u010div\u011b Pavel Bittner z\u00a0WorldTour t\u00fdmu DSM, \u010dasovku junior\u016f suver\u00e9nn\u011b ovl\u00e1dl Pavel \u0160ump\u00edk (Roman Kreuziger Cycling Academy) a nejlep\u0161\u00ed juniorkou byla Nela Ka\u0148kovsk\u00e1 (CC [&hellip;]<\/p>\n","protected":false},"author":15,"featured_media":25816,"comment_status":"closed","ping_status":"open","sticky":false,"template":"","format":"standard","meta":{"footnotes":""},"categories":[2,18],"tags":[11],"class_list":["post-25809","post","type-post","status-publish","format-standard","has-post-thumbnail","hentry","category-novinky","category-silnice","tag-silnice"],"_links":{"self":[{"href":"https:\/\/www.czechcyclingfederation.com\/en\/wp-json\/wp\/v2\/posts\/25809","targetHints":{"allow":["GET"]}}],"collection":[{"href":"https:\/\/www.czechcyclingfederation.com\/en\/wp-json\/wp\/v2\/posts"}],"about":[{"href":"https:\/\/www.czechcyclingfederation.com\/en\/wp-json\/wp\/v2\/types\/post"}],"author":[{"embeddable":true,"href":"https:\/\/www.czechcyclingfederation.com\/en\/wp-json\/wp\/v2\/users\/15"}],"replies":[{"embeddable":true,"href":"https:\/\/www.czechcyclingfederation.com\/en\/wp-json\/wp\/v2\/comments?post=25809"}],"version-history":[{"count":6,"href":"https:\/\/www.czechcyclingfederation.com\/en\/wp-json\/wp\/v2\/posts\/25809\/revisions"}],"predecessor-version":[{"id":25825,"href":"https:\/\/www.czechcyclingfederation.com\/en\/wp-json\/wp\/v2\/posts\/25809\/revisions\/25825"}],"wp:featuredmedia":[{"embeddable":true,"href":"https:\/\/www.czechcyclingfederation.com\/en\/wp-json\/wp\/v2\/media\/25816"}],"wp:attachment":[{"href":"https:\/\/www.czechcyclingfederation.com\/en\/wp-json\/wp\/v2\/media?parent=25809"}],"wp:term":[{"taxonomy":"category","embeddable":true,"href":"https:\/\/www.czechcyclingfederation.com\/en\/wp-json\/wp\/v2\/categories?post=25809"},{"taxonomy":"post_tag","embeddable":true,"href":"https:\/\/www.czechcyclingfederation.com\/en\/wp-json\/wp\/v2\/tags?post=25809"}],"curies":[{"name":"wp","href":"https:\/\/api.w.org\/{rel}","templated":true}]}}