{"id":25787,"date":"2023-06-22T18:10:20","date_gmt":"2023-06-22T16:10:20","guid":{"rendered":"https:\/\/www.czechcyclingfederation.com\/?p=25787"},"modified":"2023-06-22T18:10:23","modified_gmt":"2023-06-22T16:10:23","slug":"zlata-fantazie-miculycova-po-skvelem-vykonu-obhajila-evropsky-titul","status":"publish","type":"post","link":"https:\/\/www.czechcyclingfederation.com\/en\/zlata-fantazie-miculycova-po-skvelem-vykonu-obhajila-evropsky-titul\/","title":{"rendered":"Zlat\u00e1 fantazie! Miculy\u010dov\u00e1 po skv\u011bl\u00e9m v\u00fdkonu obh\u00e1jila evropsk\u00fd titul"},"content":{"rendered":"\n<p><strong>Iveta Miculy\u010dov\u00e1 <\/strong>to dok\u00e1zala! Na Evropsk\u00fdch hr\u00e1ch v Polsku obh\u00e1jila titul mistryn\u011b Evropy ve freestyle BMX. Sedmn\u00e1ctilet\u00e1 \u010desk\u00e1 cyklistka vybojovala v are\u00e1lu v Krzeszowic\u00edch zlatou medaili v&nbsp;discipl\u00edn\u011b Park.<\/p>\n\n\n\n<figure class=\"wp-block-image size-large\"><img loading=\"lazy\" decoding=\"async\" width=\"1024\" height=\"683\" src=\"https:\/\/www.czechcyclingfederation.com\/wp-content\/uploads\/2023\/06\/Miculycova-Iveta-Polsko-2-1024x683.jpg\" alt=\"\" class=\"wp-image-25792\" srcset=\"https:\/\/www.czechcyclingfederation.com\/wp-content\/uploads\/2023\/06\/Miculycova-Iveta-Polsko-2-1024x683.jpg 1024w, https:\/\/www.czechcyclingfederation.com\/wp-content\/uploads\/2023\/06\/Miculycova-Iveta-Polsko-2-300x200.jpg 300w, https:\/\/www.czechcyclingfederation.com\/wp-content\/uploads\/2023\/06\/Miculycova-Iveta-Polsko-2-768x512.jpg 768w, https:\/\/www.czechcyclingfederation.com\/wp-content\/uploads\/2023\/06\/Miculycova-Iveta-Polsko-2-1536x1024.jpg 1536w, https:\/\/www.czechcyclingfederation.com\/wp-content\/uploads\/2023\/06\/Miculycova-Iveta-Polsko-2-2048x1365.jpg 2048w, https:\/\/www.czechcyclingfederation.com\/wp-content\/uploads\/2023\/06\/Miculycova-Iveta-Polsko-2-1320x880.jpg 1320w\" sizes=\"auto, (max-width: 1024px) 100vw, 1024px\" \/><\/figure>\n\n\n\n<p><strong><em>\u201eM\u00e1m ohromnou radost, \u017ee to vy\u0161lo. Jela jsem sem s&nbsp;t\u00edm, \u017ee mus\u00edm postoupit do fin\u00e1le, d\u00e1l jsem to nech\u00e1vala otev\u0159en\u00e9. Hlavn\u011b druh\u00e1 j\u00edzda mi vy\u0161la v\u00fdborn\u011b, byla p\u0159esn\u011b podle m\u00fdch p\u0159edstav. Nem\u00e1m slov, tohle jsem ne\u010dekala,\u201c<\/em><\/strong> \u0159ekla Miculy\u010dov\u00e1.<\/p>\n\n\n\n<figure class=\"wp-block-image size-large\"><img loading=\"lazy\" decoding=\"async\" width=\"1024\" height=\"682\" src=\"https:\/\/www.czechcyclingfederation.com\/wp-content\/uploads\/2023\/06\/Miculycova-Polsko-3-1024x682.jpg\" alt=\"\" class=\"wp-image-25794\" srcset=\"https:\/\/www.czechcyclingfederation.com\/wp-content\/uploads\/2023\/06\/Miculycova-Polsko-3-1024x682.jpg 1024w, https:\/\/www.czechcyclingfederation.com\/wp-content\/uploads\/2023\/06\/Miculycova-Polsko-3-300x200.jpg 300w, https:\/\/www.czechcyclingfederation.com\/wp-content\/uploads\/2023\/06\/Miculycova-Polsko-3-768x512.jpg 768w, https:\/\/www.czechcyclingfederation.com\/wp-content\/uploads\/2023\/06\/Miculycova-Polsko-3-1536x1023.jpg 1536w, https:\/\/www.czechcyclingfederation.com\/wp-content\/uploads\/2023\/06\/Miculycova-Polsko-3-2048x1364.jpg 2048w, https:\/\/www.czechcyclingfederation.com\/wp-content\/uploads\/2023\/06\/Miculycova-Polsko-3-1320x879.jpg 1320w\" sizes=\"auto, (max-width: 1024px) 100vw, 1024px\" \/><\/figure>\n\n\n\n<p>Jako jedin\u00e1 z&nbsp;11 finalistek se bronzov\u00e1 medailistka z&nbsp;lo\u0148sk\u00e9ho MS dok\u00e1zala v&nbsp;jedn\u00e9 z&nbsp;j\u00edzd dostat p\u0159es 80 bod\u016f, konkr\u00e9tn\u011b na 82,33. Ka\u017ed\u00e1 ze z\u00e1vodnic absolvuje dv\u011b j\u00edzdy a po\u010d\u00edt\u00e1 se ta lep\u0161\u00ed. V&nbsp;t\u00e9 prvn\u00ed Miculy\u010dov\u00e1 dostala 76,33 bodu.<\/p>\n\n\n\n<figure class=\"wp-block-image size-large\"><img loading=\"lazy\" decoding=\"async\" width=\"1024\" height=\"683\" src=\"https:\/\/www.czechcyclingfederation.com\/wp-content\/uploads\/2023\/06\/miculycova-polsko-7-1024x683.jpg\" alt=\"\" class=\"wp-image-25796\" srcset=\"https:\/\/www.czechcyclingfederation.com\/wp-content\/uploads\/2023\/06\/miculycova-polsko-7-1024x683.jpg 1024w, https:\/\/www.czechcyclingfederation.com\/wp-content\/uploads\/2023\/06\/miculycova-polsko-7-300x200.jpg 300w, https:\/\/www.czechcyclingfederation.com\/wp-content\/uploads\/2023\/06\/miculycova-polsko-7-768x512.jpg 768w, https:\/\/www.czechcyclingfederation.com\/wp-content\/uploads\/2023\/06\/miculycova-polsko-7-1536x1024.jpg 1536w, https:\/\/www.czechcyclingfederation.com\/wp-content\/uploads\/2023\/06\/miculycova-polsko-7-2048x1365.jpg 2048w, https:\/\/www.czechcyclingfederation.com\/wp-content\/uploads\/2023\/06\/miculycova-polsko-7-1320x880.jpg 1320w\" sizes=\"auto, (max-width: 1024px) 100vw, 1024px\" \/><\/figure>\n\n\n\n<p><strong><em>\u201ePrvn\u00ed j\u00edzda byla takov\u00e1 na jistotu, abych v&nbsp;t\u00e9 druh\u00e9 mohla v\u00edc zariskovat a p\u0159edv\u00e9st sv\u016fj trik, kter\u00fd jsem si nech\u00e1vala v&nbsp;tajnosti. Nikdo nev\u011bd\u011bl, \u017ee ho tady zkus\u00edm,\u201c<\/em><\/strong> prozradila.<\/p>\n\n\n\n<p>S&nbsp;tren\u00e9rem dokonce kv\u016fli triku backflip barspin, co\u017e je salto vzad s proto\u010den\u00edm \u0159\u00edd\u00edtek, sundali na druhou j\u00edzdu z&nbsp;jej\u00edho kola brzdu, aby se eliminovalo riziko nezdaru.<\/p>\n\n\n\n<figure class=\"wp-block-image size-large\"><img loading=\"lazy\" decoding=\"async\" width=\"1024\" height=\"682\" src=\"https:\/\/www.czechcyclingfederation.com\/wp-content\/uploads\/2023\/06\/miculycova-polsko-4-1024x682.jpg\" alt=\"\" class=\"wp-image-25798\" srcset=\"https:\/\/www.czechcyclingfederation.com\/wp-content\/uploads\/2023\/06\/miculycova-polsko-4-1024x682.jpg 1024w, https:\/\/www.czechcyclingfederation.com\/wp-content\/uploads\/2023\/06\/miculycova-polsko-4-300x200.jpg 300w, https:\/\/www.czechcyclingfederation.com\/wp-content\/uploads\/2023\/06\/miculycova-polsko-4-768x512.jpg 768w, https:\/\/www.czechcyclingfederation.com\/wp-content\/uploads\/2023\/06\/miculycova-polsko-4-1536x1023.jpg 1536w, https:\/\/www.czechcyclingfederation.com\/wp-content\/uploads\/2023\/06\/miculycova-polsko-4-2048x1364.jpg 2048w, https:\/\/www.czechcyclingfederation.com\/wp-content\/uploads\/2023\/06\/miculycova-polsko-4-1320x879.jpg 1320w\" sizes=\"auto, (max-width: 1024px) 100vw, 1024px\" \/><\/figure>\n\n\n\n<p><strong><em>\u201eVy\u0161lo to skv\u011ble, tr\u00e9novala jsem na to hodn\u011b dlouho. Snad dva m\u011bs\u00edce, ka\u017ed\u00fd den, kdy jsem ten trik sk\u00e1kala do molitanu. V\u011bd\u011bla jsem, \u017ee ho m\u00e1m natr\u00e9novan\u00fd a m\u016f\u017eu to zkusit,\u201c<\/em><\/strong> dodala staronov\u00e1 mistryn\u011b Evropy.<\/p>\n\n\n\n<figure class=\"wp-block-image size-large\"><img loading=\"lazy\" decoding=\"async\" width=\"1024\" height=\"682\" src=\"https:\/\/www.czechcyclingfederation.com\/wp-content\/uploads\/2023\/06\/miculycova-polsko-6-1024x682.jpg\" alt=\"\" class=\"wp-image-25802\" srcset=\"https:\/\/www.czechcyclingfederation.com\/wp-content\/uploads\/2023\/06\/miculycova-polsko-6-1024x682.jpg 1024w, https:\/\/www.czechcyclingfederation.com\/wp-content\/uploads\/2023\/06\/miculycova-polsko-6-300x200.jpg 300w, https:\/\/www.czechcyclingfederation.com\/wp-content\/uploads\/2023\/06\/miculycova-polsko-6-768x512.jpg 768w, https:\/\/www.czechcyclingfederation.com\/wp-content\/uploads\/2023\/06\/miculycova-polsko-6-1536x1023.jpg 1536w, https:\/\/www.czechcyclingfederation.com\/wp-content\/uploads\/2023\/06\/miculycova-polsko-6-2048x1364.jpg 2048w, https:\/\/www.czechcyclingfederation.com\/wp-content\/uploads\/2023\/06\/miculycova-polsko-6-1320x879.jpg 1320w\" sizes=\"auto, (max-width: 1024px) 100vw, 1024px\" \/><\/figure>\n\n\n\n<p>Velmi dob\u0159e si vedla i dal\u0161\u00ed \u010desk\u00e1 reprezentantka<strong> Kate\u0159ina Jal\u016fvkov\u00e1<\/strong>, kter\u00e1 obsadila sedm\u00e9 m\u00edsto. Stejn\u00e1 p\u0159\u00ed\u010dka pat\u0159ila mezi mu\u017ei <strong>Tom\u00e1\u0161i Beranovi, Martin Habada<\/strong> nepro\u0161el s\u00edtem kvalifikace.<\/p>\n\n\n\n<p><strong>V\u00fdsledky \u2013 \u017eeny: 1. Miculy\u010dov\u00e1 <\/strong>(\u010cR) 82,33 b., 2. M\u00fcllerov\u00e1 (N\u011bm.) 79,66, 3. Perezov\u00e1 (Fr.) 77,00, &#8230; <strong>7. Jal\u016fvkov\u00e1<\/strong> (\u010cR) 56,66.<\/p>\n\n\n\n<p><strong>Mu\u017ei:<\/strong> 1. Reilly (Brit.) 92,33, 2. Jeanjean (Fr.) 90,80, 3. Brooks (Brit.) 87, 40, \u2026<strong>7. Beran <\/strong>(\u010cR) 75,06.<\/p>\n\n\n\n<p><\/p>\n\n\n\n<p>Foto: \u010cOV\/Martin Flousek<\/p>\n","protected":false},"excerpt":{"rendered":"<p>Iveta Miculy\u010dov\u00e1 to dok\u00e1zala! Na Evropsk\u00fdch hr\u00e1ch v Polsku obh\u00e1jila titul mistryn\u011b Evropy ve freestyle BMX. Sedmn\u00e1ctilet\u00e1 \u010desk\u00e1 cyklistka vybojovala v are\u00e1lu v Krzeszowic\u00edch zlatou medaili v&nbsp;discipl\u00edn\u011b Park. \u201eM\u00e1m ohromnou radost, \u017ee to vy\u0161lo. Jela jsem sem s&nbsp;t\u00edm, \u017ee mus\u00edm postoupit do fin\u00e1le, d\u00e1l jsem to nech\u00e1vala otev\u0159en\u00e9. Hlavn\u011b druh\u00e1 j\u00edzda mi vy\u0161la v\u00fdborn\u011b, byla [&hellip;]<\/p>\n","protected":false},"author":15,"featured_media":25788,"comment_status":"closed","ping_status":"open","sticky":false,"template":"","format":"standard","meta":{"footnotes":""},"categories":[57,2,1],"tags":[55],"class_list":["post-25787","post","type-post","status-publish","format-standard","has-post-thumbnail","hentry","category-bmx","category-novinky","category-uncategorized-cs","tag-bmx"],"_links":{"self":[{"href":"https:\/\/www.czechcyclingfederation.com\/en\/wp-json\/wp\/v2\/posts\/25787","targetHints":{"allow":["GET"]}}],"collection":[{"href":"https:\/\/www.czechcyclingfederation.com\/en\/wp-json\/wp\/v2\/posts"}],"about":[{"href":"https:\/\/www.czechcyclingfederation.com\/en\/wp-json\/wp\/v2\/types\/post"}],"author":[{"embeddable":true,"href":"https:\/\/www.czechcyclingfederation.com\/en\/wp-json\/wp\/v2\/users\/15"}],"replies":[{"embeddable":true,"href":"https:\/\/www.czechcyclingfederation.com\/en\/wp-json\/wp\/v2\/comments?post=25787"}],"version-history":[{"count":7,"href":"https:\/\/www.czechcyclingfederation.com\/en\/wp-json\/wp\/v2\/posts\/25787\/revisions"}],"predecessor-version":[{"id":25808,"href":"https:\/\/www.czechcyclingfederation.com\/en\/wp-json\/wp\/v2\/posts\/25787\/revisions\/25808"}],"wp:featuredmedia":[{"embeddable":true,"href":"https:\/\/www.czechcyclingfederation.com\/en\/wp-json\/wp\/v2\/media\/25788"}],"wp:attachment":[{"href":"https:\/\/www.czechcyclingfederation.com\/en\/wp-json\/wp\/v2\/media?parent=25787"}],"wp:term":[{"taxonomy":"category","embeddable":true,"href":"https:\/\/www.czechcyclingfederation.com\/en\/wp-json\/wp\/v2\/categories?post=25787"},{"taxonomy":"post_tag","embeddable":true,"href":"https:\/\/www.czechcyclingfederation.com\/en\/wp-json\/wp\/v2\/tags?post=25787"}],"curies":[{"name":"wp","href":"https:\/\/api.w.org\/{rel}","templated":true}]}}