{"id":25763,"date":"2023-06-20T10:42:06","date_gmt":"2023-06-20T08:42:06","guid":{"rendered":"https:\/\/www.czechcyclingfederation.com\/?p=25763"},"modified":"2023-06-20T10:42:09","modified_gmt":"2023-06-20T08:42:09","slug":"mistrovstvi-republiky-v-silnicni-cyklistice-s-radou-hvezd","status":"publish","type":"post","link":"https:\/\/www.czechcyclingfederation.com\/en\/mistrovstvi-republiky-v-silnicni-cyklistice-s-radou-hvezd\/","title":{"rendered":"Mistrovstv\u00ed republiky v silni\u010dn\u00ed cyklistice s \u0159adou hv\u011bzd"},"content":{"rendered":"\n<p>U\u017e tento t\u00fdden, od \u010dtvrtka 22. do ned\u011ble 25. \u010dervna, se kon\u00e1 spole\u010dn\u00e9 mistrovstv\u00ed \u010cR a SR v silni\u010dn\u00ed cyklistice. Letos host\u00ed \u0161ampion\u00e1t jihoslovensk\u00e9 Tlma\u010de a na startu se p\u0159edstav\u00ed \u0159ada hv\u011bzd. V\u010detn\u011b slovensk\u00e9 megastar Petera Sagana, kter\u00fd se lou\u010d\u00ed se silni\u010dn\u00ed kari\u00e9rou a d\u00e1l se chce v\u011bnovat hlavn\u011b horsk\u00fdm kol\u016fm.<\/p>\n\n\n\n<p>Ve \u010dtvrtek 22. \u010dervna jsou na programu \u010dasovky v\u0161ech kategori\u00ed, o v\u00edkendu pak prob\u011bhnou silni\u010dn\u00ed z\u00e1vody. V sobotu se p\u0159edstav\u00ed \u017eeny s juniorkami a junio\u0159i, v ned\u011bli mistrovstv\u00ed vyvrchol\u00ed z\u00e1vodem elitn\u00ed mu\u017esk\u00e9 kategorie.&nbsp;<\/p>\n\n\n\n<p>S mu\u017ei pojedou i jezdci U23, ale ti se o tituly sv\u00e9 kategorie utkali v samostatn\u00e9m z\u00e1vod\u011b v B\u00e1novc\u00edch nad Bebravou u\u017e te\u010f v ned\u011bli a \u010desk\u00fd titul z\u00edskal Daniel Mr\u00e1z z Elkov Kasper. Tak\u017ee cyklist\u00e9 U23 u\u017e zvl\u00e1\u0161\u0165 klasifikov\u00e1ni nebudou. Samostatn\u011b budou jako ji\u017e tradi\u010dn\u011b ve v\u0161ech discipl\u00edn\u00e1ch hodnoceni jezdci ka\u017ed\u00e9ho st\u00e1tu.<\/p>\n\n\n\n<p>Na startu se sejde t\u00e9m\u011b\u0159 kompletn\u00ed \u010desk\u00e1 i slovensk\u00e1 \u0161pi\u010dka v\u010detn\u011b Petera Sagana. Slovensk\u00fd trojn\u00e1sobn\u00fd mistr sv\u011bta se pr\u00e1v\u011b v Tlma\u010d\u00edch bude lou\u010dit s fanou\u0161ky na jednom z posledn\u00edch start\u016f na dom\u00e1c\u00ed p\u016fd\u011b.&nbsp;<\/p>\n\n\n\n<p>\u201eChceme uk\u00e1zat cel\u00e9mu sv\u011btu, jak se um\u00edme rozlou\u010dit s legendou. Peter bude nav\u017edy pat\u0159it k jedn\u011bm z nejv\u011bt\u0161\u00edch cyklistick\u00fdch velik\u00e1n\u016f a u\u017e te\u010f m\u00e1m chv\u011bn\u00ed z toho, kdy\u017e pomysl\u00edm, \u017ee n\u00e1\u0161 z\u00e1vod bude jeden z jeho rozlu\u010dkov\u00fdch. Srde\u010dn\u011b k n\u00e1m zveme v\u0161echny fanou\u0161ky cyklistiky a v\u011b\u0159\u00edme, \u017ee vytvo\u0159\u00ed skv\u011blou atmosf\u00e9ru,\u201c prohl\u00e1sil \u0159editel \u0161ampion\u00e1tu Tom\u00e1\u0161 Bal\u00e1\u017e.&nbsp;<\/p>\n\n\n\n<p>Tituly v silni\u010dn\u00edm z\u00e1vod\u011b jednotlivc\u016f obhajuj\u00ed mezi mu\u017ei Mat\u011bj Zah\u00e1lka (Elkov Kasper) a pr\u00e1v\u011b Peter Sagan (TotalEnergies), jen\u017e se stal slovensk\u00fdm \u0161ampi\u00f3nem ji\u017e osmkr\u00e1t. V \u010dasovce mu\u017esk\u00e9 elity bude o osm\u00fd \u010desk\u00fd titul usilovat Jan B\u00e1rta (Elkov Kasper), kter\u00fd absolvuje svou posledn\u00ed sezonu kari\u00e9ry.<\/p>\n\n\n\n<p>\u201eHonza se na tu \u010dasovku dlouhodob\u011b speci\u00e1ln\u011b chyst\u00e1. V\u0161ichni bychom si moc p\u0159\u00e1li, aby na z\u00e1v\u011br kari\u00e9ry p\u0159ekonal rekord v po\u010dtu \u010dasovk\u00e1\u0159sk\u00fdch titul\u016f. Je mu osmat\u0159icet a n\u011bkte\u0159\u00ed ze soupe\u0159\u016f by skoro mohli b\u00fdt jeho synov\u00e9. Ale d\u00e1v\u00e1 tomu maximum a forma graduje. Te\u010f to potvrdil \u0161est\u00fdm m\u00edstem na etapov\u00e9m z\u00e1vod\u011b ve Francii,\u201c uvedl \u0159editel st\u00e1je Elkov Kasper Vladim\u00edr V\u00e1vra.&nbsp;<\/p>\n\n\n\n<p>Jeho nejv\u011bt\u0161\u00edm soupe\u0159em by m\u011bl b\u00fdt Mathias Vacek (Trek-Segafredo), kter\u00fd vloni vyhr\u00e1l titul v \u010dasovce do 23 let, ale d\u00e1l u\u017e bude z\u00e1vodit jen mezi elitou, p\u0159esto\u017ee by je\u0161t\u011b v\u011bkov\u011b mohl bojovat o medaile v kategorii U23. Formu m\u00e1, na z\u00e1vod\u011b Kolem Belgie skon\u010dil dev\u00e1t\u00fd a vyhr\u00e1l sout\u011b\u017e o nejlep\u0161\u00edho mlad\u00e9ho jezdce.<\/p>\n\n\n\n<p>Vacek nebude chyb\u011bt ani v ned\u011bli na startu silni\u010dn\u00edho z\u00e1vodu jednotlivc\u016f. Ze z\u00e1vodn\u00edk\u016f p\u016fsob\u00edc\u00edch v elitn\u00edch zahrani\u010dn\u00edch t\u00fdmech se d\u00e1le p\u0159edstav\u00ed mj. jeho bratr Karel Vacek (Corratec), Pavel Bittner (DSM), Tom\u00e1\u0161 B\u00e1rta, Michal Schlegel, Daniel Babor (v\u0161. Caja Rural &#8211; Seguros RGA), Michael Kukrle (Felbermayr Simplon Wels), Petr Kelemen (Tudor), Milan Kadlec a Adam Seeman (oba Development Team DSM) a dal\u0161\u00ed.<\/p>\n\n\n\n<p>Z \u010desk\u00fdch jezdc\u016f p\u016fsob\u00edc\u00edch v dom\u00e1c\u00edch t\u00fdmech by m\u011bli tvo\u0159it z\u00e1vod zejm\u00e9na cyklist\u00e9 dvou nejsiln\u011bj\u0161\u00edch st\u00e1j\u00ed Elkov Kasper a ATT Investments. Silni\u010dn\u00ed z\u00e1vod na bezm\u00e1la 230 km se jede na rovinat\u00e9m okruhu, kter\u00fd teoreticky nahr\u00e1v\u00e1 sprinter\u016fm.<\/p>\n\n\n\n<p><strong>Program \u0161ampion\u00e1tu<\/strong><\/p>\n\n\n\n<p><strong>\u010casovky<\/strong><\/p>\n\n\n\n<p>\u010ctvrtek 22. 6., 9.00: juniorky (11,5 km), \u017eeny elite (23 km), junio\u0159i (23 km), 15.30: mu\u017ei U23 (34,5 km), mu\u017ei elite (46 km).<\/p>\n\n\n\n<p><strong>Silni\u010dn\u00ed z\u00e1vody<\/strong><\/p>\n\n\n\n<p>Sobota 24. 6., 10.00: \u017eeny + juniorky (96,7 km), 14.30: junio\u0159i (129,5 km). Ned\u011ble 25. 6., 10.30: mu\u017ei elite (227,9 km).<\/p>\n\n\n\n<figure class=\"wp-block-image size-large\"><img loading=\"lazy\" decoding=\"async\" width=\"1024\" height=\"682\" src=\"https:\/\/www.czechcyclingfederation.com\/wp-content\/uploads\/2023\/06\/BrychtaJan_MR_MCR_MSR_Mlada_Vozicev_20220626_135741_DSC_2202-1024x682.jpg\" alt=\"\" class=\"wp-image-25766\" srcset=\"https:\/\/www.czechcyclingfederation.com\/wp-content\/uploads\/2023\/06\/BrychtaJan_MR_MCR_MSR_Mlada_Vozicev_20220626_135741_DSC_2202-1024x682.jpg 1024w, https:\/\/www.czechcyclingfederation.com\/wp-content\/uploads\/2023\/06\/BrychtaJan_MR_MCR_MSR_Mlada_Vozicev_20220626_135741_DSC_2202-300x200.jpg 300w, https:\/\/www.czechcyclingfederation.com\/wp-content\/uploads\/2023\/06\/BrychtaJan_MR_MCR_MSR_Mlada_Vozicev_20220626_135741_DSC_2202-768x511.jpg 768w, https:\/\/www.czechcyclingfederation.com\/wp-content\/uploads\/2023\/06\/BrychtaJan_MR_MCR_MSR_Mlada_Vozicev_20220626_135741_DSC_2202-1536x1022.jpg 1536w, https:\/\/www.czechcyclingfederation.com\/wp-content\/uploads\/2023\/06\/BrychtaJan_MR_MCR_MSR_Mlada_Vozicev_20220626_135741_DSC_2202-2048x1363.jpg 2048w, https:\/\/www.czechcyclingfederation.com\/wp-content\/uploads\/2023\/06\/BrychtaJan_MR_MCR_MSR_Mlada_Vozicev_20220626_135741_DSC_2202-1320x879.jpg 1320w\" sizes=\"auto, (max-width: 1024px) 100vw, 1024px\" \/><\/figure>\n\n\n<div class=\"wp-block-image\">\n<figure class=\"aligncenter size-large\"><img loading=\"lazy\" decoding=\"async\" width=\"724\" height=\"1024\" src=\"https:\/\/www.czechcyclingfederation.com\/wp-content\/uploads\/2023\/06\/Snimek-obrazovky-2023-06-20-v-10.41.16-724x1024.png\" alt=\"\" class=\"wp-image-25768\" srcset=\"https:\/\/www.czechcyclingfederation.com\/wp-content\/uploads\/2023\/06\/Snimek-obrazovky-2023-06-20-v-10.41.16-724x1024.png 724w, https:\/\/www.czechcyclingfederation.com\/wp-content\/uploads\/2023\/06\/Snimek-obrazovky-2023-06-20-v-10.41.16-141x200.png 141w, https:\/\/www.czechcyclingfederation.com\/wp-content\/uploads\/2023\/06\/Snimek-obrazovky-2023-06-20-v-10.41.16-768x1086.png 768w, https:\/\/www.czechcyclingfederation.com\/wp-content\/uploads\/2023\/06\/Snimek-obrazovky-2023-06-20-v-10.41.16.png 960w\" sizes=\"auto, (max-width: 724px) 100vw, 724px\" \/><\/figure>\n<\/div>","protected":false},"excerpt":{"rendered":"<p>U\u017e tento t\u00fdden, od \u010dtvrtka 22. do ned\u011ble 25. \u010dervna, se kon\u00e1 spole\u010dn\u00e9 mistrovstv\u00ed \u010cR a SR v silni\u010dn\u00ed cyklistice. Letos host\u00ed \u0161ampion\u00e1t jihoslovensk\u00e9 Tlma\u010de a na startu se p\u0159edstav\u00ed \u0159ada hv\u011bzd. V\u010detn\u011b slovensk\u00e9 megastar Petera Sagana, kter\u00fd se lou\u010d\u00ed se silni\u010dn\u00ed kari\u00e9rou a d\u00e1l se chce v\u011bnovat hlavn\u011b horsk\u00fdm kol\u016fm. Ve \u010dtvrtek 22. \u010dervna [&hellip;]<\/p>\n","protected":false},"author":15,"featured_media":25764,"comment_status":"closed","ping_status":"open","sticky":false,"template":"","format":"standard","meta":{"footnotes":""},"categories":[17,2,18],"tags":[11],"class_list":["post-25763","post","type-post","status-publish","format-standard","has-post-thumbnail","hentry","category-discipliny","category-novinky","category-silnice","tag-silnice"],"_links":{"self":[{"href":"https:\/\/www.czechcyclingfederation.com\/en\/wp-json\/wp\/v2\/posts\/25763","targetHints":{"allow":["GET"]}}],"collection":[{"href":"https:\/\/www.czechcyclingfederation.com\/en\/wp-json\/wp\/v2\/posts"}],"about":[{"href":"https:\/\/www.czechcyclingfederation.com\/en\/wp-json\/wp\/v2\/types\/post"}],"author":[{"embeddable":true,"href":"https:\/\/www.czechcyclingfederation.com\/en\/wp-json\/wp\/v2\/users\/15"}],"replies":[{"embeddable":true,"href":"https:\/\/www.czechcyclingfederation.com\/en\/wp-json\/wp\/v2\/comments?post=25763"}],"version-history":[{"count":1,"href":"https:\/\/www.czechcyclingfederation.com\/en\/wp-json\/wp\/v2\/posts\/25763\/revisions"}],"predecessor-version":[{"id":25770,"href":"https:\/\/www.czechcyclingfederation.com\/en\/wp-json\/wp\/v2\/posts\/25763\/revisions\/25770"}],"wp:featuredmedia":[{"embeddable":true,"href":"https:\/\/www.czechcyclingfederation.com\/en\/wp-json\/wp\/v2\/media\/25764"}],"wp:attachment":[{"href":"https:\/\/www.czechcyclingfederation.com\/en\/wp-json\/wp\/v2\/media?parent=25763"}],"wp:term":[{"taxonomy":"category","embeddable":true,"href":"https:\/\/www.czechcyclingfederation.com\/en\/wp-json\/wp\/v2\/categories?post=25763"},{"taxonomy":"post_tag","embeddable":true,"href":"https:\/\/www.czechcyclingfederation.com\/en\/wp-json\/wp\/v2\/tags?post=25763"}],"curies":[{"name":"wp","href":"https:\/\/api.w.org\/{rel}","templated":true}]}}