{"id":25757,"date":"2023-06-20T10:25:50","date_gmt":"2023-06-20T08:25:50","guid":{"rendered":"https:\/\/www.czechcyclingfederation.com\/?p=25757"},"modified":"2023-06-20T10:25:53","modified_gmt":"2023-06-20T08:25:53","slug":"mistrovsky-titul-v-kategorii-u23-ziskal-kombinovany-tym-svitavky-a-zlina","status":"publish","type":"post","link":"https:\/\/www.czechcyclingfederation.com\/en\/mistrovsky-titul-v-kategorii-u23-ziskal-kombinovany-tym-svitavky-a-zlina\/","title":{"rendered":"Mistrovsk\u00fd titul v kategorii U23 z\u00edskal kombinovan\u00fd t\u00fdm Svit\u00e1vky a Zl\u00edna"},"content":{"rendered":"\n<p>V sobotu 17. \u010dervna se ve sportovn\u00ed hale ve Svit\u00e1vce uskute\u010dnil fin\u00e1lov\u00fd turnaj mistrovstv\u00ed \u010cR kategorie U23.\u00a0<br>Po dvou odehran\u00fdch kolech byly favority na v\u00edt\u011bzstv\u00ed dva t\u00fdmy, kter\u00e9 tak\u00e9 h\u00e1jily stejn\u00fd po\u010det nomina\u010dn\u00edch bod\u016f pro leto\u0161n\u00ed mistrovstv\u00ed Evropy , kter\u00e9 se uskute\u010dn\u00ed v polovin\u011b z\u00e1\u0159\u00ed ve \u0161v\u00fdcarsk\u00e9m Altdorfu. Kombinovan\u00fd t\u00fdm Svit\u00e1vky a Zl\u00edna a t\u00fdm MO\/SC Svit\u00e1vka vstupovaly do turnaje s nejvy\u0161\u0161\u00edmi ambicemi na zisk titulu.<\/p>\n\n\n\n<p>T\u00fdm Svit\u00e1vka\/Zl\u00edn ve slo\u017een\u00ed (David Petr \u2013 Tom\u00e1\u0161 Hor\u00e1k) zvl\u00e1dl proj\u00edt turnajem bez ztr\u00e1ty bodu a v rozhoduj\u00edc\u00edm posledn\u00edm utk\u00e1n\u00ed turnaje proti t\u00fdmu MO\/SC Svit\u00e1vky (Jan Hrdli\u010dka \u2013 Jan Kripner) zv\u00edt\u011bzil 2:0. Z\u00edskal tak titul mistr\u016f republiky pro leto\u0161n\u00ed rok a z prvn\u00edho m\u00edsta v celkov\u00e9 klasifikaci si zajistil \u00fa\u010dast na mistrovstv\u00ed Evropy.\u00a0<br>T\u00fdm Svit\u00e1vky v turnaji zav\u00e1hal ve dvou utk\u00e1n\u00edch a v kone\u010dn\u00e9m sou\u010dtu tak bral bronzov\u00e9 medaile. V celkov\u00e9m po\u0159ad\u00ed ale uh\u00e1jil druh\u00e9 m\u00edsto a m\u011bl by tak startovat na mistrovstv\u00ed Evropy jako druh\u00fd \u010desk\u00fd t\u00fdm, jako v minul\u00e9m roce. Hrdli\u010dka s Kripnerem je\u0161t\u011b p\u0159ed \u201efin\u00e1lov\u00fdm\u201c utk\u00e1n\u00edm prohr\u00e1l proti velmi dob\u0159e hraj\u00edc\u00ed dvojici Sokola Zl\u00edn (Vojt\u011bch Baxa \u2013 J\u00e1chym Baxa). Pr\u00e1v\u011b mlad\u00e1 bratrsk\u00e1 dvojice p\u0159edvedla na posledn\u00edm turnaji leto\u0161n\u00ed sez\u00f3ny kategorie U23 dobr\u00fd v\u00fdkon a z\u00edskala nakonec st\u0159\u00edbrn\u00e9 medaile.<\/p>\n\n\n\n<p>Um\u00edst\u011bn\u00ed t\u011bchto t\u0159\u00ed t\u00fdm\u016f na stupn\u00edch v\u00edt\u011bz\u016f se dalo o\u010dek\u00e1vat a souboj o \u010dtvrt\u00e9 a\u017e \u0161est\u00e9 m\u00edsto byl ji\u017e velmi vyrovnan\u00fd.\u00a0<br>Na \u010dtvrt\u00e9m m\u00edst\u011b se nakonec um\u00edstilo severo\u010desk\u00e9 dru\u017estvo Spartaku Chrastava (Luk\u00e1\u0161 Posp\u00ed\u0161il \u2013 Mat\u011bj Ro\u017eec) , kter\u00e9 v turnaji z\u00edskalo 4 body za v\u00fdhru a rem\u00edzu.\u00a0<br>O po\u0159ad\u00ed na p\u00e1t\u00e9m a \u0161est\u00e9m m\u00edst\u011b muselo mezi t\u00fdmy MO Svit\u00e1vky a Sokolem \u0160itbo\u0159ice rozhodnout a\u017e sk\u00f3re jeliko\u017e oba t\u00fdmy z\u00edskaly pouze 2 body za dv\u011b rem\u00edzy.\u00a0<br>Lep\u0161\u00ed sk\u00f3re m\u011bl pak t\u00fdm ze \u0160itbo\u0159ic (Dominik \u0160abata \u2013 \u0160imon Urb\u00e1nek) a leto\u0161n\u00ed sez\u00f3nu tak zakon\u010dil na p\u00e1t\u00e9m m\u00edst\u011b.\u00a0<br>Na posledn\u00edm, \u0161est\u00e9m m\u00edst\u011b, se um\u00edstila dom\u00e1c\u00ed dvojice MO Svit\u00e1vky (Michal Musil \u2013 Martin Kone\u010dn\u00fd).\u00a0<\/p>\n\n\n\n<figure class=\"wp-block-image size-large\"><img loading=\"lazy\" decoding=\"async\" width=\"1024\" height=\"682\" src=\"https:\/\/www.czechcyclingfederation.com\/wp-content\/uploads\/2023\/06\/PN738638-1-1024x682.jpg\" alt=\"\" class=\"wp-image-25760\" srcset=\"https:\/\/www.czechcyclingfederation.com\/wp-content\/uploads\/2023\/06\/PN738638-1-1024x682.jpg 1024w, https:\/\/www.czechcyclingfederation.com\/wp-content\/uploads\/2023\/06\/PN738638-1-300x200.jpg 300w, https:\/\/www.czechcyclingfederation.com\/wp-content\/uploads\/2023\/06\/PN738638-1-768x512.jpg 768w, https:\/\/www.czechcyclingfederation.com\/wp-content\/uploads\/2023\/06\/PN738638-1-1536x1024.jpg 1536w, https:\/\/www.czechcyclingfederation.com\/wp-content\/uploads\/2023\/06\/PN738638-1-1320x880.jpg 1320w, https:\/\/www.czechcyclingfederation.com\/wp-content\/uploads\/2023\/06\/PN738638-1.jpg 2000w\" sizes=\"auto, (max-width: 1024px) 100vw, 1024px\" \/><\/figure>\n\n\n\n<p>Foto : Petr Ne\u010das\u00a0<\/p>\n\n\n\n<p>Autor: Ji\u0159\u00ed Hrdli\u010dka<\/p>\n","protected":false},"excerpt":{"rendered":"<p>V sobotu 17. \u010dervna se ve sportovn\u00ed hale ve Svit\u00e1vce uskute\u010dnil fin\u00e1lov\u00fd turnaj mistrovstv\u00ed \u010cR kategorie U23.\u00a0Po dvou odehran\u00fdch kolech byly favority na v\u00edt\u011bzstv\u00ed dva t\u00fdmy, kter\u00e9 tak\u00e9 h\u00e1jily stejn\u00fd po\u010det nomina\u010dn\u00edch bod\u016f pro leto\u0161n\u00ed mistrovstv\u00ed Evropy , kter\u00e9 se uskute\u010dn\u00ed v polovin\u011b z\u00e1\u0159\u00ed ve \u0161v\u00fdcarsk\u00e9m Altdorfu. Kombinovan\u00fd t\u00fdm Svit\u00e1vky a Zl\u00edna a t\u00fdm MO\/SC [&hellip;]<\/p>\n","protected":false},"author":1,"featured_media":25758,"comment_status":"closed","ping_status":"open","sticky":false,"template":"","format":"standard","meta":{"footnotes":""},"categories":[57,2],"tags":[61],"class_list":["post-25757","post","type-post","status-publish","format-standard","has-post-thumbnail","hentry","category-bmx","category-novinky","tag-salovka"],"_links":{"self":[{"href":"https:\/\/www.czechcyclingfederation.com\/en\/wp-json\/wp\/v2\/posts\/25757","targetHints":{"allow":["GET"]}}],"collection":[{"href":"https:\/\/www.czechcyclingfederation.com\/en\/wp-json\/wp\/v2\/posts"}],"about":[{"href":"https:\/\/www.czechcyclingfederation.com\/en\/wp-json\/wp\/v2\/types\/post"}],"author":[{"embeddable":true,"href":"https:\/\/www.czechcyclingfederation.com\/en\/wp-json\/wp\/v2\/users\/1"}],"replies":[{"embeddable":true,"href":"https:\/\/www.czechcyclingfederation.com\/en\/wp-json\/wp\/v2\/comments?post=25757"}],"version-history":[{"count":1,"href":"https:\/\/www.czechcyclingfederation.com\/en\/wp-json\/wp\/v2\/posts\/25757\/revisions"}],"predecessor-version":[{"id":25762,"href":"https:\/\/www.czechcyclingfederation.com\/en\/wp-json\/wp\/v2\/posts\/25757\/revisions\/25762"}],"wp:featuredmedia":[{"embeddable":true,"href":"https:\/\/www.czechcyclingfederation.com\/en\/wp-json\/wp\/v2\/media\/25758"}],"wp:attachment":[{"href":"https:\/\/www.czechcyclingfederation.com\/en\/wp-json\/wp\/v2\/media?parent=25757"}],"wp:term":[{"taxonomy":"category","embeddable":true,"href":"https:\/\/www.czechcyclingfederation.com\/en\/wp-json\/wp\/v2\/categories?post=25757"},{"taxonomy":"post_tag","embeddable":true,"href":"https:\/\/www.czechcyclingfederation.com\/en\/wp-json\/wp\/v2\/tags?post=25757"}],"curies":[{"name":"wp","href":"https:\/\/api.w.org\/{rel}","templated":true}]}}