{"id":25727,"date":"2023-06-18T21:12:20","date_gmt":"2023-06-18T19:12:20","guid":{"rendered":"https:\/\/www.czechcyclingfederation.com\/?p=25727"},"modified":"2023-06-18T21:30:49","modified_gmt":"2023-06-18T19:30:49","slug":"rugovac-s-vonesem-druzi-na-gp-brno","status":"publish","type":"post","link":"https:\/\/www.czechcyclingfederation.com\/en\/rugovac-s-vonesem-druzi-na-gp-brno\/","title":{"rendered":"Rugovac s Vone\u0161em druz\u00ed na GP Brno"},"content":{"rendered":"\n<p>Dvojice Denis Rugovac s Janem Vone\u0161em startuj\u00edc\u00ed v&nbsp;barv\u00e1ch \u010desk\u00e9 reprezentace vybojovala druh\u00e9 m\u00edsto v madisonu na 10. ro\u010dn\u00edk Grand Prix Brno v dr\u00e1hov\u00e9 cyklistice, kdy\u017e nesta\u010dila pouze na belgickou dvojici Tuur Dens, Jules Hesters. Z\u00e1vodnice Dukla Praha Barbora N\u011bmcov\u00e1 skon\u010dila p\u00e1t\u00e1 v omniu, zv\u00edt\u011bzila Polka Daria Pikulikov\u00e1.<\/p>\n\n\n\n<p>Keirin se v podniku prvn\u00ed kategorie kalend\u00e1\u0159e UCI a \u010cesk\u00e9ho poh\u00e1ru a stal ko\u0159ist\u00ed Brita Jacka Carlina, \u017eensk\u00e9mu sprintu kralovala jeho krajanka Sophie Capewellov\u00e1.<\/p>\n\n\n\n<p>V\u00fdsledky:<\/p>\n\n\n\n<p>\u017deny:<\/p>\n\n\n\n<p>Omnium:<\/p>\n\n\n\n<p>1. D. Pikulikov\u00e1 170, 2. W. Pikulikov\u00e1&nbsp;&nbsp; 144, 3. Majewsk\u00e1 (v\u0161echny Pol.) 122, &#8230;5. N\u011bmcov\u00e1 92, 7. B\u00e1rtov\u00e1 86, 8. Macha\u010dov\u00e1 (v\u0161echny Dukla Praha) 77.<\/p>\n\n\n\n<p>Sprint:<\/p>\n\n\n\n<p>1. Capewellov\u00e1, 2. Finucaneov\u00e1, 3. Marchantov\u00e1 (v\u0161echny Brit.), &#8230;9. V. Jaborn\u00edkov\u00e1 (Dukla Brno).<\/p>\n\n\n\n<p>Mu\u017ei:<\/p>\n\n\n\n<p>Madison:<\/p>\n\n\n\n<p>1. Dens, Hesters (Belg.) 61, 2. Rugovac, Vone\u0161 (\u010cR) 43, 3. Maslak, Sajnok (Pol.) 31.<\/p>\n\n\n\n<p>Keirin:<\/p>\n\n\n\n<p>1. Carlin (Brit.), 2. Rajkowski (Pol.), 3. Charovas (\u0158ec.), &#8230;13. \u0160\u0165astn\u00fd,&nbsp; Bohusl\u00e1vek (oba Dukla Brno).<\/p>\n\n\n\n<p>Mu\u017ei U23:<\/p>\n\n\n\n<p>Scratch:.<\/p>\n\n\n\n<p>1. Keinan (Izr.), 2. Webster (Kan.), 3. Pinazzi (It.).<\/p>\n\n\n\n<p>FOTO Luk\u00e1\u0161 Thun<\/p>\n\n\n\n<figure class=\"wp-block-image size-full\"><img loading=\"lazy\" decoding=\"async\" width=\"1024\" height=\"766\" src=\"http:\/\/www.czechcyclingfederation.com\/wp-content\/uploads\/2023\/06\/Obrazek-WhatsApp-2023-06-17-v-22.08.08-1.jpg\" alt=\"\" class=\"wp-image-25730\" srcset=\"https:\/\/www.czechcyclingfederation.com\/wp-content\/uploads\/2023\/06\/Obrazek-WhatsApp-2023-06-17-v-22.08.08-1.jpg 1024w, https:\/\/www.czechcyclingfederation.com\/wp-content\/uploads\/2023\/06\/Obrazek-WhatsApp-2023-06-17-v-22.08.08-1-267x200.jpg 267w, https:\/\/www.czechcyclingfederation.com\/wp-content\/uploads\/2023\/06\/Obrazek-WhatsApp-2023-06-17-v-22.08.08-1-768x575.jpg 768w\" sizes=\"auto, (max-width: 1024px) 100vw, 1024px\" \/><\/figure>\n","protected":false},"excerpt":{"rendered":"<p>Dvojice Denis Rugovac s Janem Vone\u0161em startuj\u00edc\u00ed v&nbsp;barv\u00e1ch \u010desk\u00e9 reprezentace vybojovala druh\u00e9 m\u00edsto v madisonu na 10. ro\u010dn\u00edk Grand Prix Brno v dr\u00e1hov\u00e9 cyklistice, kdy\u017e nesta\u010dila pouze na belgickou dvojici Tuur Dens, Jules Hesters. Z\u00e1vodnice Dukla Praha Barbora N\u011bmcov\u00e1 skon\u010dila p\u00e1t\u00e1 v omniu, zv\u00edt\u011bzila Polka Daria Pikulikov\u00e1. Keirin se v podniku prvn\u00ed kategorie kalend\u00e1\u0159e UCI [&hellip;]<\/p>\n","protected":false},"author":8,"featured_media":25728,"comment_status":"closed","ping_status":"open","sticky":false,"template":"","format":"standard","meta":{"footnotes":""},"categories":[54,2],"tags":[9],"class_list":["post-25727","post","type-post","status-publish","format-standard","has-post-thumbnail","hentry","category-draha","category-novinky","tag-draha"],"_links":{"self":[{"href":"https:\/\/www.czechcyclingfederation.com\/en\/wp-json\/wp\/v2\/posts\/25727","targetHints":{"allow":["GET"]}}],"collection":[{"href":"https:\/\/www.czechcyclingfederation.com\/en\/wp-json\/wp\/v2\/posts"}],"about":[{"href":"https:\/\/www.czechcyclingfederation.com\/en\/wp-json\/wp\/v2\/types\/post"}],"author":[{"embeddable":true,"href":"https:\/\/www.czechcyclingfederation.com\/en\/wp-json\/wp\/v2\/users\/8"}],"replies":[{"embeddable":true,"href":"https:\/\/www.czechcyclingfederation.com\/en\/wp-json\/wp\/v2\/comments?post=25727"}],"version-history":[{"count":2,"href":"https:\/\/www.czechcyclingfederation.com\/en\/wp-json\/wp\/v2\/posts\/25727\/revisions"}],"predecessor-version":[{"id":25736,"href":"https:\/\/www.czechcyclingfederation.com\/en\/wp-json\/wp\/v2\/posts\/25727\/revisions\/25736"}],"wp:featuredmedia":[{"embeddable":true,"href":"https:\/\/www.czechcyclingfederation.com\/en\/wp-json\/wp\/v2\/media\/25728"}],"wp:attachment":[{"href":"https:\/\/www.czechcyclingfederation.com\/en\/wp-json\/wp\/v2\/media?parent=25727"}],"wp:term":[{"taxonomy":"category","embeddable":true,"href":"https:\/\/www.czechcyclingfederation.com\/en\/wp-json\/wp\/v2\/categories?post=25727"},{"taxonomy":"post_tag","embeddable":true,"href":"https:\/\/www.czechcyclingfederation.com\/en\/wp-json\/wp\/v2\/tags?post=25727"}],"curies":[{"name":"wp","href":"https:\/\/api.w.org\/{rel}","templated":true}]}}