{"id":25718,"date":"2023-06-18T18:56:27","date_gmt":"2023-06-18T16:56:27","guid":{"rendered":"https:\/\/www.czechcyclingfederation.com\/?p=25718"},"modified":"2023-06-18T18:56:30","modified_gmt":"2023-06-18T16:56:30","slug":"mraz-z-elkov-kasper-mistrem-republiky-do-23-let","status":"publish","type":"post","link":"https:\/\/www.czechcyclingfederation.com\/en\/mraz-z-elkov-kasper-mistrem-republiky-do-23-let\/","title":{"rendered":"Mr\u00e1z z\u00a0Elkov Kasper mistrem republiky do 23 let"},"content":{"rendered":"\n<p><strong>Daniel Mr\u00e1z<\/strong> z\u00a0t\u00fdmu Elkov Kasper se stal v\u00a0B\u00e1novc\u00edch nad Bebravou mistrem \u010cesk\u00e9 republiky v\u00a0silni\u010dn\u00edm z\u00e1vod\u011bekategorii U23. Druh\u00fd skon\u010dil <strong>Milan Kadlec<\/strong> (Development Team DSM), t\u0159et\u00ed <strong>Maty\u00e1\u0161 Fiala<\/strong> (\u010cEZ Cykloteam T\u00e1bor).<\/p>\n\n\n\n<p>Devaten\u00e1ctilet\u00fd Mr\u00e1z, kter\u00fd je v&nbsp;t\u00fdmu Elkov Kasper prvn\u00edm rokem, ovl\u00e1dl s&nbsp;p\u0159ehledem z\u00e1v\u011bre\u010dn\u00fd spurt vedouc\u00ed skupiny, kde bylo asi dvacet z\u00e1vodn\u00edk\u016f.<\/p>\n\n\n\n<p><em>\u201eJsem moc r\u00e1d, \u017ee to vy\u0161lo, je to nejv\u011bt\u0161\u00ed \u00fasp\u011bch moj\u00ed dosavadn\u00ed kari\u00e9ry. D\u011bkuju kluk\u016fm za pomoc. Z\u00e1v\u011br jeli na m\u011b a hodn\u011b jsem si na ten spurt v\u011b\u0159il,\u201c <\/em>\u0159ekl novope\u010den\u00fd mistr republiky.<\/p>\n\n\n\n<figure class=\"wp-block-image size-large\"><img loading=\"lazy\" decoding=\"async\" width=\"1024\" height=\"681\" src=\"https:\/\/www.czechcyclingfederation.com\/wp-content\/uploads\/2023\/06\/Mraz-2-1024x681.jpg\" alt=\"\" class=\"wp-image-25722\" srcset=\"https:\/\/www.czechcyclingfederation.com\/wp-content\/uploads\/2023\/06\/Mraz-2-1024x681.jpg 1024w, https:\/\/www.czechcyclingfederation.com\/wp-content\/uploads\/2023\/06\/Mraz-2-300x200.jpg 300w, https:\/\/www.czechcyclingfederation.com\/wp-content\/uploads\/2023\/06\/Mraz-2-768x511.jpg 768w, https:\/\/www.czechcyclingfederation.com\/wp-content\/uploads\/2023\/06\/Mraz-2-1536x1021.jpg 1536w, https:\/\/www.czechcyclingfederation.com\/wp-content\/uploads\/2023\/06\/Mraz-2-1320x878.jpg 1320w, https:\/\/www.czechcyclingfederation.com\/wp-content\/uploads\/2023\/06\/Mraz-2.jpg 1600w\" sizes=\"auto, (max-width: 1024px) 100vw, 1024px\" \/><\/figure>\n\n\n\n<p>Na peloton, kter\u00fd tvo\u0159ili \u010de\u0161t\u00ed i sloven\u0161t\u00ed z\u00e1vodn\u00edci, \u010dekalo 7 okruh\u016f o celkov\u00e9 d\u00e9lce 150,5 km s&nbsp;p\u0159ev\u00fd\u0161en\u00edm 2&nbsp;380 m.<\/p>\n\n\n\n<p>Aktivn\u00ed byli zejm\u00e9na cyklist\u00e9 kr\u00e1lov\u00e9hradeck\u00e9 st\u00e1je Elkov Kasper. O prvn\u00ed \u00fanik se pokusil P\u0159idal spolu s&nbsp;jedn\u00edm slovensk\u00fdm cyklistou, kdy\u017e je peloton dojel, nastoupil Teleck\u00fd. Na \u010dele jel s\u00e1m, ale po dvou kolech byl i on dojet.<\/p>\n\n\n\n<p>N\u00e1stup st\u0159\u00eddal n\u00e1stup, ale nikomu atak nevy\u0161el, a tak se na \u010dele vytvo\u0159ila asi dvaceti\u010dlenn\u00e9 skupina, kde m\u011bl Elkov Kasper hned \u010dty\u0159n\u00e1sobn\u00e9 zastoupen\u00ed.<\/p>\n\n\n\n<figure class=\"wp-block-image size-large\"><img loading=\"lazy\" decoding=\"async\" width=\"1024\" height=\"681\" src=\"https:\/\/www.czechcyclingfederation.com\/wp-content\/uploads\/2023\/06\/Mraz-3-1024x681.jpg\" alt=\"\" class=\"wp-image-25724\" srcset=\"https:\/\/www.czechcyclingfederation.com\/wp-content\/uploads\/2023\/06\/Mraz-3-1024x681.jpg 1024w, https:\/\/www.czechcyclingfederation.com\/wp-content\/uploads\/2023\/06\/Mraz-3-300x200.jpg 300w, https:\/\/www.czechcyclingfederation.com\/wp-content\/uploads\/2023\/06\/Mraz-3-768x511.jpg 768w, https:\/\/www.czechcyclingfederation.com\/wp-content\/uploads\/2023\/06\/Mraz-3-1536x1021.jpg 1536w, https:\/\/www.czechcyclingfederation.com\/wp-content\/uploads\/2023\/06\/Mraz-3-1320x878.jpg 1320w, https:\/\/www.czechcyclingfederation.com\/wp-content\/uploads\/2023\/06\/Mraz-3.jpg 1600w\" sizes=\"auto, (max-width: 1024px) 100vw, 1024px\" \/><\/figure>\n\n\n\n<p><em>\u201e\u0158\u00edkali jsme, \u017ee kdy\u017e se nepovede nikomu odjet, tak pojedeme z\u00e1v\u011br na Mr\u00e1ze. Je to hodn\u011b rychl\u00fd z\u00e1vodn\u00edk a zvl\u00e1dl to skv\u011ble. Spurt vyhr\u00e1l rozd\u00edlem t\u0159\u00eddy. V\u00a0kategorii U23 je teprve prvn\u00edm rokem, tak\u017ee je to pro n\u011bj velk\u00fd \u00fasp\u011bch. A pro n\u00e1\u0161 t\u00fdm taky. V\u00a0sestav\u011b jsme m\u011bli z\u00a0\u0161esti lid\u00ed hned \u010dty\u0159i prvoro\u010d\u00e1ky, ale popasovali se s\u00a0t\u00edm dob\u0159e,\u201c <\/em>m\u011bl radost \u0159editel t\u00fdmu <strong>Vladim\u00edr V\u00e1vra.<\/strong><\/p>\n\n\n\n<p><strong>V\u00fdsledky <\/strong>(150,5 km): 1. Mr\u00e1z (Elkov Kasper), 2. Kadlec (Development Team DSM), 3. Fiala (\u010cEZ Cykloteam T\u00e1bor).<\/p>\n\n\n\n<p>Foto: So\u0148a Nikov\u00e1<\/p>\n","protected":false},"excerpt":{"rendered":"<p>Daniel Mr\u00e1z z\u00a0t\u00fdmu Elkov Kasper se stal v\u00a0B\u00e1novc\u00edch nad Bebravou mistrem \u010cesk\u00e9 republiky v\u00a0silni\u010dn\u00edm z\u00e1vod\u011bekategorii U23. Druh\u00fd skon\u010dil Milan Kadlec (Development Team DSM), t\u0159et\u00ed Maty\u00e1\u0161 Fiala (\u010cEZ Cykloteam T\u00e1bor). Devaten\u00e1ctilet\u00fd Mr\u00e1z, kter\u00fd je v&nbsp;t\u00fdmu Elkov Kasper prvn\u00edm rokem, ovl\u00e1dl s&nbsp;p\u0159ehledem z\u00e1v\u011bre\u010dn\u00fd spurt vedouc\u00ed skupiny, kde bylo asi dvacet z\u00e1vodn\u00edk\u016f. \u201eJsem moc r\u00e1d, \u017ee to vy\u0161lo, [&hellip;]<\/p>\n","protected":false},"author":15,"featured_media":25720,"comment_status":"closed","ping_status":"open","sticky":false,"template":"","format":"standard","meta":{"footnotes":""},"categories":[2,18],"tags":[11],"class_list":["post-25718","post","type-post","status-publish","format-standard","has-post-thumbnail","hentry","category-novinky","category-silnice","tag-silnice"],"_links":{"self":[{"href":"https:\/\/www.czechcyclingfederation.com\/en\/wp-json\/wp\/v2\/posts\/25718","targetHints":{"allow":["GET"]}}],"collection":[{"href":"https:\/\/www.czechcyclingfederation.com\/en\/wp-json\/wp\/v2\/posts"}],"about":[{"href":"https:\/\/www.czechcyclingfederation.com\/en\/wp-json\/wp\/v2\/types\/post"}],"author":[{"embeddable":true,"href":"https:\/\/www.czechcyclingfederation.com\/en\/wp-json\/wp\/v2\/users\/15"}],"replies":[{"embeddable":true,"href":"https:\/\/www.czechcyclingfederation.com\/en\/wp-json\/wp\/v2\/comments?post=25718"}],"version-history":[{"count":2,"href":"https:\/\/www.czechcyclingfederation.com\/en\/wp-json\/wp\/v2\/posts\/25718\/revisions"}],"predecessor-version":[{"id":25726,"href":"https:\/\/www.czechcyclingfederation.com\/en\/wp-json\/wp\/v2\/posts\/25718\/revisions\/25726"}],"wp:featuredmedia":[{"embeddable":true,"href":"https:\/\/www.czechcyclingfederation.com\/en\/wp-json\/wp\/v2\/media\/25720"}],"wp:attachment":[{"href":"https:\/\/www.czechcyclingfederation.com\/en\/wp-json\/wp\/v2\/media?parent=25718"}],"wp:term":[{"taxonomy":"category","embeddable":true,"href":"https:\/\/www.czechcyclingfederation.com\/en\/wp-json\/wp\/v2\/categories?post=25718"},{"taxonomy":"post_tag","embeddable":true,"href":"https:\/\/www.czechcyclingfederation.com\/en\/wp-json\/wp\/v2\/tags?post=25718"}],"curies":[{"name":"wp","href":"https:\/\/api.w.org\/{rel}","templated":true}]}}