{"id":25701,"date":"2023-06-17T22:12:05","date_gmt":"2023-06-17T20:12:05","guid":{"rendered":"https:\/\/www.czechcyclingfederation.com\/?p=25701"},"modified":"2023-06-17T22:12:07","modified_gmt":"2023-06-17T20:12:07","slug":"babkova-rozlucka-na-gp-brno","status":"publish","type":"post","link":"https:\/\/www.czechcyclingfederation.com\/en\/babkova-rozlucka-na-gp-brno\/","title":{"rendered":"B\u00e1bkova rozlu\u010dka na GP Brno"},"content":{"rendered":"\n<p>Jubilejn\u00ed des\u00e1t\u00fd ro\u010dn\u00edk GP Brno v dr\u00e1hov\u00e9 cyklistice, podnik prvn\u00ed kategorie kalend\u00e1\u0159e UCI, p\u0159inesl zaj\u00edmav\u00e9 boje sprinter\u016f, ale nejv\u011bt\u0161\u00ed pozornost byla v\u011bnov\u00e1na rozlu\u010dce na\u0161eho dlouholet\u00e9ho a \u00fasp\u011b\u0161n\u00e9ho sprintera Tom\u00e1\u0161e B\u00e1bka. V keirinu s n\u00edm byli na startu jeho spolujezdci z Dukly Brno Dominik Topinka, Mat\u011bj Bohusl\u00e1vek, Jakub \u0160tastn\u00fd, Robin Wagner, Martin \u010cechman d\u00e1le Pol\u00e1ci Mateausz Rudyk, Patryk Rajkowski a Brit Joseph Truman, dernu pak \u0159\u00eddil sedmin\u00e1sobn\u00fd olympijsk\u00fd britsk\u00fd v\u00edt\u011bz Jason Kenny. Za velk\u00e9ho potlesku p\u0159ibli\u017en\u011b tis\u00edcovky div\u00e1k\u016f tak B\u00e1bek, jedouc\u00ed v trikotu evropsk\u00e9ho \u0161ampiona ,uzav\u0159el ofici\u00e1ln\u011b svoji bohatou kari\u00e9ru.<\/p>\n\n\n\n<p>Ve sprintu mu\u017e\u016f byl nejlep\u0161\u00ed Michail Jakovlev z Izraele, nejlep\u0161\u00ed z na\u0161ich jezdc\u016f skon\u010dil \u010cechman \u0161est\u00fd. Keirin \u017een ovl\u00e1dla Emma Finucaneov\u00e1 z Brit\u00e1nie, Anna Jaborn\u00edkov\u00e1 (Dukla Brno) byla klasifikov\u00e1na osm\u00e1.<\/p>\n\n\n\n<p>Omnium mu\u017e\u016f vyhr\u00e1l Belgi\u010dan Tuur Dens, Jan Vone\u0161 (TUFO Pardus Prost\u011bjov) vybojoval t\u0159et\u00ed m\u00edsto, madisonu \u017een kralovaly Daria a Wiktoria Pikulikowy z Polska, Petra \u0160ev\u010d\u00edkov\u00e1 s Kate\u0159inou Kohoutkovou (Dukla Praha) skon\u010dily druh\u00e9.&nbsp;<\/p>\n\n\n\n<p>V\u00fdsledky:<\/p>\n\n\n\n<p>Mu\u017ei:<\/p>\n\n\n\n<p>Omnium:<\/p>\n\n\n\n<p>1. Dnes (Belg.) 127, 2. Prokopyszyn (Pol.) 123, 3. Vone\u0161 (TUFO Pardus Prost\u011bjov) 119, 4. Bleddyn (Austr.) 118, 5. Vogel (\u0160v\u00fdc.) 117, 6. Boscaro (It.) 109.<\/p>\n\n\n\n<p>Sprint:<\/p>\n\n\n\n<p>1. Jakovlev (Izr.), 2. Rudyk (Pol.), 3. Truman, 4. Carlin, 5. Turnbull&nbsp; (v\u0161ichni Brit.), 6. \u010cechman (Dukla Brno).<\/p>\n\n\n\n<p>\u017deny:<\/p>\n\n\n\n<p>Madison:<\/p>\n\n\n\n<p>1. W. Pikulikov\u00e1, D. Pikulikov\u00e1 (Pol.) 92, 2. \u0160ev\u010d\u00edkov\u00e1, Kohoutkov\u00e1 (Dukla Praha) 42, 3. Sharpeov\u00e1, Kayov\u00e1 (Ir.) 35, 4. N\u011bmcov\u00e1, B\u00e1rtov\u00e1 (Dukla Praha) 25.<\/p>\n\n\n\n<p>Keirin:<\/p>\n\n\n\n<p>1. Finucaneov\u00e1, 2. Capewellov\u00e1, 3. Bellov\u00e1 (v\u0161echny Brit.), 4. Degrendeleov\u00e1 (Belg.), 5. Veceov\u00e1 (It.), 6. Marchantov\u00e1 (Brit.), &#8230;8. A. Jaborn\u00edkov\u00e1 (Dukla Brno).<\/p>\n\n\n\n<figure class=\"wp-block-image size-full\"><img loading=\"lazy\" decoding=\"async\" width=\"1024\" height=\"768\" src=\"https:\/\/www.czechcyclingfederation.com\/wp-content\/uploads\/2023\/06\/2873150f-9c1a-4637-ada6-6c1b2f81756a.jpg\" alt=\"\" class=\"wp-image-25704\" srcset=\"https:\/\/www.czechcyclingfederation.com\/wp-content\/uploads\/2023\/06\/2873150f-9c1a-4637-ada6-6c1b2f81756a.jpg 1024w, https:\/\/www.czechcyclingfederation.com\/wp-content\/uploads\/2023\/06\/2873150f-9c1a-4637-ada6-6c1b2f81756a-267x200.jpg 267w, https:\/\/www.czechcyclingfederation.com\/wp-content\/uploads\/2023\/06\/2873150f-9c1a-4637-ada6-6c1b2f81756a-768x576.jpg 768w\" sizes=\"auto, (max-width: 1024px) 100vw, 1024px\" \/><\/figure>\n\n\n\n<figure class=\"wp-block-image size-full\"><img loading=\"lazy\" decoding=\"async\" width=\"1024\" height=\"766\" src=\"https:\/\/www.czechcyclingfederation.com\/wp-content\/uploads\/2023\/06\/Obrazek-WhatsApp-2023-06-17-v-22.08.08.jpg\" alt=\"\" class=\"wp-image-25706\" srcset=\"https:\/\/www.czechcyclingfederation.com\/wp-content\/uploads\/2023\/06\/Obrazek-WhatsApp-2023-06-17-v-22.08.08.jpg 1024w, https:\/\/www.czechcyclingfederation.com\/wp-content\/uploads\/2023\/06\/Obrazek-WhatsApp-2023-06-17-v-22.08.08-267x200.jpg 267w, https:\/\/www.czechcyclingfederation.com\/wp-content\/uploads\/2023\/06\/Obrazek-WhatsApp-2023-06-17-v-22.08.08-768x575.jpg 768w\" sizes=\"auto, (max-width: 1024px) 100vw, 1024px\" \/><\/figure>\n","protected":false},"excerpt":{"rendered":"<p>Jubilejn\u00ed des\u00e1t\u00fd ro\u010dn\u00edk GP Brno v dr\u00e1hov\u00e9 cyklistice, podnik prvn\u00ed kategorie kalend\u00e1\u0159e UCI, p\u0159inesl zaj\u00edmav\u00e9 boje sprinter\u016f, ale nejv\u011bt\u0161\u00ed pozornost byla v\u011bnov\u00e1na rozlu\u010dce na\u0161eho dlouholet\u00e9ho a \u00fasp\u011b\u0161n\u00e9ho sprintera Tom\u00e1\u0161e B\u00e1bka. V keirinu s n\u00edm byli na startu jeho spolujezdci z Dukly Brno Dominik Topinka, Mat\u011bj Bohusl\u00e1vek, Jakub \u0160tastn\u00fd, Robin Wagner, Martin \u010cechman d\u00e1le Pol\u00e1ci Mateausz [&hellip;]<\/p>\n","protected":false},"author":8,"featured_media":25702,"comment_status":"closed","ping_status":"open","sticky":false,"template":"","format":"standard","meta":{"footnotes":""},"categories":[54,2],"tags":[9],"class_list":["post-25701","post","type-post","status-publish","format-standard","has-post-thumbnail","hentry","category-draha","category-novinky","tag-draha"],"_links":{"self":[{"href":"https:\/\/www.czechcyclingfederation.com\/en\/wp-json\/wp\/v2\/posts\/25701","targetHints":{"allow":["GET"]}}],"collection":[{"href":"https:\/\/www.czechcyclingfederation.com\/en\/wp-json\/wp\/v2\/posts"}],"about":[{"href":"https:\/\/www.czechcyclingfederation.com\/en\/wp-json\/wp\/v2\/types\/post"}],"author":[{"embeddable":true,"href":"https:\/\/www.czechcyclingfederation.com\/en\/wp-json\/wp\/v2\/users\/8"}],"replies":[{"embeddable":true,"href":"https:\/\/www.czechcyclingfederation.com\/en\/wp-json\/wp\/v2\/comments?post=25701"}],"version-history":[{"count":1,"href":"https:\/\/www.czechcyclingfederation.com\/en\/wp-json\/wp\/v2\/posts\/25701\/revisions"}],"predecessor-version":[{"id":25708,"href":"https:\/\/www.czechcyclingfederation.com\/en\/wp-json\/wp\/v2\/posts\/25701\/revisions\/25708"}],"wp:featuredmedia":[{"embeddable":true,"href":"https:\/\/www.czechcyclingfederation.com\/en\/wp-json\/wp\/v2\/media\/25702"}],"wp:attachment":[{"href":"https:\/\/www.czechcyclingfederation.com\/en\/wp-json\/wp\/v2\/media?parent=25701"}],"wp:term":[{"taxonomy":"category","embeddable":true,"href":"https:\/\/www.czechcyclingfederation.com\/en\/wp-json\/wp\/v2\/categories?post=25701"},{"taxonomy":"post_tag","embeddable":true,"href":"https:\/\/www.czechcyclingfederation.com\/en\/wp-json\/wp\/v2\/tags?post=25701"}],"curies":[{"name":"wp","href":"https:\/\/api.w.org\/{rel}","templated":true}]}}