{"id":25681,"date":"2023-06-15T11:59:50","date_gmt":"2023-06-15T09:59:50","guid":{"rendered":"https:\/\/www.czechcyclingfederation.com\/?p=25681"},"modified":"2023-06-15T11:59:53","modified_gmt":"2023-06-15T09:59:53","slug":"andrle-hodnoti-vystoupeni-na-zavode-miru-jako-velmi-vydarene","status":"publish","type":"post","link":"https:\/\/www.czechcyclingfederation.com\/en\/andrle-hodnoti-vystoupeni-na-zavode-miru-jako-velmi-vydarene\/","title":{"rendered":"Andrle hodnot\u00ed vystoupen\u00ed na Z\u00e1vod\u011b m\u00edru jako velmi vyda\u0159en\u00e9"},"content":{"rendered":"\n<p>Jako velice vyda\u0159en\u00e9 hodnot\u00ed vystoupen\u00ed \u010desk\u00fdch mlad\u00fdch z\u00e1vodn\u00edk\u016f na Z\u00e1vod\u011b m\u00edru U23 reprezenta\u010dn\u00ed kou\u010d Ren\u00e9 Andrle. P\u0159esto\u017ee z r\u016fzn\u00fdch d\u016fvod\u016f nejeli Pavel Bittner, Mathias Vacek, Adam Seeman a Maty\u00e1\u0161 Kopeck\u00fd, tak na\u0161i jezdci byli hodn\u011b vid\u011bt a vybojovali velmi dobr\u00e9 v\u00fdsledky.<\/p>\n\n\n\n<p>\u201eP\u0159i absenci tahoun\u016f minul\u00fdch let beru z\u00e1vod tak trochu jako nult\u00fd rok, ale velikou zku\u0161enost pro v\u0161echny jezdce do budoucna,&#8221; \u0159\u00edkal p\u0159ed startem Andrle, ale nakonec uznal, \u017ee se jezdci p\u0159edvedli ve velmi dobr\u00e9m sv\u011btle.<\/p>\n\n\n\n<p><strong>Jak se ti z\u00e1vod l\u00edbil?<\/strong><\/p>\n\n\n\n<p>&#8220;Byl velmi vyda\u0159en\u00fd, za m\u011b moc p\u011bkn\u00fd. Velmi dob\u0159e profesion\u00e1ln\u011b zaji\u0161t\u011bn, bylo hodn\u011b div\u00e1ku a m\u011blo to \u00farove\u0148.&#8221;<\/p>\n\n\n\n<p><strong>Jak hodnot\u00ed\u0161 sportovn\u00ed str\u00e1nku?<\/strong><\/p>\n\n\n\n<p>&#8220;Tradi\u010dn\u011b hezk\u00fd z\u00e1vod, ale za m\u011b hodn\u011b t\u011b\u017ek\u00e9 a kopcovit\u00e9. Hned prvn\u00ed den t\u0159eba stoup\u00e1n\u00ed na Sk\u0159\u00edtek a \u010cervenohorsk\u00e9 sedlo, ale jinak mi to p\u0159ijde dobr\u00e9, v Jesen\u00edk\u00e1ch to snad ani jinak nejde. Ka\u017ed\u00e1 etapa je t\u011b\u017ek\u00e1, pro jezdce U23 t\u0159i dny v kopc\u00edch je hodn\u011b tvrd\u00e9. Mo\u017en\u00e1 by bylo lep\u0161\u00ed prvn\u00ed den sprintersk\u00e1 etapa, to bych uv\u00edtal rad\u011bji.&#8221;<\/p>\n\n\n\n<p><strong>Na startu byla v \u010desk\u00fdch barv\u00e1ch v\u011bt\u0161ina nov\u00e1\u010dk\u016f na takov\u00e9mto podniku &#8230;<\/strong><\/p>\n\n\n\n<p>&#8220;D\u00edky Sazce byla mo\u017enost startovat se dv\u011bma celky a to je neskute\u010dn\u00e1 slu\u017eba pro na\u0161e z\u00e1vodn\u00edky. Mohli jet a osahat si jak vypad\u00e1 z\u00e1vod\u011bn\u00ed v Nations\u00b4 Cupu. Necht\u011bli jsme to nijak d\u011blit, brali jsme v\u0161echny jako jeden t\u00fdm. Sch\u016fzky p\u0159ed etapami byly pro v\u0161echny spole\u010dn\u011b. Na z\u00e1vod\u011b byli kluci (\u0164oupal\u00edk, Camrda), kte\u0159\u00ed v Jesen\u00edk\u00e1ch ji\u017e jeli a v\u011bd\u011bli jak reagovat, ale v\u00edce nov\u00e1\u010dk\u016f a i ti se popasovali s konkurenc\u00ed v pohod\u011b. Kadlec zvl\u00e1dl skv\u011ble z\u00e1v\u011bre\u010dn\u00fd spurt, v\u00fdborn\u011b zajel P\u0159idal i Nov\u00e1k. Ti se spolu s Camrdou uk\u00e1zali, ostatn\u00ed pom\u00e1hali, v\u0161ichni zajeli za m\u011b dobr\u00fd z\u00e1vod.&#8221;<\/p>\n\n\n\n<p><strong>Kde lze hledat nejv\u011bt\u0161\u00ed p\u0159\u00ednos startu dvou celk\u016f?<\/strong><\/p>\n\n\n\n<p>&#8220;Zcela jist\u011b v tom, \u017ee kluci v takov\u00e9m po\u010dtu mohli sb\u00edrat zku\u0161enosti. To je v\u017edy dobr\u00e9, nav\u00edc byli na o\u010d\u00edch mana\u017eer\u016fm t\u00fdm\u016f a to je v\u017edy d\u016fle\u017eit\u00e9. A pak si sami vyzkou\u0161eli na jak\u00e9 \u00farovni jsou.&#8221;<\/p>\n\n\n\n<p><strong>Z pohledu v\u00fdsledk\u016f velk\u00e1 o\u010dek\u00e1v\u00e1n\u00ed nebyla, ale nakonec p\u0159i\u0161ly&#8230;<\/strong><\/p>\n\n\n\n<p>&#8220;\u017d\u00e1dnou velkou taktiku jsme nem\u011bli, ani o\u010dek\u00e1v\u00e1n\u00ed. Sp\u00ed\u0161e jsme se zam\u011b\u0159ili na obecn\u00e9 porady, ukazovali kluk\u016fm kde je pot\u0159eba jet dop\u0159edu, kde jsou \u00fazk\u00e9 \u00faseky. N\u011bkdy se to povedlo, n\u011bkdy ji\u017e tolik ne. Loni jsme m\u011bli siln\u00fd t\u00fdm a Tom\u00e1\u0161 Kone\u010dn\u00fd to manageroval ji\u017e jako profi t\u00fdm. M\u011bl to dob\u0159e zorganizovan\u00e9, ka\u017ed\u00fd jezdec m\u011bl svoji roli. Letos to bylo jin\u00e9. M\u011bli jsme n\u011bkolik kluk\u016f, kte\u0159\u00ed mohli zajet a v ka\u017ed\u00e9m t\u00fdmu jsme m\u011bli l\u00eddry &#8211; P\u0159idala v jednom a ve druh\u00e9m \u0164oupal\u00edka s Nov\u00e1kem a je\u0161t\u011b Camrdu jako t\u0159et\u00edho. Ten m\u011bl za \u00fakol jezdit v h\u00e1ku za \u0164oupal\u00edkem. Pak n\u00e1m ale po p\u00e1du vypal Nov\u00e1k, druh\u00e1 etapa se nepoda\u0159ila \u0164oupal\u00edkovi. Do z\u00e1v\u011bre\u010dn\u00e9 etapy byl pl\u00e1n, \u017ee spolu budou spurtovat Kadlec a Mr\u00e1z, ale Mr\u00e1z nebyl v prvn\u00ed skupin\u011b. Spurt byl spravedliv\u00fd, v\u00edt\u011bz je rychl\u00edk a zku\u0161en\u00fd z\u00e1vodn\u00edk, ale za m\u011b super v\u00fdsledek. Celkov\u011b jeli kluci skv\u011ble a Camrda se m\u011bl dr\u017eet l\u00eddr\u016f a to se tak\u00e9 poda\u0159ilo.&#8221;<\/p>\n\n\n\n<p>Co \u010dek\u00e1 reprezentaci U23 d\u00e1le?<\/p>\n\n\n\n<p>&#8220;V polovin\u011b srpna sv\u011btov\u00fd \u0161ampion\u00e1t. P\u016fvodn\u011b jsme v \u00famyslu nem\u011bli jet Tour d\u00b4Avenir, ale po tomto vystoupen\u00ed uvid\u00edme. Z lo\u0148ska m\u00e1me bod\u016f dost, tak by n\u00e1m to nem\u011blo uniknout, ale hodn\u011b z\u00e1le\u017e\u00ed jak to do sebe zapadne.&#8221;<\/p>\n\n\n\n<p>FOTO Barbora Reichov\u00e1\/Czech Tour<\/p>\n","protected":false},"excerpt":{"rendered":"<p>Jako velice vyda\u0159en\u00e9 hodnot\u00ed vystoupen\u00ed \u010desk\u00fdch mlad\u00fdch z\u00e1vodn\u00edk\u016f na Z\u00e1vod\u011b m\u00edru U23 reprezenta\u010dn\u00ed kou\u010d Ren\u00e9 Andrle. P\u0159esto\u017ee z r\u016fzn\u00fdch d\u016fvod\u016f nejeli Pavel Bittner, Mathias Vacek, Adam Seeman a Maty\u00e1\u0161 Kopeck\u00fd, tak na\u0161i jezdci byli hodn\u011b vid\u011bt a vybojovali velmi dobr\u00e9 v\u00fdsledky. \u201eP\u0159i absenci tahoun\u016f minul\u00fdch let beru z\u00e1vod tak trochu jako nult\u00fd rok, ale velikou [&hellip;]<\/p>\n","protected":false},"author":8,"featured_media":25682,"comment_status":"closed","ping_status":"open","sticky":false,"template":"","format":"standard","meta":{"footnotes":""},"categories":[2,18],"tags":[11],"class_list":["post-25681","post","type-post","status-publish","format-standard","has-post-thumbnail","hentry","category-novinky","category-silnice","tag-silnice"],"_links":{"self":[{"href":"https:\/\/www.czechcyclingfederation.com\/en\/wp-json\/wp\/v2\/posts\/25681","targetHints":{"allow":["GET"]}}],"collection":[{"href":"https:\/\/www.czechcyclingfederation.com\/en\/wp-json\/wp\/v2\/posts"}],"about":[{"href":"https:\/\/www.czechcyclingfederation.com\/en\/wp-json\/wp\/v2\/types\/post"}],"author":[{"embeddable":true,"href":"https:\/\/www.czechcyclingfederation.com\/en\/wp-json\/wp\/v2\/users\/8"}],"replies":[{"embeddable":true,"href":"https:\/\/www.czechcyclingfederation.com\/en\/wp-json\/wp\/v2\/comments?post=25681"}],"version-history":[{"count":1,"href":"https:\/\/www.czechcyclingfederation.com\/en\/wp-json\/wp\/v2\/posts\/25681\/revisions"}],"predecessor-version":[{"id":25684,"href":"https:\/\/www.czechcyclingfederation.com\/en\/wp-json\/wp\/v2\/posts\/25681\/revisions\/25684"}],"wp:featuredmedia":[{"embeddable":true,"href":"https:\/\/www.czechcyclingfederation.com\/en\/wp-json\/wp\/v2\/media\/25682"}],"wp:attachment":[{"href":"https:\/\/www.czechcyclingfederation.com\/en\/wp-json\/wp\/v2\/media?parent=25681"}],"wp:term":[{"taxonomy":"category","embeddable":true,"href":"https:\/\/www.czechcyclingfederation.com\/en\/wp-json\/wp\/v2\/categories?post=25681"},{"taxonomy":"post_tag","embeddable":true,"href":"https:\/\/www.czechcyclingfederation.com\/en\/wp-json\/wp\/v2\/tags?post=25681"}],"curies":[{"name":"wp","href":"https:\/\/api.w.org\/{rel}","templated":true}]}}