{"id":25649,"date":"2023-06-13T07:07:55","date_gmt":"2023-06-13T05:07:55","guid":{"rendered":"https:\/\/www.czechcyclingfederation.com\/?p=25649"},"modified":"2023-06-13T07:07:58","modified_gmt":"2023-06-13T05:07:58","slug":"juniorska-reprezentace-v-nemecku-na-nejlepsi-nestacila","status":"publish","type":"post","link":"https:\/\/www.czechcyclingfederation.com\/en\/juniorska-reprezentace-v-nemecku-na-nejlepsi-nestacila\/","title":{"rendered":"Juniorsk\u00e1 reprezentace v\u00a0N\u011bmecku na nejlep\u0161\u00ed nesta\u010dila"},"content":{"rendered":"\n<p>\u010cesk\u00e1 juniorsk\u00e1 reprezentace startovala v&nbsp;uplynul\u00fdch dnech na kvalitn\u011b obsazen\u00e9m silni\u010dn\u00edm etapov\u00e9m z\u00e1vod\u011b LVM Saarland Trofeo v&nbsp;N\u011bmecku, kter\u00fd byl za\u0159azen do kategorie 2.Ncup. V\u00fdsledkov\u011b se ov\u0161em mlad\u00fdm \u010cech\u016fm neda\u0159ilo a na nejlep\u0161\u00ed z\u00e1vodn\u00edky v&nbsp;souboji s evropskou elitou nesta\u010dili.<\/p>\n\n\n\n<p>\u010ce\u0161i startovali ve slo\u017een\u00ed <strong>Jan Poda\u0159il, \u0160t\u011bp\u00e1n Zah\u00e1lka, Pavel \u0160ump\u00edk, Adam Pe\u0161ek, V\u00e1clav Je\u017eek, Jan Bittner.<\/strong> O nejlep\u0161\u00ed d\u00edl\u010d\u00ed v\u00fdsledek se postaral Pavel \u0160ump\u00edk, kter\u00fd v\u00a0\u010dasovce na 10 km skon\u010dil \u010dtrn\u00e1ct\u00fd se ztr\u00e1tou p\u016fl minuty na v\u00edt\u011bze. Jinak se \u010desk\u00fdm junior\u016fm neda\u0159ilo a v\u00a0celkov\u00e9m po\u0159ad\u00ed byl nejlep\u0161\u00ed \u0160t\u011bp\u00e1n Zah\u00e1lka na 61. m\u00edst\u011b. V\u00edt\u011bzem se stal N\u011bmec Louis Leidert.<\/p>\n\n\n\n<p><em>\u201eZ\u00e1vod byl hodn\u011b \u010dlenit\u00fd, m\u011bl takov\u00fd klasik\u00e1\u0159sk\u00fd charakter. Po\u0159\u00e1d nahoru, dol\u016f, \u00fazk\u00e9 cesty, v\u00edtr, velk\u00e9 horko. Hned v\u00a0prvn\u00ed etap\u011b jsme p\u0159i\u0161li o Honzu Bittnera, kter\u00fd se doslova uva\u0159il. Hlavn\u011b druh\u00e1 etapa se n\u00e1m moc nepovedla, proto\u017ee jsme z\u016fstali vzadu a ztratili jsme. Slu\u0161n\u00e1 byla jen ta \u010dasovka v\u00a0pod\u00e1n\u00ed Pavla \u0160ump\u00edka, jinak se n\u00e1m v\u00a0porovn\u00e1n\u00ed se sv\u011btovou konkurenc\u00ed neda\u0159ilo podle p\u0159edstav,\u201c <\/em>uvedl reprezenta\u010dn\u00ed tren\u00e9r junior\u016f <strong>Petr Kubias.<\/strong><\/p>\n\n\n\n<p>Z\u00e1v\u011bre\u010dn\u00e1 etapa byla nakonec zastavena a zru\u0161ena. <em>\u201eBylo to kv\u016fli t\u011b\u017ek\u00e9mu p\u00e1du a zran\u011bn\u00ed. Musel tam p\u0159ist\u00e1t vrtuln\u00edk, tak\u017ee peloton byl sedm kilometr\u016f p\u0159ed c\u00edlem zastaven a po\u010d\u00edtaly se v\u00fdsledky po \u010dasovce,\u201c <\/em>prozradil tren\u00e9r.<\/p>\n\n\n\n<p><em>\u201eCelkov\u011b to z\u00a0na\u0161\u00ed strany nebylo takov\u00e9, jako t\u0159eba na Z\u00e1vodu m\u00edru, ale i tohle je pro kluky dobr\u00e1 zku\u0161enost. Vid\u011bli, \u017ee je na sob\u011b pot\u0159eba je\u0161t\u011b hodn\u011b pracovat. Jako reprezentace bychom pot\u0159ebovali takov\u00fdch z\u00e1vod\u016f co nejv\u00edc, pro v\u0161echny je to velk\u00e1 \u0161kola,\u201c<\/em> dodal Kubias.<\/p>\n","protected":false},"excerpt":{"rendered":"<p>\u010cesk\u00e1 juniorsk\u00e1 reprezentace startovala v&nbsp;uplynul\u00fdch dnech na kvalitn\u011b obsazen\u00e9m silni\u010dn\u00edm etapov\u00e9m z\u00e1vod\u011b LVM Saarland Trofeo v&nbsp;N\u011bmecku, kter\u00fd byl za\u0159azen do kategorie 2.Ncup. V\u00fdsledkov\u011b se ov\u0161em mlad\u00fdm \u010cech\u016fm neda\u0159ilo a na nejlep\u0161\u00ed z\u00e1vodn\u00edky v&nbsp;souboji s evropskou elitou nesta\u010dili. \u010ce\u0161i startovali ve slo\u017een\u00ed Jan Poda\u0159il, \u0160t\u011bp\u00e1n Zah\u00e1lka, Pavel \u0160ump\u00edk, Adam Pe\u0161ek, V\u00e1clav Je\u017eek, Jan Bittner. O nejlep\u0161\u00ed [&hellip;]<\/p>\n","protected":false},"author":15,"featured_media":25653,"comment_status":"closed","ping_status":"open","sticky":false,"template":"","format":"standard","meta":{"footnotes":""},"categories":[2,18],"tags":[11],"class_list":["post-25649","post","type-post","status-publish","format-standard","has-post-thumbnail","hentry","category-novinky","category-silnice","tag-silnice"],"_links":{"self":[{"href":"https:\/\/www.czechcyclingfederation.com\/en\/wp-json\/wp\/v2\/posts\/25649","targetHints":{"allow":["GET"]}}],"collection":[{"href":"https:\/\/www.czechcyclingfederation.com\/en\/wp-json\/wp\/v2\/posts"}],"about":[{"href":"https:\/\/www.czechcyclingfederation.com\/en\/wp-json\/wp\/v2\/types\/post"}],"author":[{"embeddable":true,"href":"https:\/\/www.czechcyclingfederation.com\/en\/wp-json\/wp\/v2\/users\/15"}],"replies":[{"embeddable":true,"href":"https:\/\/www.czechcyclingfederation.com\/en\/wp-json\/wp\/v2\/comments?post=25649"}],"version-history":[{"count":1,"href":"https:\/\/www.czechcyclingfederation.com\/en\/wp-json\/wp\/v2\/posts\/25649\/revisions"}],"predecessor-version":[{"id":25652,"href":"https:\/\/www.czechcyclingfederation.com\/en\/wp-json\/wp\/v2\/posts\/25649\/revisions\/25652"}],"wp:featuredmedia":[{"embeddable":true,"href":"https:\/\/www.czechcyclingfederation.com\/en\/wp-json\/wp\/v2\/media\/25653"}],"wp:attachment":[{"href":"https:\/\/www.czechcyclingfederation.com\/en\/wp-json\/wp\/v2\/media?parent=25649"}],"wp:term":[{"taxonomy":"category","embeddable":true,"href":"https:\/\/www.czechcyclingfederation.com\/en\/wp-json\/wp\/v2\/categories?post=25649"},{"taxonomy":"post_tag","embeddable":true,"href":"https:\/\/www.czechcyclingfederation.com\/en\/wp-json\/wp\/v2\/tags?post=25649"}],"curies":[{"name":"wp","href":"https:\/\/api.w.org\/{rel}","templated":true}]}}