{"id":25644,"date":"2023-06-12T21:09:03","date_gmt":"2023-06-12T19:09:03","guid":{"rendered":"https:\/\/www.czechcyclingfederation.com\/?p=25644"},"modified":"2023-06-12T21:13:04","modified_gmt":"2023-06-12T19:13:04","slug":"bittnerova-parada-ctvrty-v-etape-kolem-svycarska","status":"publish","type":"post","link":"https:\/\/www.czechcyclingfederation.com\/en\/bittnerova-parada-ctvrty-v-etape-kolem-svycarska\/","title":{"rendered":"Bittnerova par\u00e1da: \u010dtvrt\u00fd v\u00a0etap\u011b Kolem \u0160v\u00fdcarska"},"content":{"rendered":"\n<p>\u010cesk\u00fd reprezentant <strong>Pavel Bittner<\/strong> se v&nbsp;barv\u00e1ch t\u00fdmu DSM bl\u00fdskl ve druh\u00e9 etap\u011b presti\u017en\u00edho z\u00e1vodu Kolem \u0160v\u00fdcarska, kdy\u017e ve spurtu skon\u010dil \u010dtvrt\u00fd. Hned za n\u00edm projel c\u00edlem slovensk\u00fd trojn\u00e1sobn\u00fd mistr sv\u011bta Peter Sagan.<\/p>\n\n\n\n<p>Pro dvacetilet\u00e9ho Bittnera jde o nejlep\u0161\u00ed v\u00fdsledek leto\u0161n\u00ed sezony, v&nbsp;n\u00ed\u017e absolvoval mj. slavn\u00e9 klasiky Mil\u00e1n-San Remo, Kolem Flander nebo Pa\u0159\u00ed\u017e-Roubaix.<\/p>\n\n\n\n<p>V&nbsp;hromadn\u00e9m dojezdu 2. etapy v&nbsp;Nottwilu fini\u0161oval jako prvn\u00ed Eritrejec Biniam Girmay, p\u0159ed Bittnera se dostali je\u0161t\u011b dal\u0161\u00ed excelentn\u00ed sprinte\u0159i Francouz Arnaud D\u00e9mare a Belgi\u010dan Wout van Aert.<\/p>\n\n\n\n<p><strong><em>\u201eHlavn\u00edm c\u00edlem bylo dr\u017eet na\u0161eho l\u00eddra Romaina Bardeta v&nbsp;bezpe\u010d\u00ed a v&nbsp;z\u00e1v\u011bru to bylo domluven\u00e9 na m\u011b, pokud dojde na spurt. Kluci to zvl\u00e1dli perfektn\u011b, odvedli pro m\u011b skv\u011blou pr\u00e1ci. Vytvo\u0159ili mi velmi dobrou pozici. Nem\u011bl jsem sice rychlost na v\u00edt\u011bzstv\u00ed, ale je dobr\u00fd pocit, \u017ee jsem se v&nbsp;takov\u00e9 konkurenci dostal do hry. Jsem moc vd\u011b\u010dn\u00fd za tu \u0161anci. Prost\u011b skv\u011bl\u00fd za\u010d\u00e1tek t\u00fddne,\u201c <\/em><\/strong>\u0159ekl Pavel Bittner.<\/p>\n\n\n\n<p>Foto: Team DSM<\/p>\n","protected":false},"excerpt":{"rendered":"<p>\u010cesk\u00fd reprezentant Pavel Bittner se v&nbsp;barv\u00e1ch t\u00fdmu DSM bl\u00fdskl ve druh\u00e9 etap\u011b presti\u017en\u00edho z\u00e1vodu Kolem \u0160v\u00fdcarska, kdy\u017e ve spurtu skon\u010dil \u010dtvrt\u00fd. Hned za n\u00edm projel c\u00edlem slovensk\u00fd trojn\u00e1sobn\u00fd mistr sv\u011bta Peter Sagan. Pro dvacetilet\u00e9ho Bittnera jde o nejlep\u0161\u00ed v\u00fdsledek leto\u0161n\u00ed sezony, v&nbsp;n\u00ed\u017e absolvoval mj. slavn\u00e9 klasiky Mil\u00e1n-San Remo, Kolem Flander nebo Pa\u0159\u00ed\u017e-Roubaix. V&nbsp;hromadn\u00e9m dojezdu 2. [&hellip;]<\/p>\n","protected":false},"author":15,"featured_media":25645,"comment_status":"closed","ping_status":"open","sticky":false,"template":"","format":"standard","meta":{"footnotes":""},"categories":[2,18],"tags":[11],"class_list":["post-25644","post","type-post","status-publish","format-standard","has-post-thumbnail","hentry","category-novinky","category-silnice","tag-silnice"],"_links":{"self":[{"href":"https:\/\/www.czechcyclingfederation.com\/en\/wp-json\/wp\/v2\/posts\/25644","targetHints":{"allow":["GET"]}}],"collection":[{"href":"https:\/\/www.czechcyclingfederation.com\/en\/wp-json\/wp\/v2\/posts"}],"about":[{"href":"https:\/\/www.czechcyclingfederation.com\/en\/wp-json\/wp\/v2\/types\/post"}],"author":[{"embeddable":true,"href":"https:\/\/www.czechcyclingfederation.com\/en\/wp-json\/wp\/v2\/users\/15"}],"replies":[{"embeddable":true,"href":"https:\/\/www.czechcyclingfederation.com\/en\/wp-json\/wp\/v2\/comments?post=25644"}],"version-history":[{"count":2,"href":"https:\/\/www.czechcyclingfederation.com\/en\/wp-json\/wp\/v2\/posts\/25644\/revisions"}],"predecessor-version":[{"id":25648,"href":"https:\/\/www.czechcyclingfederation.com\/en\/wp-json\/wp\/v2\/posts\/25644\/revisions\/25648"}],"wp:featuredmedia":[{"embeddable":true,"href":"https:\/\/www.czechcyclingfederation.com\/en\/wp-json\/wp\/v2\/media\/25645"}],"wp:attachment":[{"href":"https:\/\/www.czechcyclingfederation.com\/en\/wp-json\/wp\/v2\/media?parent=25644"}],"wp:term":[{"taxonomy":"category","embeddable":true,"href":"https:\/\/www.czechcyclingfederation.com\/en\/wp-json\/wp\/v2\/categories?post=25644"},{"taxonomy":"post_tag","embeddable":true,"href":"https:\/\/www.czechcyclingfederation.com\/en\/wp-json\/wp\/v2\/tags?post=25644"}],"curies":[{"name":"wp","href":"https:\/\/api.w.org\/{rel}","templated":true}]}}