{"id":2564,"date":"2020-10-08T20:07:16","date_gmt":"2020-10-08T18:07:16","guid":{"rendered":"http:\/\/www.czechcyclingfederation.com\/?p=2564"},"modified":"2020-10-13T23:09:11","modified_gmt":"2020-10-13T21:09:11","slug":"vyrazny-uspech-ceskych-junioru-na-ms-novotna-ma-bronz-bedrnikova-a-sulc-jsou-v-top-10","status":"publish","type":"post","link":"https:\/\/www.czechcyclingfederation.com\/en\/vyrazny-uspech-ceskych-junioru-na-ms-novotna-ma-bronz-bedrnikova-a-sulc-jsou-v-top-10\/","title":{"rendered":"V\u00fdrazn\u00fd \u00fasp\u011bch \u010desk\u00fdch junior\u016f na MS! Novotn\u00e1 m\u00e1 bronz, Bedrn\u00edkov\u00e1 a \u0160ulc jsou v TOP 10!"},"content":{"rendered":"\n<p><strong>V\u00fdrazn\u00fd \u00fasp\u011bch na mistrovstv\u00ed sv\u011bta horsk\u00fdch kol v rakousk\u00e9m Leogangu zaznamenali \u010de\u0161t\u00ed junio\u0159i.<\/strong><\/p>\n\n\n\n<p>Prvoro\u010da\u010dka Aneta Novotn\u00e1, potvrdila, \u017ee jej\u00ed v\u00fdborn\u00e1 j\u00edzda ve \u0161tafet\u011b nebyla n\u00e1hodn\u00e1 a vybojovala zaslou\u017een\u00fd bronz. Aneta startovala z hloubi startovn\u00edho pole, nicm\u00e9n\u011b velmi rychle se probojovala na \u0161estou pozici a n\u00e1sledn\u011b v\u00fdbornou j\u00edzdou bez chyb stahovala jednu soupe\u0159ku za druhou a u\u017e v polovin\u011b z\u00e1vodu jezdila stabiln\u011b na t\u0159et\u00ed pozici na kter\u00e9 i dokon\u010dila z\u00e1vod. Aneta tak nav\u00e1zala na dosavadn\u00ed historick\u00e9 \u00fasp\u011bchy slavn\u00fdch \u010desk\u00fdch bikerek a na sv\u00e9 konto si p\u0159ipsala zat\u00edm \u017eivotn\u00ed \u00fasp\u011bch.<\/p>\n\n\n\n<p>V\u00fdborn\u011b si v z\u00e1vod\u011b vedla i dal\u0161\u00ed talentovan\u00e1 juniorka, Karol\u00edna Bedrn\u00edkov\u00e1, kter\u00e1 dokon\u010dila z\u00e1vod na \u0161est\u00e9 pozici a ob\u011b d\u00edvky si tak vym\u011bnily sv\u00e9 um\u00edst\u011bn\u00ed z Nov\u00e9ho M\u011bsta na Morav\u011b.<\/p>\n\n\n\n<p>Tereza Obo\u0159ilov\u00e1 obsadila 19. m\u00edsto a Ad\u00e9la Holubov\u00e1 28. m\u00edsto.<\/p>\n\n\n\n<p>V z\u00e1vod\u011b junior\u016f to dlouho vypadalo, na dal\u0161\u00ed v\u00fdrazn\u00fd \u00fasp\u011bch \u010desk\u00fdch jezdc\u016f. Je\u0161t\u011b v polovin\u011b z\u00e1vodu byl na \u010dtvrt\u00e9 pozici Jan Zatloukal s minim\u00e1ln\u00edm odstupem na \u010deln\u00ed trojici jezdc\u016f. Na \u0161est\u00e9 pozici se pohyboval David \u0160ulc. N\u00e1sledn\u00e9 technick\u00e9 probl\u00e9my v extr\u00e9mn\u00edch podm\u00ednk\u00e1ch ale odsoudily na\u0161e reprezentanty do pozice b\u011b\u017ec\u016f. D\u00edky velmi kvalitn\u00ed pr\u00e1ci mechanik\u016f se po nucen\u00e9 zast\u00e1vce v depu navr\u00e1tili se ztr\u00e1tou do z\u00e1vodu a i nad\u00e1le bojovali jak jen to \u0161lo. David \u0160ulc nakonec dokon\u010dil z\u00e1vod na vynikaj\u00edc\u00edm 10. m\u00edst\u011b,<\/p>\n\n\n\n<p>kter\u00e9 je jeho \u017eivotn\u00edm \u00fasp\u011bchem. Tak\u00e9 Jan Zatloukal se state\u010dn\u011b probojov\u00e1val startovn\u00edm polem ze 40 pozice zp\u011bt do \u010dela a jeho st\u00edhac\u00ed j\u00edzda nakonec sta\u010dila na 23. m\u00edsto.<\/p>\n\n\n\n<p>Technick\u00e9 probl\u00e9my se dnes nevyhnuly ani \u00fa\u0159aduj\u00edc\u00edmu \u010desk\u00e9mu \u0161ampionovi Janu S\u00e1skovi, kter\u00fd obsadil po opakovan\u00fdch zast\u00e1vk\u00e1ch v depu 35. p\u0159\u00ed\u010dku, Daniel \u017dvak byl 38., V\u00e1clav Veverka 55. m\u00edsto se ztr\u00e1tou jednoho kola.<\/p>\n\n\n\n<p>O extr\u00e9mnosti z\u00e1vodu vypov\u00edd\u00e1 i skute\u010dnost, \u017ee do c\u00edle z\u00e1vodu dojelo pouze 44 jezdc\u016f z t\u00e9m\u011b\u0159 stovky startuj\u00edc\u00edch junior\u016f.<\/p>\n\n\n\n<p><strong>V\u00fdsledky:<\/strong><\/p>\n\n\n\n<p><span style=\"text-decoration: underline;\">Juniorky:<\/span><\/p>\n\n\n\n<p>1. Mona Mitterwallner (Rak.) 1:15:55., 2. Luisa Daubermann (N\u011bm.) +1:56, 3. Aneta Novotn\u00e1 +2:36,\u2026 <strong>6. Karol\u00edna Bedrn\u00edkov\u00e1 +6:03, 19. Tereza Obo\u0159ilov\u00e1 +12:47, 28. Ad\u00e9la Holubov\u00e1 +17:42 (v\u0161echny \u010cR)<\/strong>.<\/p>\n\n\n\n<p><span style=\"text-decoration: underline;\">Junio\u0159i:<\/span><\/p>\n\n\n\n<p>1. Jan-Lennart Krayer (N\u011bm.) 1:16:39, 2. Baumann (\u0160v\u00fdc.) +0:40 3. Luca Martin (Fr.) +1:24,\u2026 <strong>10. David \u0160ulc +7:12, 23. Jan Zatloukal +9:48, 35. Jan S\u00e1ska +13:54, 38. Daniel \u017dvak +14:56, 55. V\u00e1clav Veverka -1 kolo (v\u0161ichni \u010cR).<\/strong><\/p>\n\n\n\n<figure class=\"wp-block-gallery columns-3 is-cropped wp-block-gallery-1 is-layout-flex wp-block-gallery-is-layout-flex\"><ul class=\"blocks-gallery-grid\"><li class=\"blocks-gallery-item\"><figure><img loading=\"lazy\" decoding=\"async\" width=\"1024\" height=\"683\" src=\"https:\/\/www.czechcyclingfederation.com\/wp-content\/uploads\/2020\/10\/RepreMTB_MS2020_jun_01-1024x683.jpg\" alt=\"\" data-id=\"2566\" data-full-url=\"https:\/\/www.czechcyclingfederation.com\/wp-content\/uploads\/2020\/10\/RepreMTB_MS2020_jun_01.jpg\" data-link=\"https:\/\/www.czechcyclingfederation.com\/?attachment_id=2566\" class=\"wp-image-2566\" srcset=\"https:\/\/www.czechcyclingfederation.com\/wp-content\/uploads\/2020\/10\/RepreMTB_MS2020_jun_01-1024x683.jpg 1024w, https:\/\/www.czechcyclingfederation.com\/wp-content\/uploads\/2020\/10\/RepreMTB_MS2020_jun_01-300x200.jpg 300w, https:\/\/www.czechcyclingfederation.com\/wp-content\/uploads\/2020\/10\/RepreMTB_MS2020_jun_01-768x512.jpg 768w, https:\/\/www.czechcyclingfederation.com\/wp-content\/uploads\/2020\/10\/RepreMTB_MS2020_jun_01-1536x1024.jpg 1536w, https:\/\/www.czechcyclingfederation.com\/wp-content\/uploads\/2020\/10\/RepreMTB_MS2020_jun_01-1320x880.jpg 1320w, https:\/\/www.czechcyclingfederation.com\/wp-content\/uploads\/2020\/10\/RepreMTB_MS2020_jun_01.jpg 1600w\" sizes=\"auto, (max-width: 1024px) 100vw, 1024px\" \/><\/figure><\/li><li class=\"blocks-gallery-item\"><figure><img loading=\"lazy\" decoding=\"async\" width=\"1024\" height=\"683\" src=\"https:\/\/www.czechcyclingfederation.com\/wp-content\/uploads\/2020\/10\/RepreMTB_MS2020_jun_02-1024x683.jpg\" alt=\"\" data-id=\"2567\" data-full-url=\"https:\/\/www.czechcyclingfederation.com\/wp-content\/uploads\/2020\/10\/RepreMTB_MS2020_jun_02.jpg\" data-link=\"https:\/\/www.czechcyclingfederation.com\/?attachment_id=2567\" class=\"wp-image-2567\" srcset=\"https:\/\/www.czechcyclingfederation.com\/wp-content\/uploads\/2020\/10\/RepreMTB_MS2020_jun_02-1024x683.jpg 1024w, https:\/\/www.czechcyclingfederation.com\/wp-content\/uploads\/2020\/10\/RepreMTB_MS2020_jun_02-300x200.jpg 300w, https:\/\/www.czechcyclingfederation.com\/wp-content\/uploads\/2020\/10\/RepreMTB_MS2020_jun_02-768x512.jpg 768w, https:\/\/www.czechcyclingfederation.com\/wp-content\/uploads\/2020\/10\/RepreMTB_MS2020_jun_02-1536x1024.jpg 1536w, https:\/\/www.czechcyclingfederation.com\/wp-content\/uploads\/2020\/10\/RepreMTB_MS2020_jun_02-1320x880.jpg 1320w, https:\/\/www.czechcyclingfederation.com\/wp-content\/uploads\/2020\/10\/RepreMTB_MS2020_jun_02.jpg 1600w\" sizes=\"auto, (max-width: 1024px) 100vw, 1024px\" \/><\/figure><\/li><li class=\"blocks-gallery-item\"><figure><img loading=\"lazy\" decoding=\"async\" width=\"1024\" height=\"683\" src=\"https:\/\/www.czechcyclingfederation.com\/wp-content\/uploads\/2020\/10\/RepreMTB_MS2020_jun_03-1024x683.jpg\" alt=\"\" data-id=\"2568\" data-full-url=\"https:\/\/www.czechcyclingfederation.com\/wp-content\/uploads\/2020\/10\/RepreMTB_MS2020_jun_03.jpg\" data-link=\"https:\/\/www.czechcyclingfederation.com\/?attachment_id=2568\" class=\"wp-image-2568\" srcset=\"https:\/\/www.czechcyclingfederation.com\/wp-content\/uploads\/2020\/10\/RepreMTB_MS2020_jun_03-1024x683.jpg 1024w, https:\/\/www.czechcyclingfederation.com\/wp-content\/uploads\/2020\/10\/RepreMTB_MS2020_jun_03-300x200.jpg 300w, https:\/\/www.czechcyclingfederation.com\/wp-content\/uploads\/2020\/10\/RepreMTB_MS2020_jun_03-768x512.jpg 768w, https:\/\/www.czechcyclingfederation.com\/wp-content\/uploads\/2020\/10\/RepreMTB_MS2020_jun_03-1536x1024.jpg 1536w, https:\/\/www.czechcyclingfederation.com\/wp-content\/uploads\/2020\/10\/RepreMTB_MS2020_jun_03-1320x880.jpg 1320w, https:\/\/www.czechcyclingfederation.com\/wp-content\/uploads\/2020\/10\/RepreMTB_MS2020_jun_03.jpg 1600w\" sizes=\"auto, (max-width: 1024px) 100vw, 1024px\" \/><\/figure><\/li><li class=\"blocks-gallery-item\"><figure><img loading=\"lazy\" decoding=\"async\" width=\"1024\" height=\"683\" src=\"https:\/\/www.czechcyclingfederation.com\/wp-content\/uploads\/2020\/10\/RepreMTB_MS2020_jun_04-1024x683.jpg\" alt=\"\" data-id=\"2569\" data-full-url=\"https:\/\/www.czechcyclingfederation.com\/wp-content\/uploads\/2020\/10\/RepreMTB_MS2020_jun_04.jpg\" data-link=\"https:\/\/www.czechcyclingfederation.com\/?attachment_id=2569\" class=\"wp-image-2569\" srcset=\"https:\/\/www.czechcyclingfederation.com\/wp-content\/uploads\/2020\/10\/RepreMTB_MS2020_jun_04-1024x683.jpg 1024w, https:\/\/www.czechcyclingfederation.com\/wp-content\/uploads\/2020\/10\/RepreMTB_MS2020_jun_04-300x200.jpg 300w, https:\/\/www.czechcyclingfederation.com\/wp-content\/uploads\/2020\/10\/RepreMTB_MS2020_jun_04-768x512.jpg 768w, https:\/\/www.czechcyclingfederation.com\/wp-content\/uploads\/2020\/10\/RepreMTB_MS2020_jun_04-1536x1024.jpg 1536w, https:\/\/www.czechcyclingfederation.com\/wp-content\/uploads\/2020\/10\/RepreMTB_MS2020_jun_04-1320x880.jpg 1320w, https:\/\/www.czechcyclingfederation.com\/wp-content\/uploads\/2020\/10\/RepreMTB_MS2020_jun_04.jpg 1600w\" sizes=\"auto, (max-width: 1024px) 100vw, 1024px\" \/><\/figure><\/li><li class=\"blocks-gallery-item\"><figure><img loading=\"lazy\" decoding=\"async\" width=\"1024\" height=\"683\" src=\"https:\/\/www.czechcyclingfederation.com\/wp-content\/uploads\/2020\/10\/RepreMTB_MS2020_jun_05-1024x683.jpg\" alt=\"\" data-id=\"2570\" data-full-url=\"https:\/\/www.czechcyclingfederation.com\/wp-content\/uploads\/2020\/10\/RepreMTB_MS2020_jun_05.jpg\" data-link=\"https:\/\/www.czechcyclingfederation.com\/?attachment_id=2570\" class=\"wp-image-2570\" srcset=\"https:\/\/www.czechcyclingfederation.com\/wp-content\/uploads\/2020\/10\/RepreMTB_MS2020_jun_05-1024x683.jpg 1024w, https:\/\/www.czechcyclingfederation.com\/wp-content\/uploads\/2020\/10\/RepreMTB_MS2020_jun_05-300x200.jpg 300w, https:\/\/www.czechcyclingfederation.com\/wp-content\/uploads\/2020\/10\/RepreMTB_MS2020_jun_05-768x512.jpg 768w, https:\/\/www.czechcyclingfederation.com\/wp-content\/uploads\/2020\/10\/RepreMTB_MS2020_jun_05-1536x1024.jpg 1536w, https:\/\/www.czechcyclingfederation.com\/wp-content\/uploads\/2020\/10\/RepreMTB_MS2020_jun_05-1320x880.jpg 1320w, https:\/\/www.czechcyclingfederation.com\/wp-content\/uploads\/2020\/10\/RepreMTB_MS2020_jun_05.jpg 1600w\" sizes=\"auto, (max-width: 1024px) 100vw, 1024px\" \/><\/figure><\/li><li class=\"blocks-gallery-item\"><figure><img loading=\"lazy\" decoding=\"async\" width=\"1024\" height=\"683\" src=\"https:\/\/www.czechcyclingfederation.com\/wp-content\/uploads\/2020\/10\/RepreMTB_MS2020_jun_06-1024x683.jpg\" alt=\"\" data-id=\"2571\" data-full-url=\"https:\/\/www.czechcyclingfederation.com\/wp-content\/uploads\/2020\/10\/RepreMTB_MS2020_jun_06.jpg\" data-link=\"https:\/\/www.czechcyclingfederation.com\/?attachment_id=2571\" class=\"wp-image-2571\" srcset=\"https:\/\/www.czechcyclingfederation.com\/wp-content\/uploads\/2020\/10\/RepreMTB_MS2020_jun_06-1024x683.jpg 1024w, https:\/\/www.czechcyclingfederation.com\/wp-content\/uploads\/2020\/10\/RepreMTB_MS2020_jun_06-300x200.jpg 300w, https:\/\/www.czechcyclingfederation.com\/wp-content\/uploads\/2020\/10\/RepreMTB_MS2020_jun_06-768x512.jpg 768w, https:\/\/www.czechcyclingfederation.com\/wp-content\/uploads\/2020\/10\/RepreMTB_MS2020_jun_06-1536x1024.jpg 1536w, https:\/\/www.czechcyclingfederation.com\/wp-content\/uploads\/2020\/10\/RepreMTB_MS2020_jun_06-1320x880.jpg 1320w, https:\/\/www.czechcyclingfederation.com\/wp-content\/uploads\/2020\/10\/RepreMTB_MS2020_jun_06.jpg 1600w\" sizes=\"auto, (max-width: 1024px) 100vw, 1024px\" \/><\/figure><\/li><li class=\"blocks-gallery-item\"><figure><img loading=\"lazy\" decoding=\"async\" width=\"1024\" height=\"683\" src=\"https:\/\/www.czechcyclingfederation.com\/wp-content\/uploads\/2020\/10\/RepreMTB_MS2020_jun_07-1024x683.jpg\" alt=\"\" data-id=\"2572\" data-full-url=\"https:\/\/www.czechcyclingfederation.com\/wp-content\/uploads\/2020\/10\/RepreMTB_MS2020_jun_07.jpg\" data-link=\"https:\/\/www.czechcyclingfederation.com\/?attachment_id=2572\" class=\"wp-image-2572\" srcset=\"https:\/\/www.czechcyclingfederation.com\/wp-content\/uploads\/2020\/10\/RepreMTB_MS2020_jun_07-1024x683.jpg 1024w, https:\/\/www.czechcyclingfederation.com\/wp-content\/uploads\/2020\/10\/RepreMTB_MS2020_jun_07-300x200.jpg 300w, https:\/\/www.czechcyclingfederation.com\/wp-content\/uploads\/2020\/10\/RepreMTB_MS2020_jun_07-768x512.jpg 768w, https:\/\/www.czechcyclingfederation.com\/wp-content\/uploads\/2020\/10\/RepreMTB_MS2020_jun_07-1536x1024.jpg 1536w, https:\/\/www.czechcyclingfederation.com\/wp-content\/uploads\/2020\/10\/RepreMTB_MS2020_jun_07-1320x880.jpg 1320w, https:\/\/www.czechcyclingfederation.com\/wp-content\/uploads\/2020\/10\/RepreMTB_MS2020_jun_07.jpg 1600w\" sizes=\"auto, (max-width: 1024px) 100vw, 1024px\" \/><\/figure><\/li><li class=\"blocks-gallery-item\"><figure><img loading=\"lazy\" decoding=\"async\" width=\"1024\" height=\"683\" src=\"https:\/\/www.czechcyclingfederation.com\/wp-content\/uploads\/2020\/10\/RepreMTB_MS2020_jun_08-1024x683.jpg\" alt=\"\" data-id=\"2573\" data-full-url=\"https:\/\/www.czechcyclingfederation.com\/wp-content\/uploads\/2020\/10\/RepreMTB_MS2020_jun_08.jpg\" data-link=\"https:\/\/www.czechcyclingfederation.com\/?attachment_id=2573\" class=\"wp-image-2573\" srcset=\"https:\/\/www.czechcyclingfederation.com\/wp-content\/uploads\/2020\/10\/RepreMTB_MS2020_jun_08-1024x683.jpg 1024w, https:\/\/www.czechcyclingfederation.com\/wp-content\/uploads\/2020\/10\/RepreMTB_MS2020_jun_08-300x200.jpg 300w, https:\/\/www.czechcyclingfederation.com\/wp-content\/uploads\/2020\/10\/RepreMTB_MS2020_jun_08-768x512.jpg 768w, https:\/\/www.czechcyclingfederation.com\/wp-content\/uploads\/2020\/10\/RepreMTB_MS2020_jun_08-1536x1024.jpg 1536w, https:\/\/www.czechcyclingfederation.com\/wp-content\/uploads\/2020\/10\/RepreMTB_MS2020_jun_08-1320x880.jpg 1320w, https:\/\/www.czechcyclingfederation.com\/wp-content\/uploads\/2020\/10\/RepreMTB_MS2020_jun_08.jpg 1600w\" sizes=\"auto, (max-width: 1024px) 100vw, 1024px\" \/><\/figure><\/li><li class=\"blocks-gallery-item\"><figure><img loading=\"lazy\" decoding=\"async\" width=\"1024\" height=\"683\" src=\"https:\/\/www.czechcyclingfederation.com\/wp-content\/uploads\/2020\/10\/RepreMTB_MS2020_jun_09-1024x683.jpg\" alt=\"\" data-id=\"2574\" data-full-url=\"https:\/\/www.czechcyclingfederation.com\/wp-content\/uploads\/2020\/10\/RepreMTB_MS2020_jun_09.jpg\" data-link=\"https:\/\/www.czechcyclingfederation.com\/?attachment_id=2574\" class=\"wp-image-2574\" srcset=\"https:\/\/www.czechcyclingfederation.com\/wp-content\/uploads\/2020\/10\/RepreMTB_MS2020_jun_09-1024x683.jpg 1024w, https:\/\/www.czechcyclingfederation.com\/wp-content\/uploads\/2020\/10\/RepreMTB_MS2020_jun_09-300x200.jpg 300w, https:\/\/www.czechcyclingfederation.com\/wp-content\/uploads\/2020\/10\/RepreMTB_MS2020_jun_09-768x512.jpg 768w, https:\/\/www.czechcyclingfederation.com\/wp-content\/uploads\/2020\/10\/RepreMTB_MS2020_jun_09-1536x1024.jpg 1536w, https:\/\/www.czechcyclingfederation.com\/wp-content\/uploads\/2020\/10\/RepreMTB_MS2020_jun_09-1320x880.jpg 1320w, https:\/\/www.czechcyclingfederation.com\/wp-content\/uploads\/2020\/10\/RepreMTB_MS2020_jun_09.jpg 1600w\" sizes=\"auto, (max-width: 1024px) 100vw, 1024px\" \/><\/figure><\/li><li class=\"blocks-gallery-item\"><figure><img loading=\"lazy\" decoding=\"async\" width=\"1024\" height=\"683\" src=\"https:\/\/www.czechcyclingfederation.com\/wp-content\/uploads\/2020\/10\/RepreMTB_MS2020_jun_10-1024x683.jpg\" alt=\"\" data-id=\"2575\" data-full-url=\"https:\/\/www.czechcyclingfederation.com\/wp-content\/uploads\/2020\/10\/RepreMTB_MS2020_jun_10.jpg\" data-link=\"https:\/\/www.czechcyclingfederation.com\/?attachment_id=2575\" class=\"wp-image-2575\" srcset=\"https:\/\/www.czechcyclingfederation.com\/wp-content\/uploads\/2020\/10\/RepreMTB_MS2020_jun_10-1024x683.jpg 1024w, https:\/\/www.czechcyclingfederation.com\/wp-content\/uploads\/2020\/10\/RepreMTB_MS2020_jun_10-300x200.jpg 300w, https:\/\/www.czechcyclingfederation.com\/wp-content\/uploads\/2020\/10\/RepreMTB_MS2020_jun_10-768x512.jpg 768w, https:\/\/www.czechcyclingfederation.com\/wp-content\/uploads\/2020\/10\/RepreMTB_MS2020_jun_10-1536x1024.jpg 1536w, https:\/\/www.czechcyclingfederation.com\/wp-content\/uploads\/2020\/10\/RepreMTB_MS2020_jun_10-1320x880.jpg 1320w, https:\/\/www.czechcyclingfederation.com\/wp-content\/uploads\/2020\/10\/RepreMTB_MS2020_jun_10.jpg 1600w\" sizes=\"auto, (max-width: 1024px) 100vw, 1024px\" \/><\/figure><\/li><li class=\"blocks-gallery-item\"><figure><img loading=\"lazy\" decoding=\"async\" width=\"1024\" height=\"683\" src=\"https:\/\/www.czechcyclingfederation.com\/wp-content\/uploads\/2020\/10\/RepreMTB_MS2020_jun_11-1024x683.jpg\" alt=\"\" data-id=\"2576\" data-full-url=\"https:\/\/www.czechcyclingfederation.com\/wp-content\/uploads\/2020\/10\/RepreMTB_MS2020_jun_11.jpg\" data-link=\"https:\/\/www.czechcyclingfederation.com\/?attachment_id=2576\" class=\"wp-image-2576\" srcset=\"https:\/\/www.czechcyclingfederation.com\/wp-content\/uploads\/2020\/10\/RepreMTB_MS2020_jun_11-1024x683.jpg 1024w, https:\/\/www.czechcyclingfederation.com\/wp-content\/uploads\/2020\/10\/RepreMTB_MS2020_jun_11-300x200.jpg 300w, https:\/\/www.czechcyclingfederation.com\/wp-content\/uploads\/2020\/10\/RepreMTB_MS2020_jun_11-768x512.jpg 768w, https:\/\/www.czechcyclingfederation.com\/wp-content\/uploads\/2020\/10\/RepreMTB_MS2020_jun_11-1536x1024.jpg 1536w, https:\/\/www.czechcyclingfederation.com\/wp-content\/uploads\/2020\/10\/RepreMTB_MS2020_jun_11-1320x880.jpg 1320w, https:\/\/www.czechcyclingfederation.com\/wp-content\/uploads\/2020\/10\/RepreMTB_MS2020_jun_11.jpg 1600w\" sizes=\"auto, (max-width: 1024px) 100vw, 1024px\" \/><\/figure><\/li><li class=\"blocks-gallery-item\"><figure><img loading=\"lazy\" decoding=\"async\" width=\"1024\" height=\"683\" src=\"https:\/\/www.czechcyclingfederation.com\/wp-content\/uploads\/2020\/10\/RepreMTB_MS2020_jun_12-1024x683.jpg\" alt=\"\" data-id=\"2577\" data-full-url=\"https:\/\/www.czechcyclingfederation.com\/wp-content\/uploads\/2020\/10\/RepreMTB_MS2020_jun_12.jpg\" data-link=\"https:\/\/www.czechcyclingfederation.com\/?attachment_id=2577\" class=\"wp-image-2577\" srcset=\"https:\/\/www.czechcyclingfederation.com\/wp-content\/uploads\/2020\/10\/RepreMTB_MS2020_jun_12-1024x683.jpg 1024w, https:\/\/www.czechcyclingfederation.com\/wp-content\/uploads\/2020\/10\/RepreMTB_MS2020_jun_12-300x200.jpg 300w, https:\/\/www.czechcyclingfederation.com\/wp-content\/uploads\/2020\/10\/RepreMTB_MS2020_jun_12-768x512.jpg 768w, https:\/\/www.czechcyclingfederation.com\/wp-content\/uploads\/2020\/10\/RepreMTB_MS2020_jun_12-1536x1024.jpg 1536w, https:\/\/www.czechcyclingfederation.com\/wp-content\/uploads\/2020\/10\/RepreMTB_MS2020_jun_12-1320x880.jpg 1320w, https:\/\/www.czechcyclingfederation.com\/wp-content\/uploads\/2020\/10\/RepreMTB_MS2020_jun_12.jpg 1600w\" sizes=\"auto, (max-width: 1024px) 100vw, 1024px\" \/><\/figure><\/li><li class=\"blocks-gallery-item\"><figure><img loading=\"lazy\" decoding=\"async\" width=\"1024\" height=\"683\" src=\"https:\/\/www.czechcyclingfederation.com\/wp-content\/uploads\/2020\/10\/RepreMTB_MS2020_jun_13-1024x683.jpg\" alt=\"\" data-id=\"2578\" data-full-url=\"https:\/\/www.czechcyclingfederation.com\/wp-content\/uploads\/2020\/10\/RepreMTB_MS2020_jun_13.jpg\" data-link=\"https:\/\/www.czechcyclingfederation.com\/?attachment_id=2578\" class=\"wp-image-2578\" srcset=\"https:\/\/www.czechcyclingfederation.com\/wp-content\/uploads\/2020\/10\/RepreMTB_MS2020_jun_13-1024x683.jpg 1024w, https:\/\/www.czechcyclingfederation.com\/wp-content\/uploads\/2020\/10\/RepreMTB_MS2020_jun_13-300x200.jpg 300w, https:\/\/www.czechcyclingfederation.com\/wp-content\/uploads\/2020\/10\/RepreMTB_MS2020_jun_13-768x512.jpg 768w, https:\/\/www.czechcyclingfederation.com\/wp-content\/uploads\/2020\/10\/RepreMTB_MS2020_jun_13-1536x1024.jpg 1536w, https:\/\/www.czechcyclingfederation.com\/wp-content\/uploads\/2020\/10\/RepreMTB_MS2020_jun_13-1320x880.jpg 1320w, https:\/\/www.czechcyclingfederation.com\/wp-content\/uploads\/2020\/10\/RepreMTB_MS2020_jun_13.jpg 1600w\" sizes=\"auto, (max-width: 1024px) 100vw, 1024px\" \/><\/figure><\/li><li class=\"blocks-gallery-item\"><figure><img loading=\"lazy\" decoding=\"async\" width=\"1024\" height=\"683\" src=\"https:\/\/www.czechcyclingfederation.com\/wp-content\/uploads\/2020\/10\/RepreMTB_MS2020_jun_14-1024x683.jpg\" alt=\"\" data-id=\"2579\" data-full-url=\"https:\/\/www.czechcyclingfederation.com\/wp-content\/uploads\/2020\/10\/RepreMTB_MS2020_jun_14.jpg\" data-link=\"https:\/\/www.czechcyclingfederation.com\/?attachment_id=2579\" class=\"wp-image-2579\" srcset=\"https:\/\/www.czechcyclingfederation.com\/wp-content\/uploads\/2020\/10\/RepreMTB_MS2020_jun_14-1024x683.jpg 1024w, https:\/\/www.czechcyclingfederation.com\/wp-content\/uploads\/2020\/10\/RepreMTB_MS2020_jun_14-300x200.jpg 300w, https:\/\/www.czechcyclingfederation.com\/wp-content\/uploads\/2020\/10\/RepreMTB_MS2020_jun_14-768x512.jpg 768w, https:\/\/www.czechcyclingfederation.com\/wp-content\/uploads\/2020\/10\/RepreMTB_MS2020_jun_14-1536x1024.jpg 1536w, https:\/\/www.czechcyclingfederation.com\/wp-content\/uploads\/2020\/10\/RepreMTB_MS2020_jun_14-1320x880.jpg 1320w, https:\/\/www.czechcyclingfederation.com\/wp-content\/uploads\/2020\/10\/RepreMTB_MS2020_jun_14.jpg 1600w\" sizes=\"auto, (max-width: 1024px) 100vw, 1024px\" \/><\/figure><\/li><li class=\"blocks-gallery-item\"><figure><img loading=\"lazy\" decoding=\"async\" width=\"1024\" height=\"683\" src=\"https:\/\/www.czechcyclingfederation.com\/wp-content\/uploads\/2020\/10\/RepreMTB_MS2020_jun_15-1024x683.jpg\" alt=\"\" data-id=\"2580\" data-full-url=\"https:\/\/www.czechcyclingfederation.com\/wp-content\/uploads\/2020\/10\/RepreMTB_MS2020_jun_15.jpg\" data-link=\"https:\/\/www.czechcyclingfederation.com\/?attachment_id=2580\" class=\"wp-image-2580\" srcset=\"https:\/\/www.czechcyclingfederation.com\/wp-content\/uploads\/2020\/10\/RepreMTB_MS2020_jun_15-1024x683.jpg 1024w, https:\/\/www.czechcyclingfederation.com\/wp-content\/uploads\/2020\/10\/RepreMTB_MS2020_jun_15-300x200.jpg 300w, https:\/\/www.czechcyclingfederation.com\/wp-content\/uploads\/2020\/10\/RepreMTB_MS2020_jun_15-768x512.jpg 768w, https:\/\/www.czechcyclingfederation.com\/wp-content\/uploads\/2020\/10\/RepreMTB_MS2020_jun_15-1536x1024.jpg 1536w, https:\/\/www.czechcyclingfederation.com\/wp-content\/uploads\/2020\/10\/RepreMTB_MS2020_jun_15-1320x880.jpg 1320w, https:\/\/www.czechcyclingfederation.com\/wp-content\/uploads\/2020\/10\/RepreMTB_MS2020_jun_15.jpg 1600w\" sizes=\"auto, (max-width: 1024px) 100vw, 1024px\" \/><\/figure><\/li><li class=\"blocks-gallery-item\"><figure><img loading=\"lazy\" decoding=\"async\" width=\"1024\" height=\"683\" src=\"https:\/\/www.czechcyclingfederation.com\/wp-content\/uploads\/2020\/10\/RepreMTB_MS2020_jun_16-1024x683.jpg\" alt=\"\" data-id=\"2581\" data-full-url=\"https:\/\/www.czechcyclingfederation.com\/wp-content\/uploads\/2020\/10\/RepreMTB_MS2020_jun_16.jpg\" data-link=\"https:\/\/www.czechcyclingfederation.com\/?attachment_id=2581\" class=\"wp-image-2581\" srcset=\"https:\/\/www.czechcyclingfederation.com\/wp-content\/uploads\/2020\/10\/RepreMTB_MS2020_jun_16-1024x683.jpg 1024w, https:\/\/www.czechcyclingfederation.com\/wp-content\/uploads\/2020\/10\/RepreMTB_MS2020_jun_16-300x200.jpg 300w, https:\/\/www.czechcyclingfederation.com\/wp-content\/uploads\/2020\/10\/RepreMTB_MS2020_jun_16-768x512.jpg 768w, https:\/\/www.czechcyclingfederation.com\/wp-content\/uploads\/2020\/10\/RepreMTB_MS2020_jun_16-1536x1024.jpg 1536w, https:\/\/www.czechcyclingfederation.com\/wp-content\/uploads\/2020\/10\/RepreMTB_MS2020_jun_16-1320x880.jpg 1320w, https:\/\/www.czechcyclingfederation.com\/wp-content\/uploads\/2020\/10\/RepreMTB_MS2020_jun_16.jpg 1600w\" sizes=\"auto, (max-width: 1024px) 100vw, 1024px\" \/><\/figure><\/li><li class=\"blocks-gallery-item\"><figure><img loading=\"lazy\" decoding=\"async\" width=\"1024\" height=\"683\" src=\"https:\/\/www.czechcyclingfederation.com\/wp-content\/uploads\/2020\/10\/RepreMTB_MS2020_jun_17-1-1024x683.jpg\" alt=\"\" data-id=\"2582\" data-full-url=\"https:\/\/www.czechcyclingfederation.com\/wp-content\/uploads\/2020\/10\/RepreMTB_MS2020_jun_17-1.jpg\" data-link=\"https:\/\/www.czechcyclingfederation.com\/?attachment_id=2582\" class=\"wp-image-2582\" srcset=\"https:\/\/www.czechcyclingfederation.com\/wp-content\/uploads\/2020\/10\/RepreMTB_MS2020_jun_17-1-1024x683.jpg 1024w, https:\/\/www.czechcyclingfederation.com\/wp-content\/uploads\/2020\/10\/RepreMTB_MS2020_jun_17-1-300x200.jpg 300w, https:\/\/www.czechcyclingfederation.com\/wp-content\/uploads\/2020\/10\/RepreMTB_MS2020_jun_17-1-768x512.jpg 768w, https:\/\/www.czechcyclingfederation.com\/wp-content\/uploads\/2020\/10\/RepreMTB_MS2020_jun_17-1-1536x1024.jpg 1536w, https:\/\/www.czechcyclingfederation.com\/wp-content\/uploads\/2020\/10\/RepreMTB_MS2020_jun_17-1-1320x880.jpg 1320w, https:\/\/www.czechcyclingfederation.com\/wp-content\/uploads\/2020\/10\/RepreMTB_MS2020_jun_17-1.jpg 1600w\" sizes=\"auto, (max-width: 1024px) 100vw, 1024px\" \/><\/figure><\/li><li class=\"blocks-gallery-item\"><figure><img loading=\"lazy\" decoding=\"async\" width=\"1024\" height=\"683\" src=\"https:\/\/www.czechcyclingfederation.com\/wp-content\/uploads\/2020\/10\/RepreMTB_MS2020_jun_19-1024x683.jpg\" alt=\"\" data-id=\"2584\" data-full-url=\"https:\/\/www.czechcyclingfederation.com\/wp-content\/uploads\/2020\/10\/RepreMTB_MS2020_jun_19.jpg\" data-link=\"https:\/\/www.czechcyclingfederation.com\/?attachment_id=2584\" class=\"wp-image-2584\" srcset=\"https:\/\/www.czechcyclingfederation.com\/wp-content\/uploads\/2020\/10\/RepreMTB_MS2020_jun_19-1024x683.jpg 1024w, https:\/\/www.czechcyclingfederation.com\/wp-content\/uploads\/2020\/10\/RepreMTB_MS2020_jun_19-300x200.jpg 300w, https:\/\/www.czechcyclingfederation.com\/wp-content\/uploads\/2020\/10\/RepreMTB_MS2020_jun_19-768x512.jpg 768w, https:\/\/www.czechcyclingfederation.com\/wp-content\/uploads\/2020\/10\/RepreMTB_MS2020_jun_19-1536x1024.jpg 1536w, https:\/\/www.czechcyclingfederation.com\/wp-content\/uploads\/2020\/10\/RepreMTB_MS2020_jun_19-1320x880.jpg 1320w, https:\/\/www.czechcyclingfederation.com\/wp-content\/uploads\/2020\/10\/RepreMTB_MS2020_jun_19.jpg 1600w\" sizes=\"auto, (max-width: 1024px) 100vw, 1024px\" \/><\/figure><\/li><li class=\"blocks-gallery-item\"><figure><img loading=\"lazy\" decoding=\"async\" width=\"1024\" height=\"683\" src=\"https:\/\/www.czechcyclingfederation.com\/wp-content\/uploads\/2020\/10\/RepreMTB_MS2020_jun_18-1024x683.jpg\" alt=\"\" data-id=\"2583\" data-full-url=\"https:\/\/www.czechcyclingfederation.com\/wp-content\/uploads\/2020\/10\/RepreMTB_MS2020_jun_18.jpg\" data-link=\"https:\/\/www.czechcyclingfederation.com\/?attachment_id=2583\" class=\"wp-image-2583\" srcset=\"https:\/\/www.czechcyclingfederation.com\/wp-content\/uploads\/2020\/10\/RepreMTB_MS2020_jun_18-1024x683.jpg 1024w, https:\/\/www.czechcyclingfederation.com\/wp-content\/uploads\/2020\/10\/RepreMTB_MS2020_jun_18-300x200.jpg 300w, https:\/\/www.czechcyclingfederation.com\/wp-content\/uploads\/2020\/10\/RepreMTB_MS2020_jun_18-768x512.jpg 768w, https:\/\/www.czechcyclingfederation.com\/wp-content\/uploads\/2020\/10\/RepreMTB_MS2020_jun_18-1536x1024.jpg 1536w, https:\/\/www.czechcyclingfederation.com\/wp-content\/uploads\/2020\/10\/RepreMTB_MS2020_jun_18-1320x880.jpg 1320w, https:\/\/www.czechcyclingfederation.com\/wp-content\/uploads\/2020\/10\/RepreMTB_MS2020_jun_18.jpg 1600w\" sizes=\"auto, (max-width: 1024px) 100vw, 1024px\" \/><\/figure><\/li><\/ul><\/figure>\n\n\n\n<p>Foto: Michal \u010cerven\u00fd<\/p>\n","protected":false},"excerpt":{"rendered":"<p>V\u00fdrazn\u00fd \u00fasp\u011bch na mistrovstv\u00ed sv\u011bta horsk\u00fdch kol v rakousk\u00e9m Leogangu zaznamenali \u010de\u0161t\u00ed junio\u0159i. Prvoro\u010da\u010dka Aneta Novotn\u00e1, potvrdila, \u017ee jej\u00ed v\u00fdborn\u00e1 j\u00edzda ve \u0161tafet\u011b nebyla n\u00e1hodn\u00e1 a vybojovala zaslou\u017een\u00fd bronz. Aneta startovala z hloubi startovn\u00edho pole, nicm\u00e9n\u011b velmi rychle se probojovala na \u0161estou pozici a n\u00e1sledn\u011b v\u00fdbornou j\u00edzdou bez chyb stahovala jednu soupe\u0159ku za druhou a [&hellip;]<\/p>\n","protected":false},"author":9,"featured_media":2565,"comment_status":"closed","ping_status":"open","sticky":false,"template":"","format":"standard","meta":{"footnotes":""},"categories":[109,6,2,103],"tags":[10],"class_list":["post-2564","post","type-post","status-publish","format-standard","has-post-thumbnail","hentry","category-mtb-trial-reprezentace","category-mtb","category-novinky","category-reprezentace","tag-mtb"],"_links":{"self":[{"href":"https:\/\/www.czechcyclingfederation.com\/en\/wp-json\/wp\/v2\/posts\/2564","targetHints":{"allow":["GET"]}}],"collection":[{"href":"https:\/\/www.czechcyclingfederation.com\/en\/wp-json\/wp\/v2\/posts"}],"about":[{"href":"https:\/\/www.czechcyclingfederation.com\/en\/wp-json\/wp\/v2\/types\/post"}],"author":[{"embeddable":true,"href":"https:\/\/www.czechcyclingfederation.com\/en\/wp-json\/wp\/v2\/users\/9"}],"replies":[{"embeddable":true,"href":"https:\/\/www.czechcyclingfederation.com\/en\/wp-json\/wp\/v2\/comments?post=2564"}],"version-history":[{"count":2,"href":"https:\/\/www.czechcyclingfederation.com\/en\/wp-json\/wp\/v2\/posts\/2564\/revisions"}],"predecessor-version":[{"id":2586,"href":"https:\/\/www.czechcyclingfederation.com\/en\/wp-json\/wp\/v2\/posts\/2564\/revisions\/2586"}],"wp:featuredmedia":[{"embeddable":true,"href":"https:\/\/www.czechcyclingfederation.com\/en\/wp-json\/wp\/v2\/media\/2565"}],"wp:attachment":[{"href":"https:\/\/www.czechcyclingfederation.com\/en\/wp-json\/wp\/v2\/media?parent=2564"}],"wp:term":[{"taxonomy":"category","embeddable":true,"href":"https:\/\/www.czechcyclingfederation.com\/en\/wp-json\/wp\/v2\/categories?post=2564"},{"taxonomy":"post_tag","embeddable":true,"href":"https:\/\/www.czechcyclingfederation.com\/en\/wp-json\/wp\/v2\/tags?post=2564"}],"curies":[{"name":"wp","href":"https:\/\/api.w.org\/{rel}","templated":true}]}}