{"id":25637,"date":"2023-06-12T10:05:17","date_gmt":"2023-06-12T08:05:17","guid":{"rendered":"https:\/\/www.czechcyclingfederation.com\/?p=25637"},"modified":"2023-06-12T10:05:20","modified_gmt":"2023-06-12T08:05:20","slug":"miculycova-bude-v-polsku-obhajovat-evropske-zlato","status":"publish","type":"post","link":"https:\/\/www.czechcyclingfederation.com\/en\/miculycova-bude-v-polsku-obhajovat-evropske-zlato\/","title":{"rendered":"Miculy\u010dov\u00e1 bude v Polsku obhajovat evropsk\u00e9 zlato"},"content":{"rendered":"\n<p>Ivetu Miculy\u010dovou \u010dek\u00e1 v Krakov\u011b ve dnech 21. \u2013 22. \u010dervna obhajoba titulu mistryn\u011b Evropy v discipl\u00edn\u011b Freestyle BMX. V Polsku bude jednou z nejv\u011bt\u0161\u00edch adeptek na medaili z \u010desk\u00fdch cyklist\u016f. Vedle discipl\u00edny Freestyle BMX se v&nbsp;Krakov\u011b kon\u00e1 tak\u00e9 mistrovstv\u00ed Evropy pro elitn\u00ed kategorie&nbsp;MTB XCO.<\/p>\n\n\n\n<p>\u201eDo Polska pojedeme s t\u011bmi nejlep\u0161\u00edmi jezdci. Iveta bude velkou favoritkou, v mu\u017e\u00edch m\u00e1me Tom\u00e1\u0161e Berana, kter\u00fd by se m\u011bl taky poprat o p\u00f3dium. Vloni mu to na Evrop\u011b uteklo o jedno m\u00edsto. Cel\u00fd t\u00fdm bude m\u00edt velk\u00e9 ambice,\u201c uvedl reprezenta\u010dn\u00ed tren\u00e9r Freestyle BMX Erik Figar. V nominaci jsou celkem \u010dty\u0159i \u010de\u0161t\u00ed z\u00e1stupci t\u00e9to discipl\u00edny.<\/p>\n\n\n\n<p>Mistrovstv\u00ed Evropy elitn\u00edch kategori\u00ed se kon\u00e1 v r\u00e1mci multisportovn\u00edch Evropsk\u00fdch her, tak\u017ee se bude bojovat o tituly v \u0159ad\u011b nejr\u016fzn\u011bj\u0161\u00edch sport\u016f. Z cyklistick\u00fdch discipl\u00edn to bude je\u0161t\u011b cross country horsk\u00fdch kol v \u010dele s nejv\u011bt\u0161\u00ed \u010deskou hv\u011bzdou Ond\u0159ejem Cinkem.<\/p>\n\n\n\n<p>V nominaci je spolu s n\u00edm celkem \u0161est \u010desk\u00fdch reprezentant\u016f. \u201eSna\u017e\u00edme se d\u00e1t p\u0159\u00edle\u017eitost cel\u00e9 \u0161ir\u0161\u00ed reprezenta\u010dn\u00ed \u0161pi\u010dce, aby v\u0161ichni jezdci z\u016fstali v kontaktu s t\u011bmi nejlep\u0161\u00edmi evropsk\u00fdmi z\u00e1vodn\u00edky. Nejv\u011bt\u0161\u00edm adeptem na co nejlep\u0161\u00ed um\u00edst\u011bn\u00ed by m\u011bl b\u00fdt Ondra Cink. Pokud bude zdrav\u00fd, je schopen atakovat prvn\u00ed p\u011btku, Jitka \u010c\u00e1belick\u00e1 m\u00e1 v \u017eensk\u00e9 kategorii formu na to, aby se um\u00edstila v top 15. A rozhodn\u011b bych neodepisoval ani na\u0161eho veter\u00e1na Honzu \u0160karnitzla. Pokud mu v\u0161echno sedne, i on je schopen zajet do prvn\u00ed patn\u00e1ctky,\u201c \u0159ekl reprezenta\u010dn\u00ed tren\u00e9r Viktor Zapletal.&nbsp;<\/p>\n\n\n\n<p>Bike\u0159i pojedou o tituly 25. 6., reprezentanti ve Freestyle BMX se p\u0159edstav\u00ed v akci 21. \u2013 22. 6.<\/p>\n\n\n\n<p><strong>Nominace&nbsp;<\/strong><\/p>\n\n\n\n<p>Freestyle BMX, mu\u017ei: Tom\u00e1\u0161 Beran, Martin Habada, \u017eeny: Ivety Miculy\u010dov\u00e1, Kate\u0159ina Jal\u016fvkov\u00e1.<\/p>\n\n\n\n<p>Cross country \u2013 mu\u017ei: Ond\u0159ej Cink, Jan \u0160karnitzl, Jan Vastl, Luk\u00e1\u0161 Kobes, \u017eeny: Jitka \u010c\u00e1belick\u00e1, Jana Czeczinkarov\u00e1.<\/p>\n\n\n\n<figure class=\"wp-block-image size-large\"><img loading=\"lazy\" decoding=\"async\" width=\"1024\" height=\"682\" src=\"https:\/\/www.czechcyclingfederation.com\/wp-content\/uploads\/2023\/06\/SVO_Cink-1024x682.jpeg\" alt=\"\" class=\"wp-image-25640\" srcset=\"https:\/\/www.czechcyclingfederation.com\/wp-content\/uploads\/2023\/06\/SVO_Cink-1024x682.jpeg 1024w, https:\/\/www.czechcyclingfederation.com\/wp-content\/uploads\/2023\/06\/SVO_Cink-300x200.jpeg 300w, https:\/\/www.czechcyclingfederation.com\/wp-content\/uploads\/2023\/06\/SVO_Cink-768x512.jpeg 768w, https:\/\/www.czechcyclingfederation.com\/wp-content\/uploads\/2023\/06\/SVO_Cink.jpeg 1280w\" sizes=\"auto, (max-width: 1024px) 100vw, 1024px\" \/><\/figure>\n\n\n\n<p>FOTO: Jan Brychta\/Jaroslav Svoboda<\/p>\n","protected":false},"excerpt":{"rendered":"<p>Ivetu Miculy\u010dovou \u010dek\u00e1 v Krakov\u011b ve dnech 21. \u2013 22. \u010dervna obhajoba titulu mistryn\u011b Evropy v discipl\u00edn\u011b Freestyle BMX. V Polsku bude jednou z nejv\u011bt\u0161\u00edch adeptek na medaili z \u010desk\u00fdch cyklist\u016f. Vedle discipl\u00edny Freestyle BMX se v&nbsp;Krakov\u011b kon\u00e1 tak\u00e9 mistrovstv\u00ed Evropy pro elitn\u00ed kategorie&nbsp;MTB XCO. \u201eDo Polska pojedeme s t\u011bmi nejlep\u0161\u00edmi jezdci. Iveta bude velkou [&hellip;]<\/p>\n","protected":false},"author":1,"featured_media":25638,"comment_status":"closed","ping_status":"open","sticky":false,"template":"","format":"standard","meta":{"footnotes":""},"categories":[57,58,17,2],"tags":[119],"class_list":["post-25637","post","type-post","status-publish","format-standard","has-post-thumbnail","hentry","category-bmx","category-cyklokros","category-discipliny","category-novinky","tag-csc"],"_links":{"self":[{"href":"https:\/\/www.czechcyclingfederation.com\/en\/wp-json\/wp\/v2\/posts\/25637","targetHints":{"allow":["GET"]}}],"collection":[{"href":"https:\/\/www.czechcyclingfederation.com\/en\/wp-json\/wp\/v2\/posts"}],"about":[{"href":"https:\/\/www.czechcyclingfederation.com\/en\/wp-json\/wp\/v2\/types\/post"}],"author":[{"embeddable":true,"href":"https:\/\/www.czechcyclingfederation.com\/en\/wp-json\/wp\/v2\/users\/1"}],"replies":[{"embeddable":true,"href":"https:\/\/www.czechcyclingfederation.com\/en\/wp-json\/wp\/v2\/comments?post=25637"}],"version-history":[{"count":1,"href":"https:\/\/www.czechcyclingfederation.com\/en\/wp-json\/wp\/v2\/posts\/25637\/revisions"}],"predecessor-version":[{"id":25642,"href":"https:\/\/www.czechcyclingfederation.com\/en\/wp-json\/wp\/v2\/posts\/25637\/revisions\/25642"}],"wp:featuredmedia":[{"embeddable":true,"href":"https:\/\/www.czechcyclingfederation.com\/en\/wp-json\/wp\/v2\/media\/25638"}],"wp:attachment":[{"href":"https:\/\/www.czechcyclingfederation.com\/en\/wp-json\/wp\/v2\/media?parent=25637"}],"wp:term":[{"taxonomy":"category","embeddable":true,"href":"https:\/\/www.czechcyclingfederation.com\/en\/wp-json\/wp\/v2\/categories?post=25637"},{"taxonomy":"post_tag","embeddable":true,"href":"https:\/\/www.czechcyclingfederation.com\/en\/wp-json\/wp\/v2\/tags?post=25637"}],"curies":[{"name":"wp","href":"https:\/\/api.w.org\/{rel}","templated":true}]}}