{"id":25626,"date":"2023-06-11T20:58:29","date_gmt":"2023-06-11T18:58:29","guid":{"rendered":"https:\/\/www.czechcyclingfederation.com\/?p=25626"},"modified":"2023-06-12T00:18:06","modified_gmt":"2023-06-11T22:18:06","slug":"cink-na-sp-v-lenzerheide-desaty","status":"publish","type":"post","link":"https:\/\/www.czechcyclingfederation.com\/en\/cink-na-sp-v-lenzerheide-desaty\/","title":{"rendered":"Cink na SP v Lenzerheide des\u00e1t\u00fd\u00a0"},"content":{"rendered":"\n<p><strong>Program sv\u011btov\u00e9ho mountain bikingu pokra\u010doval ve \u0161v\u00fdcarsk\u00e9m Lenzerheide, kde nejv\u00fdrazn\u011bj\u0161\u00ed v\u00fdsledek v elitn\u00ed des\u00edtce zajel Ond\u0159ej Cink.<\/strong><\/p>\n\n\n\n<p>Program Sv\u011btov\u00e9ho poh\u00e1ru horsk\u00fdch kol v Lenzerheide zapo\u010dal tradi\u010dn\u011b z\u00e1vodem short tracku, v n\u011bm\u017e se nejl\u00e9pe da\u0159ilo Janu Zatloukalovi na 13. m\u00edst\u011b, jeho kolega z kategorie do t\u0159iadvaceti let Jan L\u00e1ska fini\u0161oval jako 25. 31. m\u00edsto obsadila Zuzana \u0160af\u00e1\u0159ov\u00e1. V elitn\u00ed kategorii dojel na 19. m\u00edst\u011b Ond\u0159ej Cink, jeho v\u00fdsledek v\u0161ak ovlivnil dv\u011b kola p\u0159ed c\u00edlem p\u00e1d jezdc\u016f p\u0159ed n\u00edm. Jitka \u010c\u00e1belick\u00e1 skon\u010dila 38.&nbsp;<\/p>\n\n\n\n<p>V z\u00e1vod\u011b cross country do t\u0159iadvaceti let skon\u010dila nejl\u00e9pe Simona Sp\u011b\u0161n\u00e1, kdy\u017e dokon\u010dila z\u00e1vod na 19. m\u00edst\u011b. P\u0159ekvapiv\u00e9, ale v\u00fdborn\u00e9 osobn\u00ed v\u00fdsledky si p\u0159ipisuj\u00ed i 28. v c\u00edli Nela Viktorov\u00e1 a 30. Zuzana \u0160af\u00e1\u0159ov\u00e1. S technick\u00fdmi probl\u00e9my bojuj\u00edc\u00ed Patricie Srnsk\u00e1 obsadila 37. pozici a na 40. m\u00edst\u011b se um\u00edstila Aneta Novotn\u00e1.<\/p>\n\n\n\n<p>Dobr\u00fd z\u00e1vod zajeli tak\u00e9 jezdci do t\u0159iadvaceti let, kte\u0159\u00ed ve velmi rychl\u00e9m a dramatick\u00e9m z\u00e1vod\u011b obsadili Jan Zatloukal 21. a Jan S\u00e1ska 33. p\u0159\u00ed\u010dku.<\/p>\n\n\n\n<p>Z\u00e1vod elitn\u00edch kategori\u00ed nejl\u00e9pe sedl \u010desk\u00e9 jedni\u010dce Ond\u0159eji Cinkovi, kter\u00fd se po zdravotn\u00edch probl\u00e9mech op\u011bt prosadil v elitn\u00ed des\u00edtce. 47. m\u00edsto obsadila Jitka \u010c\u00e1belick\u00e1. Dal\u0161\u00ed \u010desk\u00e1 z\u00e1vodnice, \u010desk\u00e1 \u0161ampionka, Jana Czeczinkarov\u00e1 dokon\u010dila z\u00e1vod na 78. pozici.<\/p>\n\n\n\n<p><strong>V\u00fdsledky:<\/strong><\/p>\n\n\n\n<p>\u017deny U23:&nbsp;<\/p>\n\n\n\n<p>1. Sofie Heby Pedersen (D\u00e1n., Wilier Pirelli) 1:12:42, 2. Ronja Bl\u00f6chlinger (\u0160v\u00fdc., Liv Factory) +0:11, 3. Sara Cortinovis (It., Santa Cruz Rockshox) +0:49 &#8230;<strong> 19. Simona Sp\u011b\u0161n\u00e1 (jb Brunex Superior) +5:47, 28. Nela Viktorov\u00e1 (Rouvy Specialized) +7:25, 30. Zuzana \u0160af\u00e1\u0159ov\u00e1 (Rouvy Specialized) +7:31.<\/strong><\/p>\n\n\n\n<p>Mu\u017ei U23:<\/p>\n\n\n\n<p>1. Dario Lillo (\u0160v\u00fdc., Scott Davos) 1:12:58, 2. Carter Woods (Kan., Giant Factory) +0:02, 3. Adrien Boichis (Fr., Trinity Racing) +0:12 &#8230; <strong>21. Jan Zatloukal (Nutrend Specialized Racing) +2:51, 33. Jan S\u00e1ska (Massi) +4:12.<\/strong><\/p>\n\n\n\n<p>\u017deny Elite:<\/p>\n\n\n\n<p>&nbsp;1. Loana Lecomte (Fr., Canyon CLLCTV) 1:24:41, 2. Anne Terpstra (Niz., Ghost Factory) +0:18, 3. Alessandra Keller (\u0160v\u00fdc., Thoemus Maxon) +0:32 &#8230;<strong> 47. Jitka \u010c\u00e1belick\u00e1 (GAPP System Kolofix) +8:54, 78. Jana Czeczinkarov\u00e1 (Berria Vittoria Factory Team) &#8211; 2kola.<\/strong><\/p>\n\n\n\n<p>Mu\u017ei Elite:&nbsp;<\/p>\n\n\n\n<p>1. Nino Schurter (\u0160v\u00fdc., Scott Sram) 1:24:04, 2. Alan Hatherly (RSA, Cannondale Factory) +0:15, 3. Jordan Sarrou (\u0160v\u00fdc., Team BMC) +0:16 &#8230; <strong>10. Ond\u0159ej Cink (Primaflor Mondraker Genuins) +1:50, 54. Jan Vastl (Rouvy Specialized) +5:56, 80. Mat\u011bj Pr\u016fdek (Cyklostar Trek Pirelli) +9:26.\u00a0<\/strong><\/p>\n\n\n\n<div style=\"text-align: center;\">\n\t<iframe loading=\"lazy\" allow=\"autoplay; clipboard-write; encrypted-media; picture-in-picture; web-share\" allowfullscreen=\"true\" frameborder=\"0\" height=\"666\" scrolling=\"no\" src=\"https:\/\/www.facebook.com\/plugins\/post.php?href=https%3A%2F%2Fwww.facebook.com%2FreprezentaceMTB%2Fposts%2Fpfbid02K445uYh5ik6QSYzu8rUfCWLxARBo6o7tkjmhQH3VrCN9v44LSnAY5KhAEAefvRYGl&amp;show_text=true&amp;width=500\" style=\"border:none;overflow:hidden\" width=\"500\"><\/iframe><\/div>\n\n\n\n\n<p>Foto:  Michal \u010cerven\u00fd <\/p>\n","protected":false},"excerpt":{"rendered":"<p>Program sv\u011btov\u00e9ho mountain bikingu pokra\u010doval ve \u0161v\u00fdcarsk\u00e9m Lenzerheide, kde nejv\u00fdrazn\u011bj\u0161\u00ed v\u00fdsledek v elitn\u00ed des\u00edtce zajel Ond\u0159ej Cink. Program Sv\u011btov\u00e9ho poh\u00e1ru horsk\u00fdch kol v Lenzerheide zapo\u010dal tradi\u010dn\u011b z\u00e1vodem short tracku, v n\u011bm\u017e se nejl\u00e9pe da\u0159ilo Janu Zatloukalovi na 13. m\u00edst\u011b, jeho kolega z kategorie do t\u0159iadvaceti let Jan L\u00e1ska fini\u0161oval jako 25. 31. m\u00edsto obsadila Zuzana [&hellip;]<\/p>\n","protected":false},"author":9,"featured_media":25632,"comment_status":"closed","ping_status":"open","sticky":false,"template":"","format":"standard","meta":{"footnotes":""},"categories":[2,1],"tags":[10],"class_list":["post-25626","post","type-post","status-publish","format-standard","has-post-thumbnail","hentry","category-novinky","category-uncategorized-cs","tag-mtb"],"_links":{"self":[{"href":"https:\/\/www.czechcyclingfederation.com\/en\/wp-json\/wp\/v2\/posts\/25626","targetHints":{"allow":["GET"]}}],"collection":[{"href":"https:\/\/www.czechcyclingfederation.com\/en\/wp-json\/wp\/v2\/posts"}],"about":[{"href":"https:\/\/www.czechcyclingfederation.com\/en\/wp-json\/wp\/v2\/types\/post"}],"author":[{"embeddable":true,"href":"https:\/\/www.czechcyclingfederation.com\/en\/wp-json\/wp\/v2\/users\/9"}],"replies":[{"embeddable":true,"href":"https:\/\/www.czechcyclingfederation.com\/en\/wp-json\/wp\/v2\/comments?post=25626"}],"version-history":[{"count":3,"href":"https:\/\/www.czechcyclingfederation.com\/en\/wp-json\/wp\/v2\/posts\/25626\/revisions"}],"predecessor-version":[{"id":25636,"href":"https:\/\/www.czechcyclingfederation.com\/en\/wp-json\/wp\/v2\/posts\/25626\/revisions\/25636"}],"wp:featuredmedia":[{"embeddable":true,"href":"https:\/\/www.czechcyclingfederation.com\/en\/wp-json\/wp\/v2\/media\/25632"}],"wp:attachment":[{"href":"https:\/\/www.czechcyclingfederation.com\/en\/wp-json\/wp\/v2\/media?parent=25626"}],"wp:term":[{"taxonomy":"category","embeddable":true,"href":"https:\/\/www.czechcyclingfederation.com\/en\/wp-json\/wp\/v2\/categories?post=25626"},{"taxonomy":"post_tag","embeddable":true,"href":"https:\/\/www.czechcyclingfederation.com\/en\/wp-json\/wp\/v2\/tags?post=25626"}],"curies":[{"name":"wp","href":"https:\/\/api.w.org\/{rel}","templated":true}]}}