{"id":25617,"date":"2023-06-11T18:35:18","date_gmt":"2023-06-11T16:35:18","guid":{"rendered":"https:\/\/www.czechcyclingfederation.com\/?p=25617"},"modified":"2023-06-11T18:35:21","modified_gmt":"2023-06-11T16:35:21","slug":"brilon-cup-ve-starem-jicine-zrusen","status":"publish","type":"post","link":"https:\/\/www.czechcyclingfederation.com\/en\/brilon-cup-ve-starem-jicine-zrusen\/","title":{"rendered":"Brilon Cup ve Star\u00e9m Ji\u010d\u00edn\u011b zru\u0161en"},"content":{"rendered":"\n<p>\u010cesk\u00fd poh\u00e1r ml\u00e1de\u017ee a \u017een pod n\u00e1zvem Brilon Cup se m\u011bl dnes konat ve Star\u00e9m Ji\u010d\u00edn\u011b. Bohu\u017eel z d\u016fvodu v\u00e1\u017en\u00e9ho zran\u011bn\u00ed na trati p\u0159i prvn\u00edm z\u00e1vod\u011b byly v\u0161echny ned\u011bln\u00ed z\u00e1vody poh\u00e1ru zru\u0161eny.<\/p>\n\n\n\n<p>Zran\u011bn\u00fdm jezdkyn\u00edm p\u0159ejeme brzk\u00e9 uzdraven\u00ed a hodn\u011b sil!<\/p>\n","protected":false},"excerpt":{"rendered":"<p>\u010cesk\u00fd poh\u00e1r ml\u00e1de\u017ee a \u017een pod n\u00e1zvem Brilon Cup se m\u011bl dnes konat ve Star\u00e9m Ji\u010d\u00edn\u011b. Bohu\u017eel z d\u016fvodu v\u00e1\u017en\u00e9ho zran\u011bn\u00ed na trati p\u0159i prvn\u00edm z\u00e1vod\u011b byly v\u0161echny ned\u011bln\u00ed z\u00e1vody poh\u00e1ru zru\u0161eny. Zran\u011bn\u00fdm jezdkyn\u00edm p\u0159ejeme brzk\u00e9 uzdraven\u00ed a hodn\u011b sil!<\/p>\n","protected":false},"author":1,"featured_media":25618,"comment_status":"closed","ping_status":"open","sticky":false,"template":"","format":"standard","meta":{"footnotes":""},"categories":[17,2,18],"tags":[11],"class_list":["post-25617","post","type-post","status-publish","format-standard","has-post-thumbnail","hentry","category-discipliny","category-novinky","category-silnice","tag-silnice"],"_links":{"self":[{"href":"https:\/\/www.czechcyclingfederation.com\/en\/wp-json\/wp\/v2\/posts\/25617","targetHints":{"allow":["GET"]}}],"collection":[{"href":"https:\/\/www.czechcyclingfederation.com\/en\/wp-json\/wp\/v2\/posts"}],"about":[{"href":"https:\/\/www.czechcyclingfederation.com\/en\/wp-json\/wp\/v2\/types\/post"}],"author":[{"embeddable":true,"href":"https:\/\/www.czechcyclingfederation.com\/en\/wp-json\/wp\/v2\/users\/1"}],"replies":[{"embeddable":true,"href":"https:\/\/www.czechcyclingfederation.com\/en\/wp-json\/wp\/v2\/comments?post=25617"}],"version-history":[{"count":1,"href":"https:\/\/www.czechcyclingfederation.com\/en\/wp-json\/wp\/v2\/posts\/25617\/revisions"}],"predecessor-version":[{"id":25620,"href":"https:\/\/www.czechcyclingfederation.com\/en\/wp-json\/wp\/v2\/posts\/25617\/revisions\/25620"}],"wp:featuredmedia":[{"embeddable":true,"href":"https:\/\/www.czechcyclingfederation.com\/en\/wp-json\/wp\/v2\/media\/25618"}],"wp:attachment":[{"href":"https:\/\/www.czechcyclingfederation.com\/en\/wp-json\/wp\/v2\/media?parent=25617"}],"wp:term":[{"taxonomy":"category","embeddable":true,"href":"https:\/\/www.czechcyclingfederation.com\/en\/wp-json\/wp\/v2\/categories?post=25617"},{"taxonomy":"post_tag","embeddable":true,"href":"https:\/\/www.czechcyclingfederation.com\/en\/wp-json\/wp\/v2\/tags?post=25617"}],"curies":[{"name":"wp","href":"https:\/\/api.w.org\/{rel}","templated":true}]}}