{"id":25605,"date":"2023-06-10T21:21:51","date_gmt":"2023-06-10T19:21:51","guid":{"rendered":"https:\/\/www.czechcyclingfederation.com\/?p=25605"},"modified":"2023-06-10T21:21:54","modified_gmt":"2023-06-10T19:21:54","slug":"slanikova-vyhrala-zavod-carla-kriterijni-ligy","status":"publish","type":"post","link":"https:\/\/www.czechcyclingfederation.com\/en\/slanikova-vyhrala-zavod-carla-kriterijni-ligy\/","title":{"rendered":"Slan\u00edkov\u00e1 vyhr\u00e1la z\u00e1vod Carla krit\u00e9rijn\u00ed ligy"},"content":{"rendered":"\n<p><\/p>\n\n\n\n<p>Dal\u0161\u00ed d\u00edl seri\u00e1lu Carla krit\u00e9rijn\u00ed ligy v B\u011blkovic\u00edch \u2013 La\u0161\u0165anech vyhr\u00e1la v&nbsp;z\u00e1vod\u011b \u017een Nela Slan\u00edkov\u00e1 (Dukla Praha) se ziskem 23 bod\u016f, druh\u00e1 Eli\u0161ka Kvasni\u010dkov\u00e1 (SportRaces Cycling Team) zaostala o jedin\u00fd bod.<\/p>\n\n\n\n<p>V&nbsp;z\u00e1vodu junior\u016f byl jasn\u011b nejlep\u0161\u00ed Jakub Kuba (Dukla Praha) s&nbsp;25 body, druh\u00fd Vojt\u011bch Seidl (Jaroslav Kulhavy Cycling Team) jich nasb\u00edral o deset m\u00e9n\u011b a t\u0159et\u00ed Jakub Elbardi (Dukla Praha) \u010dtrn\u00e1ct. Mezi juniorkami slavila v\u00edt\u011bzstv\u00ed Patricie M\u00fcllerov\u00e1 (TUFO Pardus Prost\u011bjov).<\/p>\n\n\n\n<p>V\u00fdsledky:<\/p>\n\n\n\n<p>Juniorky:<\/p>\n\n\n\n<p>1. M\u00fcllerov\u00e1 (TUFO Pardus Prost\u011bjov) 23, 2. Markov\u00e1 (Dukla Praha) 4, 3. Pittnerov\u00e1 (Mapei Merida Ka\u0148kovsk\u00fd) 3.<\/p>\n\n\n\n<p>Kadeti:<\/p>\n\n\n\n<p>1. P\u0159enosil (SportRaces Cycling Team) 18, 2. H\u00e1jek (Brilon Raccing Team MB) 16, 3. Vr\u00e1na (CK Dacom Pharma Kyjov) 12.<\/p>\n\n\n\n<p>Kadetky:<\/p>\n\n\n\n<p>1.Cermanov\u00e1 (CK P\u0159\u00edbram &#8211; Fany GASTRO) 20, 2. Vikov\u00e1 (Dukla Praha) 15, 3. Mikul\u00e1\u0161kov\u00e1 (TJ Favorit Brno) 9.<\/p>\n\n\n\n<p>Junio\u0159i:<\/p>\n\n\n\n<p>1.Kuba (Dukla Praha) 25, 2. Seidl (Jaroslav Kulhavy Cycling Team) 15, 3. Elbardi (Dukla Praha) 14, 4. Rob. Kobr (Roman Kreuziger Cycling Academy) 11, 5. Pol\u00e1k (LAWI junior team) 11, 6. Zapletal (Mapei Merida Ka\u0148kovsk\u00fd) 8.<\/p>\n\n\n\n<p>\u017deny:<\/p>\n\n\n\n<p>1. Slan\u00edkov\u00e1 (Dukla Praha) 23, 2. Kvasni\u010dkov\u00e1 (SportRaces Cycling Team) 22, 3. Hartychov\u00e1 (Dukla Praha) 13.<\/p>\n","protected":false},"excerpt":{"rendered":"<p>Dal\u0161\u00ed d\u00edl seri\u00e1lu Carla krit\u00e9rijn\u00ed ligy v B\u011blkovic\u00edch \u2013 La\u0161\u0165anech vyhr\u00e1la v&nbsp;z\u00e1vod\u011b \u017een Nela Slan\u00edkov\u00e1 (Dukla Praha) se ziskem 23 bod\u016f, druh\u00e1 Eli\u0161ka Kvasni\u010dkov\u00e1 (SportRaces Cycling Team) zaostala o jedin\u00fd bod. V&nbsp;z\u00e1vodu junior\u016f byl jasn\u011b nejlep\u0161\u00ed Jakub Kuba (Dukla Praha) s&nbsp;25 body, druh\u00fd Vojt\u011bch Seidl (Jaroslav Kulhavy Cycling Team) jich nasb\u00edral o deset m\u00e9n\u011b a [&hellip;]<\/p>\n","protected":false},"author":8,"featured_media":25606,"comment_status":"closed","ping_status":"open","sticky":false,"template":"","format":"standard","meta":{"footnotes":""},"categories":[2,18],"tags":[11],"class_list":["post-25605","post","type-post","status-publish","format-standard","has-post-thumbnail","hentry","category-novinky","category-silnice","tag-silnice"],"_links":{"self":[{"href":"https:\/\/www.czechcyclingfederation.com\/en\/wp-json\/wp\/v2\/posts\/25605","targetHints":{"allow":["GET"]}}],"collection":[{"href":"https:\/\/www.czechcyclingfederation.com\/en\/wp-json\/wp\/v2\/posts"}],"about":[{"href":"https:\/\/www.czechcyclingfederation.com\/en\/wp-json\/wp\/v2\/types\/post"}],"author":[{"embeddable":true,"href":"https:\/\/www.czechcyclingfederation.com\/en\/wp-json\/wp\/v2\/users\/8"}],"replies":[{"embeddable":true,"href":"https:\/\/www.czechcyclingfederation.com\/en\/wp-json\/wp\/v2\/comments?post=25605"}],"version-history":[{"count":1,"href":"https:\/\/www.czechcyclingfederation.com\/en\/wp-json\/wp\/v2\/posts\/25605\/revisions"}],"predecessor-version":[{"id":25608,"href":"https:\/\/www.czechcyclingfederation.com\/en\/wp-json\/wp\/v2\/posts\/25605\/revisions\/25608"}],"wp:featuredmedia":[{"embeddable":true,"href":"https:\/\/www.czechcyclingfederation.com\/en\/wp-json\/wp\/v2\/media\/25606"}],"wp:attachment":[{"href":"https:\/\/www.czechcyclingfederation.com\/en\/wp-json\/wp\/v2\/media?parent=25605"}],"wp:term":[{"taxonomy":"category","embeddable":true,"href":"https:\/\/www.czechcyclingfederation.com\/en\/wp-json\/wp\/v2\/categories?post=25605"},{"taxonomy":"post_tag","embeddable":true,"href":"https:\/\/www.czechcyclingfederation.com\/en\/wp-json\/wp\/v2\/tags?post=25605"}],"curies":[{"name":"wp","href":"https:\/\/api.w.org\/{rel}","templated":true}]}}