{"id":25573,"date":"2023-06-09T17:49:53","date_gmt":"2023-06-09T15:49:53","guid":{"rendered":"https:\/\/www.czechcyclingfederation.com\/?p=25573"},"modified":"2023-06-10T08:06:29","modified_gmt":"2023-06-10T06:06:29","slug":"francouz-gautherat-potvrdil-na-zm-u23-zluty-trikot","status":"publish","type":"post","link":"https:\/\/www.czechcyclingfederation.com\/en\/francouz-gautherat-potvrdil-na-zm-u23-zluty-trikot\/","title":{"rendered":"Francouz Gautherat potvrdil na ZM U23 \u017elut\u00fd trikot"},"content":{"rendered":"\n<p>Po v\u00edt\u011bzstv\u00ed v \u00favodn\u00edm prologu Z\u00e1vodu m\u00edru U23 nena\u0161el p\u0159emo\u017eitele ani v prvn\u00ed etap\u011b francouzsk\u00fd jezdec Pierre Gautherat. Ta m\u011b\u0159ila 121,9 kilometr\u016f a vedla z Jesen\u00edku do R\u00fdma\u0159ova. Rozhodovalo se ve spurtu, za v\u00edt\u011bzem projeli c\u00edlem Brit Giddings a Karsten Feldmann z Norska. Z \u010desk\u00fdch mlad\u00edk\u016f byl nejlep\u0161\u00ed na sedm\u00e9m m\u00edst\u011b Jakub \u0164oupal\u00edk.<\/p>\n\n\n\n<p>Na jezdce dnes poprv\u00e9 \u010dekalo stoup\u00e1n\u00ed na \u010cervenohorsk\u00e9 sedlo, ale vzhledem k tomu, \u017ee to bylo hned v \u00favodu etapy, tak se tam nic z\u00e1sadn\u00edho neud\u00e1lo. Mnohem d\u016fle\u017eit\u011bj\u0161\u00ed roli sehr\u00e1lo dnes po\u010das\u00ed, konkr\u00e9tn\u011b d\u00e9\u0161\u0165. Ten spustil p\u0159ibli\u017en\u011b v polovin\u011b etapy a za n\u00e1sledek m\u011bl mnoho p\u00e1d\u016f. Ten nejpodstatn\u011bj\u0161\u00ed byl hromadn\u00fd ve sjezdu do Doln\u00ed Moravice a doplatili na n\u011bj dv\u011b \u010desk\u00e9 nad\u011bje &#8211; Pavel Nov\u00e1k a Filip \u0158eha.<\/p>\n\n\n\n<p>&#8220;Po p\u00e1du jel Nov\u00e1k d\u00e1le, ale pozd\u011bji musel m\u011bnit kolo a nabranou ztr\u00e1tu ji\u017e nedok\u00e1zal spolu s dal\u0161\u00edmi favority zlikvidovat. Spadli ale i dal\u0161\u00ed, t\u0159eba Daniel Mr\u00e1z ze \u0161estice Team Aricoma, kter\u00e9mu by z\u00e1v\u011bre\u010dn\u00fd spurt zde vyhovoval. Byla to smoln\u00e1 etapa, ale v takov\u00e9m po\u010das\u00ed se p\u00e1dy daly \u010dekat,&#8221; zhodnotil reprezenta\u010dn\u00ed kou\u010d Ren\u00e9 Andrle.<\/p>\n\n\n\n<p>Nejlep\u0161\u00ed z \u010desk\u00fdch jezdc\u016f v c\u00edli byl na sedm\u00e9 p\u0159\u00ed\u010dce Jakub \u0164oupal\u00edk. Na ot\u00e1zku, co mu chyb\u011blo ke stup\u0148\u016fm v\u00edt\u011bz\u016f \u0159ekl, \u017ee asi lep\u0161\u00ed nohy. &#8220;Dnes to bylo hodn\u011b hektick\u00e9, nebezpe\u010dn\u00e9 a bylo dost p\u00e1d\u016f, tak\u017ee jsem r\u00e1d, \u017ee jsem zdr\u00e1v v c\u00edli. Z\u00e1v\u011bre\u010dn\u00fd okruh je s\u00e1m o sob\u011b dost technick\u00fd, na mokru je to o to hor\u0161\u00ed. V z\u00e1v\u011bru jsme zkusili s Milanem (Kadlecem) rozjet spurt, ale v zat\u00e1\u010dce to v\u0161ak spadlo a n\u00e1s zpomalilo, tak\u017ee jsme to op\u011bt museli rozj\u00ed\u017ed\u011bt,&#8221; \u0159ekl Jakub \u0164oupal\u00edk.<\/p>\n\n\n\n<p>V\u00fdsledky:<\/p>\n\n\n\n<p>2. etapa:<\/p>\n\n\n\n<p>1. Gautherat (Fr.) 2:58:14, 2. Giddings (Brit.), 3. Feldmann (Nor.), 4. Harteel (Belg.), 5. Arrighetti (It.), 6. Vidts (Belg.), 7. J. \u0164oupal\u00edk, &#8230;14. Kadlec, 22. Camrda, 44. Obdr\u017e\u00e1lek, 56. P\u0159idal, 67. Teleck\u00fd (v\u0161ichni \u010cR) v\u0161ichni stejn\u00fd \u010das.<\/p>\n\n\n\n<p>Pr\u016fb\u011b\u017en\u00e9 po\u0159ad\u00ed:<\/p>\n\n\n\n<p>1. Gautherat 3:01:40, 2. Uhlig (N\u011b.) +10, 3. Giddings (Brit.) +12, 4. Buck-Gramcko (N\u011bm.) +15, 5. Rees (Brit.) +15, 6. Artz (Niz.) +16, &#8230;34. J. \u0164oupal\u00edk +24, 41. Kadlec +25, 54. Camrda +30, 62. Obdr\u017e\u00e1lek +31, 74. Teleck\u00fd +52.<\/p>\n\n\n\n<p>FOTO Mark\u00e9ta Navr\u00e1tilov\u00e1, Barbora Reichov\u00e1\/Czech Tour<\/p>\n\n\n\n<figure class=\"wp-block-image size-large\"><img loading=\"lazy\" decoding=\"async\" width=\"1024\" height=\"683\" src=\"http:\/\/www.czechcyclingfederation.com\/wp-content\/uploads\/2023\/06\/Navratilova-01-1024x683.jpg\" alt=\"\" class=\"wp-image-25580\" srcset=\"https:\/\/www.czechcyclingfederation.com\/wp-content\/uploads\/2023\/06\/Navratilova-01-1024x683.jpg 1024w, https:\/\/www.czechcyclingfederation.com\/wp-content\/uploads\/2023\/06\/Navratilova-01-300x200.jpg 300w, https:\/\/www.czechcyclingfederation.com\/wp-content\/uploads\/2023\/06\/Navratilova-01-768x512.jpg 768w, https:\/\/www.czechcyclingfederation.com\/wp-content\/uploads\/2023\/06\/Navratilova-01-1536x1025.jpg 1536w, https:\/\/www.czechcyclingfederation.com\/wp-content\/uploads\/2023\/06\/Navratilova-01-2048x1366.jpg 2048w, https:\/\/www.czechcyclingfederation.com\/wp-content\/uploads\/2023\/06\/Navratilova-01-1320x881.jpg 1320w\" sizes=\"auto, (max-width: 1024px) 100vw, 1024px\" \/><\/figure>\n\n\n\n<figure class=\"wp-block-image size-large\"><img loading=\"lazy\" decoding=\"async\" width=\"1024\" height=\"768\" src=\"http:\/\/www.czechcyclingfederation.com\/wp-content\/uploads\/2023\/06\/20230609_133406-1024x768.jpg\" alt=\"\" class=\"wp-image-25574\" srcset=\"https:\/\/www.czechcyclingfederation.com\/wp-content\/uploads\/2023\/06\/20230609_133406-1024x768.jpg 1024w, https:\/\/www.czechcyclingfederation.com\/wp-content\/uploads\/2023\/06\/20230609_133406-267x200.jpg 267w, https:\/\/www.czechcyclingfederation.com\/wp-content\/uploads\/2023\/06\/20230609_133406-768x576.jpg 768w, https:\/\/www.czechcyclingfederation.com\/wp-content\/uploads\/2023\/06\/20230609_133406-1536x1152.jpg 1536w, https:\/\/www.czechcyclingfederation.com\/wp-content\/uploads\/2023\/06\/20230609_133406-2048x1536.jpg 2048w, https:\/\/www.czechcyclingfederation.com\/wp-content\/uploads\/2023\/06\/20230609_133406-1320x990.jpg 1320w\" sizes=\"auto, (max-width: 1024px) 100vw, 1024px\" \/><\/figure>\n","protected":false},"excerpt":{"rendered":"<p>Po v\u00edt\u011bzstv\u00ed v \u00favodn\u00edm prologu Z\u00e1vodu m\u00edru U23 nena\u0161el p\u0159emo\u017eitele ani v prvn\u00ed etap\u011b francouzsk\u00fd jezdec Pierre Gautherat. Ta m\u011b\u0159ila 121,9 kilometr\u016f a vedla z Jesen\u00edku do R\u00fdma\u0159ova. Rozhodovalo se ve spurtu, za v\u00edt\u011bzem projeli c\u00edlem Brit Giddings a Karsten Feldmann z Norska. Z \u010desk\u00fdch mlad\u00edk\u016f byl nejlep\u0161\u00ed na sedm\u00e9m m\u00edst\u011b Jakub \u0164oupal\u00edk. Na jezdce [&hellip;]<\/p>\n","protected":false},"author":8,"featured_media":25578,"comment_status":"closed","ping_status":"open","sticky":false,"template":"","format":"standard","meta":{"footnotes":""},"categories":[2,18,1],"tags":[11],"class_list":["post-25573","post","type-post","status-publish","format-standard","has-post-thumbnail","hentry","category-novinky","category-silnice","category-uncategorized-cs","tag-silnice"],"_links":{"self":[{"href":"https:\/\/www.czechcyclingfederation.com\/en\/wp-json\/wp\/v2\/posts\/25573","targetHints":{"allow":["GET"]}}],"collection":[{"href":"https:\/\/www.czechcyclingfederation.com\/en\/wp-json\/wp\/v2\/posts"}],"about":[{"href":"https:\/\/www.czechcyclingfederation.com\/en\/wp-json\/wp\/v2\/types\/post"}],"author":[{"embeddable":true,"href":"https:\/\/www.czechcyclingfederation.com\/en\/wp-json\/wp\/v2\/users\/8"}],"replies":[{"embeddable":true,"href":"https:\/\/www.czechcyclingfederation.com\/en\/wp-json\/wp\/v2\/comments?post=25573"}],"version-history":[{"count":2,"href":"https:\/\/www.czechcyclingfederation.com\/en\/wp-json\/wp\/v2\/posts\/25573\/revisions"}],"predecessor-version":[{"id":25584,"href":"https:\/\/www.czechcyclingfederation.com\/en\/wp-json\/wp\/v2\/posts\/25573\/revisions\/25584"}],"wp:featuredmedia":[{"embeddable":true,"href":"https:\/\/www.czechcyclingfederation.com\/en\/wp-json\/wp\/v2\/media\/25578"}],"wp:attachment":[{"href":"https:\/\/www.czechcyclingfederation.com\/en\/wp-json\/wp\/v2\/media?parent=25573"}],"wp:term":[{"taxonomy":"category","embeddable":true,"href":"https:\/\/www.czechcyclingfederation.com\/en\/wp-json\/wp\/v2\/categories?post=25573"},{"taxonomy":"post_tag","embeddable":true,"href":"https:\/\/www.czechcyclingfederation.com\/en\/wp-json\/wp\/v2\/tags?post=25573"}],"curies":[{"name":"wp","href":"https:\/\/api.w.org\/{rel}","templated":true}]}}