{"id":25564,"date":"2023-06-08T19:11:06","date_gmt":"2023-06-08T17:11:06","guid":{"rendered":"https:\/\/www.czechcyclingfederation.com\/?p=25564"},"modified":"2023-06-08T19:11:08","modified_gmt":"2023-06-08T17:11:08","slug":"uvodni-prolog-zavodu-miru-u23-vyhral-francouz-gautherat","status":"publish","type":"post","link":"https:\/\/www.czechcyclingfederation.com\/en\/uvodni-prolog-zavodu-miru-u23-vyhral-francouz-gautherat\/","title":{"rendered":"\u00davodn\u00ed prolog Z\u00e1vodu m\u00edru U23 vyhr\u00e1l Francouz Gautherat"},"content":{"rendered":"\n<p>Celkem 130 jezdc\u016f z jednadvaceti zem\u00ed absolvovalo dnes \u00favodn\u00ed prolog Z\u00e1vodu m\u00edru U23, podniku Nations\u00b4 Cupu jezdc\u016f t\u00e9to v\u011bkov\u00e9 kategorie. Tra\u0165 dlouhou 3,1 km zvl\u00e1dl nejrychlej\u0161\u00ed francouzsk\u00fd jezdec Pierre Gautherat, nejlep\u0161\u00ed z \u010desk\u00fdch mlad\u00edk\u016f byl Pavel Nov\u00e1k, kter\u00fd na \u010dtrn\u00e1ct\u00e9m m\u00edst\u011b ztratil na v\u00edt\u011bze \u0161est vte\u0159in.<\/p>\n\n\n\n<p>&#8220;Jsem spokojen, tra\u0165 byla p\u011bkn\u00e1 i kdy\u017e na t\u011bch kostk\u00e1ch se nejelo ide\u00e1ln\u011b. T\u011b\u0161\u00edm se ale hlavn\u011b na dal\u0161\u00ed etapy, v kopc\u00edch se c\u00edt\u00edm dob\u0159e a vyhovuj\u00ed m\u011b. S \u010dasem jsem spokojen i kdy\u017e dnes se o ni\u010dem nerozhodovalo, n\u00e1sledn\u00e9 etapy to bude o n\u011b\u010dem jin\u00e9m,&#8221; \u0159ekl Pavel Nov\u00e1k z\u00e1vod\u00edc\u00ed za italsk\u00fd celek Ciclistica Trevigliese, kter\u00fd je jedn\u00edm z l\u00eddr\u016f \u010desk\u00e9ho reprezenta\u010dn\u00edho v\u00fdb\u011bru.<\/p>\n\n\n\n<p>Rozd\u00edly mezi nejlep\u0161\u00edmi byly minim\u00e1ln\u00ed. Druh\u00fd v po\u0159ad\u00ed Henri Uhlig z N\u011bmecka zaostal za Gautheratem, nejv\u011bt\u0161\u00ed hv\u011bzdou pelotonu, o pouh\u00fdch 32 tis\u00edcin vte\u0159iny, o dal\u0161\u00ed dv\u011b tis\u00edciny zaostal Carl-Frederik B\u00e9vort z D\u00e1nska. Gautherat &nbsp;\u010dasovku prol\u00e9tl pr\u016fm\u011brem p\u0159es pades\u00e1t kilometr\u016f za hodinu a ujal se \u017elut\u00e9ho trikotu l\u00eddra presti\u017en\u00edho z\u00e1vodu. &nbsp;<\/p>\n\n\n\n<p>Ve startovn\u00edm poli bylo dvan\u00e1ct \u010desk\u00fdch jezdc\u016f, krom\u011b reprezenta\u010dn\u00ed \u0161estice je\u0161t\u011b dal\u0161\u00ed sextet mlad\u00edk\u016f v startuj\u00edc\u00ed pod hlavi\u010dkou Team Maricona.<\/p>\n\n\n\n<p>&#8220;S t\u00edm jak to dopadlo, jsem celkem spokojen. Kluci si n\u011bkolikr\u00e1t tra\u0165 projeli a necht\u011bl jsem, aby \u0161li za hranu. Rozhodovat se bude v kopc\u00edch, dnes to bylo o minim\u00e1ln\u00edch \u010dasov\u00fdch odstupech,&#8221; dodal reprezenta\u010dn\u00ed kou\u010d Ren\u00e9 Andrle.&nbsp;&nbsp;<\/p>\n\n\n\n<p>V\u00fdsledky:<\/p>\n\n\n\n<p>Prolog na 3,1 km:<\/p>\n\n\n\n<p>1. Gautherat (Fr.) 3:38,98, 2. Uhlig (N\u011bm.) +0,32, 3. B\u00e9vort (D\u00e1n.) +0,34, 4. Charlton (Brit.), 5. Buck-Gramcko (N\u011bm.), 6. Rees (Brit.) v\u0161ichni +2, &#8230;14. Nov\u00e1k +6, 25. \u0158eha +8, 47. J. \u0164oupal\u00edk +11, 59. Kadlec +12, 70. P\u0159idal +15, 77. Mr\u00e1z +16, 80. Camrda, 81. Luke\u0161 (v\u0161ichni \u010cR) oba +17.<\/p>\n\n\n\n<p>FOTO Mark\u00e9ta Navr\u00e1tilov\u00e1, Barbora Reichov\u00e1\/Czech Tour<\/p>\n\n\n\n<figure class=\"wp-block-image size-large\"><img loading=\"lazy\" decoding=\"async\" width=\"1024\" height=\"682\" src=\"https:\/\/www.czechcyclingfederation.com\/wp-content\/uploads\/2023\/06\/gautherat-1024x682.jpg\" alt=\"\" class=\"wp-image-25567\" srcset=\"https:\/\/www.czechcyclingfederation.com\/wp-content\/uploads\/2023\/06\/gautherat-1024x682.jpg 1024w, https:\/\/www.czechcyclingfederation.com\/wp-content\/uploads\/2023\/06\/gautherat-300x200.jpg 300w, https:\/\/www.czechcyclingfederation.com\/wp-content\/uploads\/2023\/06\/gautherat-768x512.jpg 768w, https:\/\/www.czechcyclingfederation.com\/wp-content\/uploads\/2023\/06\/gautherat-1536x1024.jpg 1536w, https:\/\/www.czechcyclingfederation.com\/wp-content\/uploads\/2023\/06\/gautherat-1320x880.jpg 1320w, https:\/\/www.czechcyclingfederation.com\/wp-content\/uploads\/2023\/06\/gautherat.jpg 2000w\" sizes=\"auto, (max-width: 1024px) 100vw, 1024px\" \/><\/figure>\n","protected":false},"excerpt":{"rendered":"<p>Celkem 130 jezdc\u016f z jednadvaceti zem\u00ed absolvovalo dnes \u00favodn\u00ed prolog Z\u00e1vodu m\u00edru U23, podniku Nations\u00b4 Cupu jezdc\u016f t\u00e9to v\u011bkov\u00e9 kategorie. Tra\u0165 dlouhou 3,1 km zvl\u00e1dl nejrychlej\u0161\u00ed francouzsk\u00fd jezdec Pierre Gautherat, nejlep\u0161\u00ed z \u010desk\u00fdch mlad\u00edk\u016f byl Pavel Nov\u00e1k, kter\u00fd na \u010dtrn\u00e1ct\u00e9m m\u00edst\u011b ztratil na v\u00edt\u011bze \u0161est vte\u0159in. &#8220;Jsem spokojen, tra\u0165 byla p\u011bkn\u00e1 i kdy\u017e na t\u011bch [&hellip;]<\/p>\n","protected":false},"author":8,"featured_media":25565,"comment_status":"closed","ping_status":"open","sticky":false,"template":"","format":"standard","meta":{"footnotes":""},"categories":[2,18],"tags":[11],"class_list":["post-25564","post","type-post","status-publish","format-standard","has-post-thumbnail","hentry","category-novinky","category-silnice","tag-silnice"],"_links":{"self":[{"href":"https:\/\/www.czechcyclingfederation.com\/en\/wp-json\/wp\/v2\/posts\/25564","targetHints":{"allow":["GET"]}}],"collection":[{"href":"https:\/\/www.czechcyclingfederation.com\/en\/wp-json\/wp\/v2\/posts"}],"about":[{"href":"https:\/\/www.czechcyclingfederation.com\/en\/wp-json\/wp\/v2\/types\/post"}],"author":[{"embeddable":true,"href":"https:\/\/www.czechcyclingfederation.com\/en\/wp-json\/wp\/v2\/users\/8"}],"replies":[{"embeddable":true,"href":"https:\/\/www.czechcyclingfederation.com\/en\/wp-json\/wp\/v2\/comments?post=25564"}],"version-history":[{"count":1,"href":"https:\/\/www.czechcyclingfederation.com\/en\/wp-json\/wp\/v2\/posts\/25564\/revisions"}],"predecessor-version":[{"id":25569,"href":"https:\/\/www.czechcyclingfederation.com\/en\/wp-json\/wp\/v2\/posts\/25564\/revisions\/25569"}],"wp:featuredmedia":[{"embeddable":true,"href":"https:\/\/www.czechcyclingfederation.com\/en\/wp-json\/wp\/v2\/media\/25565"}],"wp:attachment":[{"href":"https:\/\/www.czechcyclingfederation.com\/en\/wp-json\/wp\/v2\/media?parent=25564"}],"wp:term":[{"taxonomy":"category","embeddable":true,"href":"https:\/\/www.czechcyclingfederation.com\/en\/wp-json\/wp\/v2\/categories?post=25564"},{"taxonomy":"post_tag","embeddable":true,"href":"https:\/\/www.czechcyclingfederation.com\/en\/wp-json\/wp\/v2\/tags?post=25564"}],"curies":[{"name":"wp","href":"https:\/\/api.w.org\/{rel}","templated":true}]}}