{"id":25538,"date":"2023-06-06T16:47:53","date_gmt":"2023-06-06T14:47:53","guid":{"rendered":"https:\/\/www.czechcyclingfederation.com\/?p=25538"},"modified":"2023-06-06T16:47:55","modified_gmt":"2023-06-06T14:47:55","slug":"mcr-v-cyklotrialu-za-nami","status":"publish","type":"post","link":"https:\/\/www.czechcyclingfederation.com\/en\/mcr-v-cyklotrialu-za-nami\/","title":{"rendered":"M\u010cR v cyklotrialu za n\u00e1mi!"},"content":{"rendered":"\n<p>Prvn\u00ed \u010dervnov\u00fd v\u00edkend 3 &#8211; 4.6.2023 se v&nbsp;malebn\u00e9m m\u011bste\u010dku Velk\u00e1 Byst\u0159ice u Olomouce konal dvoudenn\u00ed z\u00e1vod cyklotrialu.&nbsp;<\/p>\n\n\n\n<p>V&nbsp;sobotu se z\u00e1vodilo o titul mistra \u010cR v&nbsp;12 kategori\u00edch od nejmen\u0161\u00edch 9 \u2013 10 let\u00fdch z\u00e1vodn\u00edk\u016f a z\u00e1vodnic a\u017e po \u010deskou \u0161pi\u010dku v&nbsp;kategorii Elite. Po\u010das\u00ed vy\u0161lo jak na objedn\u00e1vku, trat\u011b byly skv\u011ble nachystan\u00e9 a z\u00e1vodn\u00edci odhodlan\u00ed uk\u00e1zat v&nbsp;sekc\u00edch to nejlep\u0161\u00ed ze sv\u00e9ho umu. V&nbsp;ned\u011bli pak prob\u011bhl z\u00e1vod \u010desk\u00e9ho poh\u00e1ru a Youth Games.<\/p>\n\n\n\n<p>V&nbsp;sobotu se z\u00e1vodilo doslova cel\u00fd den, od dopoledn\u00edch 10 a\u017e do pozdn\u00edch 20 hodin. O titulu mistra \u010cR rozhodlo v&nbsp;18 hodin za\u010d\u00ednaj\u00edc\u00ed fin\u00e1le na n\u00e1m\u011bst\u00ed. Na t\u0159ech sekc\u00edch, kde byla zv\u00fd\u0161ena obt\u00ed\u017enost se uk\u00e1zala v\u017edy nejlep\u0161\u00ed trojice jezdc\u016f z ka\u017ed\u00e9 mistrovsk\u00e9 kategorie. Pro fanou\u0161ky cyklotrialu bylo fin\u00e1le i \u017eiv\u011b p\u0159en\u00e1\u0161eno na YouTube kan\u00e1l. (<a href=\"https:\/\/www.youtube.com\/live\/ugoAYedp4uo?feature=share\" target=\"_blank\" rel=\"noreferrer noopener\">https:\/\/www.youtube.com\/live\/ugoAYedp4uo?feature=share<\/a>)<\/p>\n\n\n\n<p>Div\u00e1ci p\u0159\u00edtomn\u00ed osobn\u011b nebo i online mohli vid\u011bt opravdu skv\u011bl\u00e9 v\u00fdkony \u010desk\u00fdch top jezdc\u016f v\u0161ech v\u011bkov\u00fdch kategori\u00ed.&nbsp;<\/p>\n\n\n\n<p>D\u00edv\u00e1me se tedy s&nbsp;velkou nad\u011bj\u00ed a optimismem do bl\u00edzk\u00e9 budoucnosti, kde na\u0161i ml\u00e1de\u017enickou reprezentaci \u010dekaj\u00ed World Youth Games ve \u0160pan\u011blsku a dosp\u011bl\u00e9 Mistrovstv\u00ed sv\u011bta ve skotsk\u00e9m Glasgow.<\/p>\n\n\n\n<p>Na z\u00e1v\u011br rekapitulace leto\u0161n\u00edch mistr\u016f \u010cR v kategori\u00edch:<\/p>\n\n\n\n<p>Poussin: Josef Buri\u00e1nek<\/p>\n\n\n\n<p>Youth Girls: Eli\u0161ka Ju\u0159\u00edkov\u00e1<\/p>\n\n\n\n<p>Benjamin: Maty\u00e1\u0161 Buri\u00e1nek<\/p>\n\n\n\n<p>Girls: \u0160t\u011bp\u00e1nka Mudrychov\u00e1<\/p>\n\n\n\n<p>Minime: V\u011bnek Valenta<\/p>\n\n\n\n<p>Cadet: Jakub Kala\u0161<\/p>\n\n\n\n<p>Expert: Tade\u00e1\u0161 K\u0159\u00ed\u017e<\/p>\n\n\n\n<p>Junior 20\u201c: Ren\u00e9 Vym\u011btal<\/p>\n\n\n\n<p>Junior 26\u201c: Vojt\u011bch Kala\u0161<\/p>\n\n\n\n<p>Woman: Eli\u0161ka H\u0159\u00edbkov\u00e1<\/p>\n\n\n\n<p>Elite 20\u201c: V\u00e1clav Kol\u00e1\u0159<\/p>\n\n\n\n<p>Elite 26\u201c: Martin Damborsk\u00fd<\/p>\n\n\n\n<figure class=\"wp-block-image size-large\"><img loading=\"lazy\" decoding=\"async\" width=\"768\" height=\"1024\" src=\"https:\/\/www.czechcyclingfederation.com\/wp-content\/uploads\/2023\/06\/IMG_CC446FC3A56E-1-768x1024.jpeg\" alt=\"\" class=\"wp-image-25539\" srcset=\"https:\/\/www.czechcyclingfederation.com\/wp-content\/uploads\/2023\/06\/IMG_CC446FC3A56E-1-768x1024.jpeg 768w, https:\/\/www.czechcyclingfederation.com\/wp-content\/uploads\/2023\/06\/IMG_CC446FC3A56E-1-150x200.jpeg 150w, https:\/\/www.czechcyclingfederation.com\/wp-content\/uploads\/2023\/06\/IMG_CC446FC3A56E-1-1152x1536.jpeg 1152w, https:\/\/www.czechcyclingfederation.com\/wp-content\/uploads\/2023\/06\/IMG_CC446FC3A56E-1-1320x1760.jpeg 1320w, https:\/\/www.czechcyclingfederation.com\/wp-content\/uploads\/2023\/06\/IMG_CC446FC3A56E-1.jpeg 1536w\" sizes=\"auto, (max-width: 768px) 100vw, 768px\" \/><\/figure>\n\n\n\n<p>AUTOR: David Kala\u0161<\/p>\n\n\n\n<p><\/p>\n","protected":false},"excerpt":{"rendered":"<p>Prvn\u00ed \u010dervnov\u00fd v\u00edkend 3 &#8211; 4.6.2023 se v&nbsp;malebn\u00e9m m\u011bste\u010dku Velk\u00e1 Byst\u0159ice u Olomouce konal dvoudenn\u00ed z\u00e1vod cyklotrialu.&nbsp; V&nbsp;sobotu se z\u00e1vodilo o titul mistra \u010cR v&nbsp;12 kategori\u00edch od nejmen\u0161\u00edch 9 \u2013 10 let\u00fdch z\u00e1vodn\u00edk\u016f a z\u00e1vodnic a\u017e po \u010deskou \u0161pi\u010dku v&nbsp;kategorii Elite. Po\u010das\u00ed vy\u0161lo jak na objedn\u00e1vku, trat\u011b byly skv\u011ble nachystan\u00e9 a z\u00e1vodn\u00edci odhodlan\u00ed uk\u00e1zat v&nbsp;sekc\u00edch [&hellip;]<\/p>\n","protected":false},"author":1,"featured_media":25541,"comment_status":"closed","ping_status":"open","sticky":false,"template":"","format":"standard","meta":{"footnotes":""},"categories":[17,6,2],"tags":[64],"class_list":["post-25538","post","type-post","status-publish","format-standard","has-post-thumbnail","hentry","category-discipliny","category-mtb","category-novinky","tag-trial"],"_links":{"self":[{"href":"https:\/\/www.czechcyclingfederation.com\/en\/wp-json\/wp\/v2\/posts\/25538","targetHints":{"allow":["GET"]}}],"collection":[{"href":"https:\/\/www.czechcyclingfederation.com\/en\/wp-json\/wp\/v2\/posts"}],"about":[{"href":"https:\/\/www.czechcyclingfederation.com\/en\/wp-json\/wp\/v2\/types\/post"}],"author":[{"embeddable":true,"href":"https:\/\/www.czechcyclingfederation.com\/en\/wp-json\/wp\/v2\/users\/1"}],"replies":[{"embeddable":true,"href":"https:\/\/www.czechcyclingfederation.com\/en\/wp-json\/wp\/v2\/comments?post=25538"}],"version-history":[{"count":1,"href":"https:\/\/www.czechcyclingfederation.com\/en\/wp-json\/wp\/v2\/posts\/25538\/revisions"}],"predecessor-version":[{"id":25543,"href":"https:\/\/www.czechcyclingfederation.com\/en\/wp-json\/wp\/v2\/posts\/25538\/revisions\/25543"}],"wp:featuredmedia":[{"embeddable":true,"href":"https:\/\/www.czechcyclingfederation.com\/en\/wp-json\/wp\/v2\/media\/25541"}],"wp:attachment":[{"href":"https:\/\/www.czechcyclingfederation.com\/en\/wp-json\/wp\/v2\/media?parent=25538"}],"wp:term":[{"taxonomy":"category","embeddable":true,"href":"https:\/\/www.czechcyclingfederation.com\/en\/wp-json\/wp\/v2\/categories?post=25538"},{"taxonomy":"post_tag","embeddable":true,"href":"https:\/\/www.czechcyclingfederation.com\/en\/wp-json\/wp\/v2\/tags?post=25538"}],"curies":[{"name":"wp","href":"https:\/\/api.w.org\/{rel}","templated":true}]}}