{"id":25500,"date":"2023-06-06T14:00:00","date_gmt":"2023-06-06T12:00:00","guid":{"rendered":"https:\/\/www.czechcyclingfederation.com\/?p=25500"},"modified":"2023-06-06T14:10:59","modified_gmt":"2023-06-06T12:10:59","slug":"sazka-novym-exkluzivnim-partnerem-ceskeho-svazu-cyklistiky","status":"publish","type":"post","link":"https:\/\/www.czechcyclingfederation.com\/en\/sazka-novym-exkluzivnim-partnerem-ceskeho-svazu-cyklistiky\/","title":{"rendered":"Sazka nov\u00fdm exkluzivn\u00edm partnerem \u010cesk\u00e9ho svazu cyklistiky"},"content":{"rendered":"\n<p>Spole\u010dnost Sazka a. s. se st\u00e1v\u00e1 nov\u00fdm exkluzivn\u00edm partnerem \u010cesk\u00e9ho svazu cyklistiky. Jedn\u00e1 se o dal\u0161\u00edho partnera, kter\u00fd bude podporovat cyklistiku v&nbsp;cel\u00e9 jej\u00ed \u0161\u00ed\u0159i. Ob\u011b strany se dohodly na t\u0159\u00edlet\u00e9 spolupr\u00e1ci. Ambic\u00ed \u010cesk\u00e9ho svazu cyklistiky a spole\u010dnosti Sazka je nejenom zlep\u0161it \u00farove\u0148 dom\u00e1c\u00edch z\u00e1vod\u016f, ale nap\u0159\u00edklad tak\u00e9 roz\u0161\u00ed\u0159it reprezenta\u010dn\u00ed t\u00fdmy a nav\u00fd\u0161it po\u010det jejich v\u00fdjezd\u016f. Spole\u010dn\u011b tak\u00e9 cht\u011bj\u00ed d\u00e1le zvy\u0161ovat popularitu tohoto sportu v&nbsp;cel\u00e9 zemi.<\/p>\n\n\n\n<p>\u201eJsem opravdu velice r\u00e1d, \u017ee se n\u00e1m poda\u0159ilo z\u00edskat tak siln\u00e9ho nov\u00e9ho partnera.&nbsp;&nbsp;Spole\u010dnost Sazka je s podporou sportu spjata dlouhodob\u011b a jej\u00ed vstup do cyklistiky v pln\u00e9 m\u00ed\u0159e vn\u00edm\u00e1me jako dal\u0161\u00ed d\u016fle\u017eit\u00fd mezn\u00edk pro \u010deskou cyklistiku i svaz jako takov\u00fd. Jedn\u00e1 se o spole\u010dnost s&nbsp;dlouholetou tradic\u00ed a my si t\u00e9to spolupr\u00e1ce velice v\u00e1\u017e\u00edme. Sazka v cyklistice u\u017e figurovala ve spojen\u00ed s&nbsp;nejv\u011bt\u0161\u00edm&nbsp;&nbsp;silni\u010dn\u00edm etapov\u00fdm z\u00e1vodem Czech Tour, te\u010f pronikne i do dal\u0161\u00edch discipl\u00edn,\u201c uvedl prezident \u010cesk\u00e9ho svazu cyklistiky Petr Marek.<\/p>\n\n\n\n<p>Sazka tak bude podporovat nejen samotn\u00fd svaz, ale celou reprezentaci ve v\u0161ech 7 discipl\u00edn\u00e1ch a stane se tak\u00e9 hlavn\u00edm partnerem dom\u00e1c\u00edho silni\u010dn\u00edho i MTB poh\u00e1ru a gener\u00e1ln\u00edm partnerem \u010cesk\u00e9ho poh\u00e1ru v BMX.<\/p>\n\n\n\n<p>\u201eDo prost\u0159ed\u00ed cyklistiky jsme vstoupili ji\u017e p\u0159ed n\u011bkolika lety, ale nyn\u00ed jsme se rozhodli na\u0161i podporu tohoto skv\u011bl\u00e9ho sportu z\u00e1sadn\u011b roz\u0161\u00ed\u0159it. Vedle tradi\u010dn\u00ed silni\u010dn\u00ed discipl\u00edny a dynamicky rostouc\u00ed kategorie BMX se d\u00edky partnerstv\u00ed se Svazem rozkro\u010d\u00edme i do dal\u0161\u00edch discipl\u00edn. D\u00edv\u00e1me se tak\u00e9 na to, jak v&nbsp;mu\u017esk\u00fdch i \u017eensk\u00fdch kategori\u00edch podporovat mlad\u00e9 cyklistick\u00e9 talenty,\u201c \u0159\u00edk\u00e1 Ale\u0161 Vesel\u00fd, gener\u00e1ln\u00ed \u0159editel spole\u010dnosti Sazka, a dopl\u0148uje: \u201eCyklistika je st\u00e1le na vzestupu a \u010cechy bav\u00ed. Chceme se v&nbsp;budoucnu zapojit do akc\u00ed, kter\u00e1 budou atraktivn\u00ed jak pro jezdce samotn\u00e9, tak i pro div\u00e1ky, a propojovat tak profesion\u00e1ly s amat\u00e9rsk\u00fdmi milovn\u00edky kol. Pro cyklistiku chceme v&nbsp;\u010cesku spolu se Svazem nadchnout co nejv\u00edce lid\u00ed.\u201c<\/p>\n\n\n\n<p>\u201eT\u011b\u0161\u00ed n\u00e1s, \u017ee do \u010desk\u00e9 cyklistiky vstupuje dal\u0161\u00ed v\u00fdznamn\u00e1 \u010desk\u00e1 zna\u010dka. Velmi dob\u0159e n\u00e1m funguje spolupr\u00e1ce se spole\u010dnostmi \u0160koda Auto a Kalas Sportswear a te\u010f se k nim p\u0159id\u00e1v\u00e1 i Sazka, co\u017e vn\u00edm\u00e1me velmi pozitivn\u011b.\u00a0\u00a0V\u011b\u0159\u00edm, \u017ee se to prom\u00edtne na prezentaci na\u0161\u00ed cyklistiky jako celku i na samotn\u00fdch v\u00fdsledc\u00edch nap\u0159\u00ed\u010d discipl\u00ednami,\u201c dodal prezident \u010cSC Petr Marek.<\/p>\n\n\n\n<figure class=\"wp-block-image size-large\"><img loading=\"lazy\" decoding=\"async\" width=\"1024\" height=\"585\" src=\"https:\/\/www.czechcyclingfederation.com\/wp-content\/uploads\/2023\/06\/S_Spesna3-1024x585.jpg\" alt=\"\" class=\"wp-image-25520\" srcset=\"https:\/\/www.czechcyclingfederation.com\/wp-content\/uploads\/2023\/06\/S_Spesna3-1024x585.jpg 1024w, https:\/\/www.czechcyclingfederation.com\/wp-content\/uploads\/2023\/06\/S_Spesna3-300x171.jpg 300w, https:\/\/www.czechcyclingfederation.com\/wp-content\/uploads\/2023\/06\/S_Spesna3-768x439.jpg 768w, https:\/\/www.czechcyclingfederation.com\/wp-content\/uploads\/2023\/06\/S_Spesna3-1536x878.jpg 1536w, https:\/\/www.czechcyclingfederation.com\/wp-content\/uploads\/2023\/06\/S_Spesna3-2048x1170.jpg 2048w, https:\/\/www.czechcyclingfederation.com\/wp-content\/uploads\/2023\/06\/S_Spesna3-1320x754.jpg 1320w\" sizes=\"auto, (max-width: 1024px) 100vw, 1024px\" \/><\/figure>\n","protected":false},"excerpt":{"rendered":"<p>Spole\u010dnost Sazka a. s. se st\u00e1v\u00e1 nov\u00fdm exkluzivn\u00edm partnerem \u010cesk\u00e9ho svazu cyklistiky. Jedn\u00e1 se o dal\u0161\u00edho partnera, kter\u00fd bude podporovat cyklistiku v&nbsp;cel\u00e9 jej\u00ed \u0161\u00ed\u0159i. Ob\u011b strany se dohodly na t\u0159\u00edlet\u00e9 spolupr\u00e1ci. Ambic\u00ed \u010cesk\u00e9ho svazu cyklistiky a spole\u010dnosti Sazka je nejenom zlep\u0161it \u00farove\u0148 dom\u00e1c\u00edch z\u00e1vod\u016f, ale nap\u0159\u00edklad tak\u00e9 roz\u0161\u00ed\u0159it reprezenta\u010dn\u00ed t\u00fdmy a nav\u00fd\u0161it po\u010det jejich v\u00fdjezd\u016f. [&hellip;]<\/p>\n","protected":false},"author":1,"featured_media":25503,"comment_status":"closed","ping_status":"open","sticky":false,"template":"","format":"standard","meta":{"footnotes":""},"categories":[57,28,201,58,17,54,6,2,99,60,18,65],"tags":[119],"class_list":["post-25500","post","type-post","status-publish","format-standard","has-post-thumbnail","hentry","category-bmx","category-cesky-svaz-cyklistiky","category-cyklistika-pro-vsechny","category-cyklokros","category-discipliny","category-draha","category-mtb","category-novinky","category-paracyklistika","category-salovka","category-silnice","category-subdisciplina","tag-csc"],"_links":{"self":[{"href":"https:\/\/www.czechcyclingfederation.com\/en\/wp-json\/wp\/v2\/posts\/25500","targetHints":{"allow":["GET"]}}],"collection":[{"href":"https:\/\/www.czechcyclingfederation.com\/en\/wp-json\/wp\/v2\/posts"}],"about":[{"href":"https:\/\/www.czechcyclingfederation.com\/en\/wp-json\/wp\/v2\/types\/post"}],"author":[{"embeddable":true,"href":"https:\/\/www.czechcyclingfederation.com\/en\/wp-json\/wp\/v2\/users\/1"}],"replies":[{"embeddable":true,"href":"https:\/\/www.czechcyclingfederation.com\/en\/wp-json\/wp\/v2\/comments?post=25500"}],"version-history":[{"count":4,"href":"https:\/\/www.czechcyclingfederation.com\/en\/wp-json\/wp\/v2\/posts\/25500\/revisions"}],"predecessor-version":[{"id":25522,"href":"https:\/\/www.czechcyclingfederation.com\/en\/wp-json\/wp\/v2\/posts\/25500\/revisions\/25522"}],"wp:featuredmedia":[{"embeddable":true,"href":"https:\/\/www.czechcyclingfederation.com\/en\/wp-json\/wp\/v2\/media\/25503"}],"wp:attachment":[{"href":"https:\/\/www.czechcyclingfederation.com\/en\/wp-json\/wp\/v2\/media?parent=25500"}],"wp:term":[{"taxonomy":"category","embeddable":true,"href":"https:\/\/www.czechcyclingfederation.com\/en\/wp-json\/wp\/v2\/categories?post=25500"},{"taxonomy":"post_tag","embeddable":true,"href":"https:\/\/www.czechcyclingfederation.com\/en\/wp-json\/wp\/v2\/tags?post=25500"}],"curies":[{"name":"wp","href":"https:\/\/api.w.org\/{rel}","templated":true}]}}