{"id":2545,"date":"2020-10-07T19:55:15","date_gmt":"2020-10-07T17:55:15","guid":{"rendered":"http:\/\/www.czechcyclingfederation.com\/?p=2545"},"modified":"2020-10-11T08:11:40","modified_gmt":"2020-10-11T06:11:40","slug":"ceska-stafeta-na-ms-v-leogangu-sedma-neumanova-v-e-bike-devata","status":"publish","type":"post","link":"https:\/\/www.czechcyclingfederation.com\/en\/ceska-stafeta-na-ms-v-leogangu-sedma-neumanova-v-e-bike-devata\/","title":{"rendered":"\u010cesk\u00e1 \u0161tafeta na MS v Leogangu sedm\u00e1, Neumanov\u00e1 v e-bike dev\u00e1t\u00e1"},"content":{"rendered":"\n<p><strong>Sedm\u00e9 m\u00edsto vybojovala v hust\u00e9m de\u0161ti \u010desk\u00e1 \u0161tafeta na sv\u011btov\u00e9m \u0161ampion\u00e1tu biker\u016f v rakousk\u00e9m Leogangu.&nbsp;<\/strong><\/p>\n\n\n\n<p>\u010cesk\u00fd t\u00fdm tak o m\u00edsto vylep\u0161il sv\u016fj lo\u0148sk\u00fd v\u00fdsledek z Mistrovstv\u00ed sv\u011bta v Kanad\u011b.&nbsp;<\/p>\n\n\n\n<p>V z\u00e1vod\u011b \u0161esti\u010dlenn\u00fdch t\u00fdm\u016f, kter\u00fd se jel v tomto po\u010dtu na mistrovstv\u00ed sv\u011bta prvn\u011b, zv\u00edt\u011bzila francouzsk\u00e1 sestava p\u0159ed Italy a \u0160v\u00fdcary. \u0160esti\u010dlenn\u00fd t\u00fdm se skl\u00e1dal ze v\u0161ech v\u011bkov\u00fdch kategori\u00ed, tedy mu\u017e, \u017eena, junior, juniorka a jezdec a jezdkyn\u011b do 23 let. V \u010desk\u00e9m pod\u00e1n\u00ed se p\u0159edstavil Ond\u0159ej Cink, Josef Jel\u00ednek, Tereza Tvar\u016f\u017ekov\u00e1, Aneta Novotn\u00e1, Jitka \u010c\u00e1belick\u00e1 a David \u0160ulc.<\/p>\n\n\n\n<p>Cink p\u0159ed\u00e1val jako \u010dtvrt\u00fd, pot\u00e9 se t\u00fdm posunul na 11. m\u00edsto, odkud se vraceli do elitn\u00ed des\u00edtky. T\u00e9 polep\u0161il fini\u0161man David \u0160ulc, jen\u017e \u0161tafetu posunul z dev\u00e1t\u00e9 p\u0159\u00ed\u010dky na sedmou.&nbsp;<\/p>\n\n\n\n<p><em>\u201c\u0160koda zav\u00e1h\u00e1n\u00ed po\u0159adatel\u016f, kte\u0159\u00ed v prvn\u00edm kole odklonili jezdce na \u0161patnou trasu a cel\u00fd prvn\u00ed \u00fasek z\u00e1vodu tak absolvoval pouze zav\u00e1d\u011bc\u00ed okruh,\u201d<\/em> okomentoval pr\u016fb\u011bh z\u00e1vodu reprezenta\u010dn\u00ed tren\u00e9r Viktor Zapletal.&nbsp;<\/p>\n\n\n\n<p>Sv\u011btov\u00fd \u0161ampion\u00e1t nevynechal ani kategorii e-bik\u016f. V t\u00e9 si dres sv\u011btov\u00e9ho \u0161ampiona obl\u00e9kl Brit Tom Pidcock a Francouzka Melanie Pugine. Z \u010desk\u00fdch reprezentant\u016f se p\u0159edstavila pouze Tereza Neumanov\u00e1, kter\u00e1 skon\u010dila dev\u00e1t\u00e1.<\/p>\n\n\n\n<p><strong>V\u00fdsledky:<\/strong><\/p>\n\n\n\n<p><span style=\"text-decoration: underline;\">\u0160tafety:<\/span><\/p>\n\n\n\n<p>1. Francie 1:27:34, 2. It\u00e1lie +1:35, 3. \u0160v\u00fdcarsko +2:06, 4. USA +2:55, 5. Velk\u00e1 Brit\u00e1nie +3:04, 6. Rakousko +3:58, <strong>7. \u010cesk\u00e1 republika&nbsp; +5:19.<\/strong><\/p>\n\n\n\n<p><span style=\"text-decoration: underline;\">E-bike:<\/span><\/p>\n\n\n\n<p>\u017deny:<\/p>\n\n\n\n<p>&nbsp;1. Melanie Pugine (Fr.) 56:33, 2. Kathrin Stirnemann (\u0160v\u00fdc.) +0:27, 3. Nathalie Schneitter (\u0160v\u00fdc.) +1:15, &#8230; <strong>9. Tereza Neumanov\u00e1 -1 kolo.<\/strong><\/p>\n\n\n\n<p>Mu\u017ei:&nbsp;<\/p>\n\n\n\n<p>1. Tom Pidcock (Brit.) 1:01:41,. 2. Jerome Gilloux (Fr.) +0:35, 3. Simon Andreassen (D\u00e1n) +0:49.<\/p>\n\n\n\n<p><em>Foto: Michal \u010cerven\u00fd<\/em><\/p>\n\n\n\n<figure class=\"wp-block-gallery columns-3 is-cropped wp-block-gallery-1 is-layout-flex wp-block-gallery-is-layout-flex\"><ul class=\"blocks-gallery-grid\"><li class=\"blocks-gallery-item\"><figure><img loading=\"lazy\" decoding=\"async\" width=\"1024\" height=\"683\" src=\"http:\/\/www.czechcyclingfederation.com\/wp-content\/uploads\/2020\/10\/MS-MTB-Leogang_streda_02-1024x683.jpg\" alt=\"\" data-id=\"2549\" data-full-url=\"http:\/\/www.czechcyclingfederation.com\/wp-content\/uploads\/2020\/10\/MS-MTB-Leogang_streda_02.jpg\" data-link=\"http:\/\/www.czechcyclingfederation.com\/ceska-stafeta-na-ms-v-leogangu-sedma-neumanova-v-e-bike-devata\/ms-mtb-leogang_streda_02\/\" class=\"wp-image-2549\" srcset=\"https:\/\/www.czechcyclingfederation.com\/wp-content\/uploads\/2020\/10\/MS-MTB-Leogang_streda_02-1024x683.jpg 1024w, https:\/\/www.czechcyclingfederation.com\/wp-content\/uploads\/2020\/10\/MS-MTB-Leogang_streda_02-300x200.jpg 300w, https:\/\/www.czechcyclingfederation.com\/wp-content\/uploads\/2020\/10\/MS-MTB-Leogang_streda_02-768x512.jpg 768w, https:\/\/www.czechcyclingfederation.com\/wp-content\/uploads\/2020\/10\/MS-MTB-Leogang_streda_02-1536x1024.jpg 1536w, https:\/\/www.czechcyclingfederation.com\/wp-content\/uploads\/2020\/10\/MS-MTB-Leogang_streda_02-1320x880.jpg 1320w, https:\/\/www.czechcyclingfederation.com\/wp-content\/uploads\/2020\/10\/MS-MTB-Leogang_streda_02.jpg 1600w\" sizes=\"auto, (max-width: 1024px) 100vw, 1024px\" \/><\/figure><\/li><li class=\"blocks-gallery-item\"><figure><img loading=\"lazy\" decoding=\"async\" width=\"1024\" height=\"683\" src=\"http:\/\/www.czechcyclingfederation.com\/wp-content\/uploads\/2020\/10\/MS-MTB-Leogang_streda_01-1024x683.jpg\" alt=\"\" data-id=\"2550\" data-full-url=\"http:\/\/www.czechcyclingfederation.com\/wp-content\/uploads\/2020\/10\/MS-MTB-Leogang_streda_01.jpg\" data-link=\"http:\/\/www.czechcyclingfederation.com\/ceska-stafeta-na-ms-v-leogangu-sedma-neumanova-v-e-bike-devata\/ms-mtb-leogang_streda_01\/\" class=\"wp-image-2550\" srcset=\"https:\/\/www.czechcyclingfederation.com\/wp-content\/uploads\/2020\/10\/MS-MTB-Leogang_streda_01-1024x683.jpg 1024w, https:\/\/www.czechcyclingfederation.com\/wp-content\/uploads\/2020\/10\/MS-MTB-Leogang_streda_01-300x200.jpg 300w, https:\/\/www.czechcyclingfederation.com\/wp-content\/uploads\/2020\/10\/MS-MTB-Leogang_streda_01-768x512.jpg 768w, https:\/\/www.czechcyclingfederation.com\/wp-content\/uploads\/2020\/10\/MS-MTB-Leogang_streda_01-1536x1024.jpg 1536w, https:\/\/www.czechcyclingfederation.com\/wp-content\/uploads\/2020\/10\/MS-MTB-Leogang_streda_01-1320x880.jpg 1320w, https:\/\/www.czechcyclingfederation.com\/wp-content\/uploads\/2020\/10\/MS-MTB-Leogang_streda_01.jpg 1600w\" sizes=\"auto, (max-width: 1024px) 100vw, 1024px\" \/><\/figure><\/li><li class=\"blocks-gallery-item\"><figure><img loading=\"lazy\" decoding=\"async\" width=\"1024\" height=\"683\" src=\"http:\/\/www.czechcyclingfederation.com\/wp-content\/uploads\/2020\/10\/MS-MTB-Leogang_streda_09-1024x683.jpg\" alt=\"\" data-id=\"2551\" data-full-url=\"http:\/\/www.czechcyclingfederation.com\/wp-content\/uploads\/2020\/10\/MS-MTB-Leogang_streda_09.jpg\" data-link=\"http:\/\/www.czechcyclingfederation.com\/ceska-stafeta-na-ms-v-leogangu-sedma-neumanova-v-e-bike-devata\/ms-mtb-leogang_streda_09\/\" class=\"wp-image-2551\" srcset=\"https:\/\/www.czechcyclingfederation.com\/wp-content\/uploads\/2020\/10\/MS-MTB-Leogang_streda_09-1024x683.jpg 1024w, https:\/\/www.czechcyclingfederation.com\/wp-content\/uploads\/2020\/10\/MS-MTB-Leogang_streda_09-300x200.jpg 300w, https:\/\/www.czechcyclingfederation.com\/wp-content\/uploads\/2020\/10\/MS-MTB-Leogang_streda_09-768x512.jpg 768w, https:\/\/www.czechcyclingfederation.com\/wp-content\/uploads\/2020\/10\/MS-MTB-Leogang_streda_09-1536x1024.jpg 1536w, https:\/\/www.czechcyclingfederation.com\/wp-content\/uploads\/2020\/10\/MS-MTB-Leogang_streda_09-1320x880.jpg 1320w, https:\/\/www.czechcyclingfederation.com\/wp-content\/uploads\/2020\/10\/MS-MTB-Leogang_streda_09.jpg 1600w\" sizes=\"auto, (max-width: 1024px) 100vw, 1024px\" \/><\/figure><\/li><li class=\"blocks-gallery-item\"><figure><img loading=\"lazy\" decoding=\"async\" width=\"1024\" height=\"683\" src=\"http:\/\/www.czechcyclingfederation.com\/wp-content\/uploads\/2020\/10\/MS-MTB-Leogang_streda_08-1024x683.jpg\" alt=\"\" data-id=\"2552\" data-full-url=\"http:\/\/www.czechcyclingfederation.com\/wp-content\/uploads\/2020\/10\/MS-MTB-Leogang_streda_08.jpg\" data-link=\"http:\/\/www.czechcyclingfederation.com\/ceska-stafeta-na-ms-v-leogangu-sedma-neumanova-v-e-bike-devata\/ms-mtb-leogang_streda_08\/\" class=\"wp-image-2552\" srcset=\"https:\/\/www.czechcyclingfederation.com\/wp-content\/uploads\/2020\/10\/MS-MTB-Leogang_streda_08-1024x683.jpg 1024w, https:\/\/www.czechcyclingfederation.com\/wp-content\/uploads\/2020\/10\/MS-MTB-Leogang_streda_08-300x200.jpg 300w, https:\/\/www.czechcyclingfederation.com\/wp-content\/uploads\/2020\/10\/MS-MTB-Leogang_streda_08-768x512.jpg 768w, https:\/\/www.czechcyclingfederation.com\/wp-content\/uploads\/2020\/10\/MS-MTB-Leogang_streda_08-1536x1024.jpg 1536w, https:\/\/www.czechcyclingfederation.com\/wp-content\/uploads\/2020\/10\/MS-MTB-Leogang_streda_08-1320x880.jpg 1320w, https:\/\/www.czechcyclingfederation.com\/wp-content\/uploads\/2020\/10\/MS-MTB-Leogang_streda_08.jpg 1600w\" sizes=\"auto, (max-width: 1024px) 100vw, 1024px\" \/><\/figure><\/li><li class=\"blocks-gallery-item\"><figure><img loading=\"lazy\" decoding=\"async\" width=\"1024\" height=\"683\" src=\"http:\/\/www.czechcyclingfederation.com\/wp-content\/uploads\/2020\/10\/MS-MTB-Leogang_streda_07-1024x683.jpg\" alt=\"\" data-id=\"2553\" data-full-url=\"http:\/\/www.czechcyclingfederation.com\/wp-content\/uploads\/2020\/10\/MS-MTB-Leogang_streda_07.jpg\" data-link=\"http:\/\/www.czechcyclingfederation.com\/ceska-stafeta-na-ms-v-leogangu-sedma-neumanova-v-e-bike-devata\/ms-mtb-leogang_streda_07\/\" class=\"wp-image-2553\" srcset=\"https:\/\/www.czechcyclingfederation.com\/wp-content\/uploads\/2020\/10\/MS-MTB-Leogang_streda_07-1024x683.jpg 1024w, https:\/\/www.czechcyclingfederation.com\/wp-content\/uploads\/2020\/10\/MS-MTB-Leogang_streda_07-300x200.jpg 300w, https:\/\/www.czechcyclingfederation.com\/wp-content\/uploads\/2020\/10\/MS-MTB-Leogang_streda_07-768x512.jpg 768w, https:\/\/www.czechcyclingfederation.com\/wp-content\/uploads\/2020\/10\/MS-MTB-Leogang_streda_07-1536x1024.jpg 1536w, https:\/\/www.czechcyclingfederation.com\/wp-content\/uploads\/2020\/10\/MS-MTB-Leogang_streda_07-1320x880.jpg 1320w, https:\/\/www.czechcyclingfederation.com\/wp-content\/uploads\/2020\/10\/MS-MTB-Leogang_streda_07.jpg 1600w\" sizes=\"auto, (max-width: 1024px) 100vw, 1024px\" \/><\/figure><\/li><li class=\"blocks-gallery-item\"><figure><img loading=\"lazy\" decoding=\"async\" width=\"1024\" height=\"683\" src=\"http:\/\/www.czechcyclingfederation.com\/wp-content\/uploads\/2020\/10\/MS-MTB-Leogang_streda_06-1024x683.jpg\" alt=\"\" data-id=\"2554\" data-full-url=\"http:\/\/www.czechcyclingfederation.com\/wp-content\/uploads\/2020\/10\/MS-MTB-Leogang_streda_06.jpg\" data-link=\"http:\/\/www.czechcyclingfederation.com\/ceska-stafeta-na-ms-v-leogangu-sedma-neumanova-v-e-bike-devata\/ms-mtb-leogang_streda_06\/\" class=\"wp-image-2554\" srcset=\"https:\/\/www.czechcyclingfederation.com\/wp-content\/uploads\/2020\/10\/MS-MTB-Leogang_streda_06-1024x683.jpg 1024w, https:\/\/www.czechcyclingfederation.com\/wp-content\/uploads\/2020\/10\/MS-MTB-Leogang_streda_06-300x200.jpg 300w, https:\/\/www.czechcyclingfederation.com\/wp-content\/uploads\/2020\/10\/MS-MTB-Leogang_streda_06-768x512.jpg 768w, https:\/\/www.czechcyclingfederation.com\/wp-content\/uploads\/2020\/10\/MS-MTB-Leogang_streda_06-1536x1024.jpg 1536w, https:\/\/www.czechcyclingfederation.com\/wp-content\/uploads\/2020\/10\/MS-MTB-Leogang_streda_06-1320x880.jpg 1320w, https:\/\/www.czechcyclingfederation.com\/wp-content\/uploads\/2020\/10\/MS-MTB-Leogang_streda_06.jpg 1600w\" sizes=\"auto, (max-width: 1024px) 100vw, 1024px\" \/><\/figure><\/li><li class=\"blocks-gallery-item\"><figure><img loading=\"lazy\" decoding=\"async\" width=\"1024\" height=\"683\" src=\"http:\/\/www.czechcyclingfederation.com\/wp-content\/uploads\/2020\/10\/MS-MTB-Leogang_streda_05-1024x683.jpg\" alt=\"\" data-id=\"2555\" data-full-url=\"http:\/\/www.czechcyclingfederation.com\/wp-content\/uploads\/2020\/10\/MS-MTB-Leogang_streda_05.jpg\" data-link=\"http:\/\/www.czechcyclingfederation.com\/ceska-stafeta-na-ms-v-leogangu-sedma-neumanova-v-e-bike-devata\/ms-mtb-leogang_streda_05\/\" class=\"wp-image-2555\" srcset=\"https:\/\/www.czechcyclingfederation.com\/wp-content\/uploads\/2020\/10\/MS-MTB-Leogang_streda_05-1024x683.jpg 1024w, https:\/\/www.czechcyclingfederation.com\/wp-content\/uploads\/2020\/10\/MS-MTB-Leogang_streda_05-300x200.jpg 300w, https:\/\/www.czechcyclingfederation.com\/wp-content\/uploads\/2020\/10\/MS-MTB-Leogang_streda_05-768x512.jpg 768w, https:\/\/www.czechcyclingfederation.com\/wp-content\/uploads\/2020\/10\/MS-MTB-Leogang_streda_05-1536x1024.jpg 1536w, https:\/\/www.czechcyclingfederation.com\/wp-content\/uploads\/2020\/10\/MS-MTB-Leogang_streda_05-1320x880.jpg 1320w, https:\/\/www.czechcyclingfederation.com\/wp-content\/uploads\/2020\/10\/MS-MTB-Leogang_streda_05.jpg 1600w\" sizes=\"auto, (max-width: 1024px) 100vw, 1024px\" \/><\/figure><\/li><li class=\"blocks-gallery-item\"><figure><img loading=\"lazy\" decoding=\"async\" width=\"1024\" height=\"683\" src=\"http:\/\/www.czechcyclingfederation.com\/wp-content\/uploads\/2020\/10\/MS-MTB-Leogang_streda_04-1024x683.jpg\" alt=\"\" data-id=\"2556\" data-full-url=\"http:\/\/www.czechcyclingfederation.com\/wp-content\/uploads\/2020\/10\/MS-MTB-Leogang_streda_04.jpg\" data-link=\"http:\/\/www.czechcyclingfederation.com\/ceska-stafeta-na-ms-v-leogangu-sedma-neumanova-v-e-bike-devata\/ms-mtb-leogang_streda_04\/\" class=\"wp-image-2556\" srcset=\"https:\/\/www.czechcyclingfederation.com\/wp-content\/uploads\/2020\/10\/MS-MTB-Leogang_streda_04-1024x683.jpg 1024w, https:\/\/www.czechcyclingfederation.com\/wp-content\/uploads\/2020\/10\/MS-MTB-Leogang_streda_04-300x200.jpg 300w, https:\/\/www.czechcyclingfederation.com\/wp-content\/uploads\/2020\/10\/MS-MTB-Leogang_streda_04-768x512.jpg 768w, https:\/\/www.czechcyclingfederation.com\/wp-content\/uploads\/2020\/10\/MS-MTB-Leogang_streda_04-1536x1024.jpg 1536w, https:\/\/www.czechcyclingfederation.com\/wp-content\/uploads\/2020\/10\/MS-MTB-Leogang_streda_04-1320x880.jpg 1320w, https:\/\/www.czechcyclingfederation.com\/wp-content\/uploads\/2020\/10\/MS-MTB-Leogang_streda_04.jpg 1600w\" sizes=\"auto, (max-width: 1024px) 100vw, 1024px\" \/><\/figure><\/li><li class=\"blocks-gallery-item\"><figure><img loading=\"lazy\" decoding=\"async\" width=\"1024\" height=\"683\" src=\"http:\/\/www.czechcyclingfederation.com\/wp-content\/uploads\/2020\/10\/MS-MTB-Leogang_streda_03-1024x683.jpg\" alt=\"\" data-id=\"2557\" data-full-url=\"http:\/\/www.czechcyclingfederation.com\/wp-content\/uploads\/2020\/10\/MS-MTB-Leogang_streda_03.jpg\" data-link=\"http:\/\/www.czechcyclingfederation.com\/ceska-stafeta-na-ms-v-leogangu-sedma-neumanova-v-e-bike-devata\/ms-mtb-leogang_streda_03\/\" class=\"wp-image-2557\" srcset=\"https:\/\/www.czechcyclingfederation.com\/wp-content\/uploads\/2020\/10\/MS-MTB-Leogang_streda_03-1024x683.jpg 1024w, https:\/\/www.czechcyclingfederation.com\/wp-content\/uploads\/2020\/10\/MS-MTB-Leogang_streda_03-300x200.jpg 300w, https:\/\/www.czechcyclingfederation.com\/wp-content\/uploads\/2020\/10\/MS-MTB-Leogang_streda_03-768x512.jpg 768w, https:\/\/www.czechcyclingfederation.com\/wp-content\/uploads\/2020\/10\/MS-MTB-Leogang_streda_03-1536x1024.jpg 1536w, https:\/\/www.czechcyclingfederation.com\/wp-content\/uploads\/2020\/10\/MS-MTB-Leogang_streda_03-1320x880.jpg 1320w, https:\/\/www.czechcyclingfederation.com\/wp-content\/uploads\/2020\/10\/MS-MTB-Leogang_streda_03.jpg 1600w\" sizes=\"auto, (max-width: 1024px) 100vw, 1024px\" \/><\/figure><\/li><\/ul><\/figure>\n","protected":false},"excerpt":{"rendered":"<p>Sedm\u00e9 m\u00edsto vybojovala v hust\u00e9m de\u0161ti \u010desk\u00e1 \u0161tafeta na sv\u011btov\u00e9m \u0161ampion\u00e1tu biker\u016f v rakousk\u00e9m Leogangu.&nbsp; \u010cesk\u00fd t\u00fdm tak o m\u00edsto vylep\u0161il sv\u016fj lo\u0148sk\u00fd v\u00fdsledek z Mistrovstv\u00ed sv\u011bta v Kanad\u011b.&nbsp; V z\u00e1vod\u011b \u0161esti\u010dlenn\u00fdch t\u00fdm\u016f, kter\u00fd se jel v tomto po\u010dtu na mistrovstv\u00ed sv\u011bta prvn\u011b, zv\u00edt\u011bzila francouzsk\u00e1 sestava p\u0159ed Italy a \u0160v\u00fdcary. \u0160esti\u010dlenn\u00fd t\u00fdm se skl\u00e1dal ze [&hellip;]<\/p>\n","protected":false},"author":9,"featured_media":2549,"comment_status":"closed","ping_status":"open","sticky":false,"template":"","format":"standard","meta":{"footnotes":""},"categories":[6,2,103],"tags":[10],"class_list":["post-2545","post","type-post","status-publish","format-standard","has-post-thumbnail","hentry","category-mtb","category-novinky","category-reprezentace","tag-mtb"],"_links":{"self":[{"href":"https:\/\/www.czechcyclingfederation.com\/en\/wp-json\/wp\/v2\/posts\/2545","targetHints":{"allow":["GET"]}}],"collection":[{"href":"https:\/\/www.czechcyclingfederation.com\/en\/wp-json\/wp\/v2\/posts"}],"about":[{"href":"https:\/\/www.czechcyclingfederation.com\/en\/wp-json\/wp\/v2\/types\/post"}],"author":[{"embeddable":true,"href":"https:\/\/www.czechcyclingfederation.com\/en\/wp-json\/wp\/v2\/users\/9"}],"replies":[{"embeddable":true,"href":"https:\/\/www.czechcyclingfederation.com\/en\/wp-json\/wp\/v2\/comments?post=2545"}],"version-history":[{"count":3,"href":"https:\/\/www.czechcyclingfederation.com\/en\/wp-json\/wp\/v2\/posts\/2545\/revisions"}],"predecessor-version":[{"id":2558,"href":"https:\/\/www.czechcyclingfederation.com\/en\/wp-json\/wp\/v2\/posts\/2545\/revisions\/2558"}],"wp:featuredmedia":[{"embeddable":true,"href":"https:\/\/www.czechcyclingfederation.com\/en\/wp-json\/wp\/v2\/media\/2549"}],"wp:attachment":[{"href":"https:\/\/www.czechcyclingfederation.com\/en\/wp-json\/wp\/v2\/media?parent=2545"}],"wp:term":[{"taxonomy":"category","embeddable":true,"href":"https:\/\/www.czechcyclingfederation.com\/en\/wp-json\/wp\/v2\/categories?post=2545"},{"taxonomy":"post_tag","embeddable":true,"href":"https:\/\/www.czechcyclingfederation.com\/en\/wp-json\/wp\/v2\/tags?post=2545"}],"curies":[{"name":"wp","href":"https:\/\/api.w.org\/{rel}","templated":true}]}}