{"id":25412,"date":"2023-06-04T18:17:18","date_gmt":"2023-06-04T16:17:18","guid":{"rendered":"https:\/\/www.czechcyclingfederation.com\/?p=25412"},"modified":"2023-06-04T18:17:20","modified_gmt":"2023-06-04T16:17:20","slug":"ceske-uspechy-na-silnicich-v-polsku-i-rakousku","status":"publish","type":"post","link":"https:\/\/www.czechcyclingfederation.com\/en\/ceske-uspechy-na-silnicich-v-polsku-i-rakousku\/","title":{"rendered":"\u010cesk\u00e9 \u00fasp\u011bchy na silnic\u00edch v Polsku i Rakousku"},"content":{"rendered":"\n<p>\u00dasp\u011b\u0161n\u011b si vedli z\u00e1stupci \u010desk\u00fdch t\u00fdm\u016f v etapov\u00fdch podnic\u00edch druh\u00e9 kategorie v Rakousku a Polsku. V 61. ro\u010dn\u00edk z\u00e1vodu Tour of Malopolska se celkov\u00fdm v\u00edt\u011bzem stal ma\u010farsk\u00fd z\u00e1vodn\u00edk ve slu\u017eb\u00e1ch st\u00e1je ATT Investmens M\u00e1rton Dina, t\u0159et\u00ed skon\u010dil Adam \u0164oupal\u00edk z Elkov Kasper.<\/p>\n\n\n\n<p>Dina vyhr\u00e1l prolog p\u0159ed \u0164oupal\u00edkem, prvn\u00ed etapu ovl\u00e1dl Tom\u00e1\u0161 Jakoubek (ATT Investmens) a obl\u00e9kl si trikotu l\u00eddra z\u00e1vodu. V n\u011bm z\u016fstal i po druh\u00e9 etap\u011b v n\u00ed\u017e byl op\u011bt Toupal\u00edk druh\u00fd, ale v\u0161e se zm\u011bnilo v z\u00e1v\u011bre\u010dn\u00e9 t\u0159et\u00ed etap\u011b. Tu vyhr\u00e1l Dina a to jej posunulo k celkov\u00e9mu prvenstv\u00ed. Adam \u0164oupal\u00edk nav\u00edc vyhr\u00e1l bodovac\u00ed sout\u011b\u017e a Martin Voltr (RRK Group &#8211; Pierre Baguette &#8211; Benzinol) sout\u011b\u017e mlad\u00fdch jezdc\u016f, t\u00fdmovou sout\u011b\u017e vyhr\u00e1l celek ATT Investmnens.<\/p>\n\n\n\n<p>Ve 14. ro\u010dn\u00edku rakousk\u00e9ho podniku Ober\u00f6sterreich Rundfahrt dojel Jakub Otruba (ATT Investmens) ve druh\u00e9 etap\u011b druh\u00fd a posunul se na t\u0159et\u00ed m\u00edsto pr\u016fb\u011b\u017en\u00e9 klasifikace. Ale v z\u00e1v\u011bre\u010dn\u00e9m d\u011bjstv\u00ed um\u00edst\u011bn\u00ed mezi nejlep\u0161\u00ed trojic\u00ed neudr\u017eel a klesl na dev\u00e1t\u00e9 m\u00edsto.<\/p>\n\n\n\n<p>Kone\u010dn\u00e9 po\u0159ad\u00ed Tour of Malopolska:<\/p>\n\n\n\n<p>1. Dina (Ma\u010f.) 11:02:20, 2. Budzinski (Pol.) +33, 3. A. \u0164oupal\u00edk +35, 4. M. Voltr +42, &#8230;7. Jakoubek +1:17, 11. Camrda +1:49, 22. Vyso\u010dan +3:35, 41. Obdr\u017e\u00e1lek +7:31, 43. \u0158eha (v\u0161ichni&nbsp; \u010cR) +7:37.<\/p>\n\n\n\n<p>Kone\u010dn\u00e9 po\u0159ad\u00ed Ober\u00f6sterreich Rundfahrt:<\/p>\n\n\n\n<p>1. Vergallito (It.) 12:08:11, 2. Cabedo (\u0160p.) +1, 3. Messner (Rak.) +9, &#8230;9. Otruba +1:03, 41. Kukrle +6:54, 56. Petru\u0161 (v\u0161ichni \u010cR) +10:01.<\/p>\n\n\n\n<p>FOTO ATT Investmens, Elkov Kasper<\/p>\n\n\n\n<figure class=\"wp-block-image size-full\"><img loading=\"lazy\" decoding=\"async\" width=\"800\" height=\"533\" src=\"https:\/\/www.czechcyclingfederation.com\/wp-content\/uploads\/2023\/06\/Jakouubek-Tomas.jpg\" alt=\"\" class=\"wp-image-25415\" srcset=\"https:\/\/www.czechcyclingfederation.com\/wp-content\/uploads\/2023\/06\/Jakouubek-Tomas.jpg 800w, https:\/\/www.czechcyclingfederation.com\/wp-content\/uploads\/2023\/06\/Jakouubek-Tomas-300x200.jpg 300w, https:\/\/www.czechcyclingfederation.com\/wp-content\/uploads\/2023\/06\/Jakouubek-Tomas-768x512.jpg 768w\" sizes=\"auto, (max-width: 800px) 100vw, 800px\" \/><\/figure>\n\n\n\n<figure class=\"wp-block-image size-full\"><img loading=\"lazy\" decoding=\"async\" width=\"650\" height=\"433\" src=\"https:\/\/www.czechcyclingfederation.com\/wp-content\/uploads\/2023\/06\/Foto-Malopolski-Wyscig-Gorski.jpg\" alt=\"\" class=\"wp-image-25417\" srcset=\"https:\/\/www.czechcyclingfederation.com\/wp-content\/uploads\/2023\/06\/Foto-Malopolski-Wyscig-Gorski.jpg 650w, https:\/\/www.czechcyclingfederation.com\/wp-content\/uploads\/2023\/06\/Foto-Malopolski-Wyscig-Gorski-300x200.jpg 300w\" sizes=\"auto, (max-width: 650px) 100vw, 650px\" \/><\/figure>\n\n\n\n<figure class=\"wp-block-image size-full\"><img loading=\"lazy\" decoding=\"async\" width=\"800\" height=\"533\" src=\"https:\/\/www.czechcyclingfederation.com\/wp-content\/uploads\/2023\/06\/Jakub-Otruba-foto-ATT.jpg\" alt=\"\" class=\"wp-image-25419\" srcset=\"https:\/\/www.czechcyclingfederation.com\/wp-content\/uploads\/2023\/06\/Jakub-Otruba-foto-ATT.jpg 800w, https:\/\/www.czechcyclingfederation.com\/wp-content\/uploads\/2023\/06\/Jakub-Otruba-foto-ATT-300x200.jpg 300w, https:\/\/www.czechcyclingfederation.com\/wp-content\/uploads\/2023\/06\/Jakub-Otruba-foto-ATT-768x512.jpg 768w\" sizes=\"auto, (max-width: 800px) 100vw, 800px\" \/><figcaption class=\"wp-element-caption\">TOUR OF HELLAS 2023, \u0393\u03a5\u03a1\u039f\u03a3 \u0395\u039b\u039b\u0391\u0394\u0391\u03a3 2023, STAGE 4<\/figcaption><\/figure>\n","protected":false},"excerpt":{"rendered":"<p>\u00dasp\u011b\u0161n\u011b si vedli z\u00e1stupci \u010desk\u00fdch t\u00fdm\u016f v etapov\u00fdch podnic\u00edch druh\u00e9 kategorie v Rakousku a Polsku. V 61. ro\u010dn\u00edk z\u00e1vodu Tour of Malopolska se celkov\u00fdm v\u00edt\u011bzem stal ma\u010farsk\u00fd z\u00e1vodn\u00edk ve slu\u017eb\u00e1ch st\u00e1je ATT Investmens M\u00e1rton Dina, t\u0159et\u00ed skon\u010dil Adam \u0164oupal\u00edk z Elkov Kasper. Dina vyhr\u00e1l prolog p\u0159ed \u0164oupal\u00edkem, prvn\u00ed etapu ovl\u00e1dl Tom\u00e1\u0161 Jakoubek (ATT Investmens) a [&hellip;]<\/p>\n","protected":false},"author":8,"featured_media":25413,"comment_status":"closed","ping_status":"open","sticky":false,"template":"","format":"standard","meta":{"footnotes":""},"categories":[2,18],"tags":[11],"class_list":["post-25412","post","type-post","status-publish","format-standard","has-post-thumbnail","hentry","category-novinky","category-silnice","tag-silnice"],"_links":{"self":[{"href":"https:\/\/www.czechcyclingfederation.com\/en\/wp-json\/wp\/v2\/posts\/25412","targetHints":{"allow":["GET"]}}],"collection":[{"href":"https:\/\/www.czechcyclingfederation.com\/en\/wp-json\/wp\/v2\/posts"}],"about":[{"href":"https:\/\/www.czechcyclingfederation.com\/en\/wp-json\/wp\/v2\/types\/post"}],"author":[{"embeddable":true,"href":"https:\/\/www.czechcyclingfederation.com\/en\/wp-json\/wp\/v2\/users\/8"}],"replies":[{"embeddable":true,"href":"https:\/\/www.czechcyclingfederation.com\/en\/wp-json\/wp\/v2\/comments?post=25412"}],"version-history":[{"count":1,"href":"https:\/\/www.czechcyclingfederation.com\/en\/wp-json\/wp\/v2\/posts\/25412\/revisions"}],"predecessor-version":[{"id":25421,"href":"https:\/\/www.czechcyclingfederation.com\/en\/wp-json\/wp\/v2\/posts\/25412\/revisions\/25421"}],"wp:featuredmedia":[{"embeddable":true,"href":"https:\/\/www.czechcyclingfederation.com\/en\/wp-json\/wp\/v2\/media\/25413"}],"wp:attachment":[{"href":"https:\/\/www.czechcyclingfederation.com\/en\/wp-json\/wp\/v2\/media?parent=25412"}],"wp:term":[{"taxonomy":"category","embeddable":true,"href":"https:\/\/www.czechcyclingfederation.com\/en\/wp-json\/wp\/v2\/categories?post=25412"},{"taxonomy":"post_tag","embeddable":true,"href":"https:\/\/www.czechcyclingfederation.com\/en\/wp-json\/wp\/v2\/tags?post=25412"}],"curies":[{"name":"wp","href":"https:\/\/api.w.org\/{rel}","templated":true}]}}