{"id":25360,"date":"2023-05-28T21:26:07","date_gmt":"2023-05-28T19:26:07","guid":{"rendered":"https:\/\/www.czechcyclingfederation.com\/?p=25360"},"modified":"2023-05-28T21:26:10","modified_gmt":"2023-05-28T19:26:10","slug":"mladi-drahari-jeli-v-prostejove-dalsi-dil-ceskeho-poharu","status":"publish","type":"post","link":"https:\/\/www.czechcyclingfederation.com\/en\/mladi-drahari-jeli-v-prostejove-dalsi-dil-ceskeho-poharu\/","title":{"rendered":"Mlad\u00ed dr\u00e1ha\u0159i jeli v\u00a0Prost\u011bjov\u011b dal\u0161\u00ed d\u00edl \u010cesk\u00e9ho poh\u00e1ru"},"content":{"rendered":"\n<p>Dal\u0161\u00ed d\u00edl \u010cesk\u00e9ho poh\u00e1ru ml\u00e1de\u017ee a \u017een v\u00a0dr\u00e1hov\u00fdch discipl\u00edn\u00e1ch se jel jako Velk\u00e1 cena DT &#8211; V\u00fdhybk\u00e1rna a stroj\u00edrna, a.s.. na prost\u011bjovsk\u00e9m ov\u00e1lu. \u00a0\u00a0\u00a0\u00a0\u00a0\u00a0\u00a0\u00a0\u00a0\u00a0\u00a0\u00a0\u00a0\u00a0\u00a0\u00a0\u00a0\u00a0\u00a0\u00a0\u00a0\u00a0\u00a0<\/p>\n\n\n\n<p>V\u00fdsledky:<\/p>\n\n\n\n<p>St\u00edhac\u00ed z\u00e1vod:<\/p>\n\n\n\n<p>Mlad\u0161\u00ed \u017e\u00e1ci: 1. Van\u010data (SK Pet\u0159\u00edn Plze\u0148) 3:20,008, 2. Dedek 3:32,733, 3. Vr\u00e1na (oba TUFO Pardus Prost\u011bjov) 3:56,541.<\/p>\n\n\n\n<p>Mlad\u0161\u00ed \u017e\u00e1kyn\u011b: 1. Kondlov\u00e1 3:34,175, 2. Prnkov\u00e1 3:38,222, 3. A. Jadrn\u00e1 (v\u0161echny Sportcomplex B\u0159eclav) 3:55,478.<\/p>\n\n\n\n<p>Star\u0161\u00ed \u017e\u00e1kyn\u011b: 1. Stanley 3:21,340, 2. Jan\u00edkov\u00e1 (ob\u011b Rexonic KOVO Praha) 3:29,784, 3. Vajbarov\u00e1 (Sportcomplex B\u0159eclav) 3:25,186.<\/p>\n\n\n\n<p>Kadeti: 1. Tesa\u0159\u00edk (Mapei Merida Ka\u0148kovsk\u00fd) 2:37,208, 2,. Michalovi\u010d (Sportcomplex B\u0159eclav) 2:42,656, 3. Vr\u00e1na (CK Dacom Kyjov) 2:42,531.<\/p>\n\n\n\n<p>Junio\u0159i: 1. Vojt\u011bch Soukup (TUFO Pardus Prost\u011bjov) 3:41,501, 2. Vavro 3:47,956, 3. Muro\u0148 (oba Dukla Praha) 3:39,706.<\/p>\n\n\n\n<p>Juniorky: 1. V. Jadrn\u00e1 (Sportcomplex B\u0159eclav) 2:55,914, 2. Kr\u00e1tk\u00e1 (Force Team Jesen\u00edk) +3:03,371, 3. Richterov\u00e1 (TUFO Pardos Prost\u011bjov) 3:01,753.<\/p>\n\n\n\n<p>Vylu\u010dovac\u00ed z\u00e1vod:<\/p>\n\n\n\n<p>\u017d\u00e1ci a star\u0161\u00ed \u017e\u00e1kyn\u011b: 1. Van\u010data, 2. Kondlov\u00e1, 3. Prnkov\u00e1.<\/p>\n\n\n\n<p>Star\u0161\u00ed \u017e\u00e1kyn\u011b a kadetky: 1. Jaro\u0161ov\u00e1, 2. E. Lazarov\u00e1 (ob\u011b Dukla Brno), 3. Kr\u00e1tk\u00e1.<\/p>\n\n\n\n<p>Kadeti a juniorky: 1. Pit\u00e1k (Mapei Merida Ka\u0148kovsk\u00fd), 2. Tesa\u0159\u00edk, 3. Frajbi\u0161 (Dukla Praha).<\/p>\n\n\n\n<p>Junio\u0159i: 1. Rob. Kobr (Roman Kreuziger Cycling Academy), 2. Soukup, 3. Hlad\u00edk (Roman Kreuziger Cycling Academy).<\/p>\n\n\n\n<p>Bodovac\u00ed z\u00e1vod:<\/p>\n\n\n\n<p>Mlad\u0161\u00ed \u017e\u00e1ci a mlad\u0161\u00ed \u017e\u00e1kyn\u011b: 1. Van\u010data 22, 2. Prnkov\u00e1 13, 3. Dedek 10.<\/p>\n\n\n\n<p>Star\u0161\u00ed \u017e\u00e1kyn\u011b a kadetky: . E. Lazarov\u00e1 20, 2. Jaro\u0161ov\u00e1 17, 3. Kr\u00e1tk\u00e1 13.<\/p>\n\n\n\n<p>Junio\u0159i: 1. Brad\u00e1\u010d (Dukla Praha) 47, 2. Rich. Kobr (Roman Kreuziger Cycling Academy) 43, 3. Soukup 42.<\/p>\n\n\n\n<p>Vylu\u010dovac\u00ed z\u00e1vod:<\/p>\n\n\n\n<p>Mlad\u0161\u00ed \u017e\u00e1ci: &nbsp;1. Van\u010data, 2. Prnkov\u00e1, 3. Dedek.<\/p>\n\n\n\n<p>Madison:<\/p>\n\n\n\n<p>\u017d\u00e1ci a \u017e\u00e1kyn\u011b: 1. Jaro\u0161ov\u00e1, B. Lazarov\u00e1 (Dukla Brno) 25, 2. Jan\u00edkov\u00e1, Stanley (Rexonix KOVO Praha) -8, 3. Prnkov\u00e1, A. Jadrn\u00e1 -54.<\/p>\n\n\n\n<p>Kadeti, juniorky a \u017eeny:<\/p>\n\n\n\n<p>1. Pit\u00e1k, Rauschert 32, 2. Richter, Jaro\u010d (Dukla Brno\/Mapei Merida Ka\u0148kovsk\u00fd) -18, 3. Icha, Frajbi\u0161 (Dukla Praha) -24.<\/p>\n\n\n\n<p>Junio\u0159i:<\/p>\n\n\n\n<p>1. Rich. Kobr, Rom. Kobr 31, 2. Hlad\u00edk, Kohout (Roman Kreuziger Cycling Academy) 29, 3. Kar\u00e1sek, Soukup (TUFO Pardus Prost\u011bjov) 15.<\/p>\n","protected":false},"excerpt":{"rendered":"<p>Dal\u0161\u00ed d\u00edl \u010cesk\u00e9ho poh\u00e1ru ml\u00e1de\u017ee a \u017een v\u00a0dr\u00e1hov\u00fdch discipl\u00edn\u00e1ch se jel jako Velk\u00e1 cena DT &#8211; V\u00fdhybk\u00e1rna a stroj\u00edrna, a.s.. na prost\u011bjovsk\u00e9m ov\u00e1lu. \u00a0\u00a0\u00a0\u00a0\u00a0\u00a0\u00a0\u00a0\u00a0\u00a0\u00a0\u00a0\u00a0\u00a0\u00a0\u00a0\u00a0\u00a0\u00a0\u00a0\u00a0\u00a0\u00a0 V\u00fdsledky: St\u00edhac\u00ed z\u00e1vod: Mlad\u0161\u00ed \u017e\u00e1ci: 1. Van\u010data (SK Pet\u0159\u00edn Plze\u0148) 3:20,008, 2. Dedek 3:32,733, 3. Vr\u00e1na (oba TUFO Pardus Prost\u011bjov) 3:56,541. Mlad\u0161\u00ed \u017e\u00e1kyn\u011b: 1. Kondlov\u00e1 3:34,175, 2. Prnkov\u00e1 3:38,222, 3. A. [&hellip;]<\/p>\n","protected":false},"author":8,"featured_media":25361,"comment_status":"closed","ping_status":"open","sticky":false,"template":"","format":"standard","meta":{"footnotes":""},"categories":[54,2],"tags":[9],"class_list":["post-25360","post","type-post","status-publish","format-standard","has-post-thumbnail","hentry","category-draha","category-novinky","tag-draha"],"_links":{"self":[{"href":"https:\/\/www.czechcyclingfederation.com\/en\/wp-json\/wp\/v2\/posts\/25360","targetHints":{"allow":["GET"]}}],"collection":[{"href":"https:\/\/www.czechcyclingfederation.com\/en\/wp-json\/wp\/v2\/posts"}],"about":[{"href":"https:\/\/www.czechcyclingfederation.com\/en\/wp-json\/wp\/v2\/types\/post"}],"author":[{"embeddable":true,"href":"https:\/\/www.czechcyclingfederation.com\/en\/wp-json\/wp\/v2\/users\/8"}],"replies":[{"embeddable":true,"href":"https:\/\/www.czechcyclingfederation.com\/en\/wp-json\/wp\/v2\/comments?post=25360"}],"version-history":[{"count":1,"href":"https:\/\/www.czechcyclingfederation.com\/en\/wp-json\/wp\/v2\/posts\/25360\/revisions"}],"predecessor-version":[{"id":25363,"href":"https:\/\/www.czechcyclingfederation.com\/en\/wp-json\/wp\/v2\/posts\/25360\/revisions\/25363"}],"wp:featuredmedia":[{"embeddable":true,"href":"https:\/\/www.czechcyclingfederation.com\/en\/wp-json\/wp\/v2\/media\/25361"}],"wp:attachment":[{"href":"https:\/\/www.czechcyclingfederation.com\/en\/wp-json\/wp\/v2\/media?parent=25360"}],"wp:term":[{"taxonomy":"category","embeddable":true,"href":"https:\/\/www.czechcyclingfederation.com\/en\/wp-json\/wp\/v2\/categories?post=25360"},{"taxonomy":"post_tag","embeddable":true,"href":"https:\/\/www.czechcyclingfederation.com\/en\/wp-json\/wp\/v2\/tags?post=25360"}],"curies":[{"name":"wp","href":"https:\/\/api.w.org\/{rel}","templated":true}]}}