{"id":25337,"date":"2023-05-28T15:33:12","date_gmt":"2023-05-28T13:33:12","guid":{"rendered":"https:\/\/www.czechcyclingfederation.com\/?p=25337"},"modified":"2023-05-28T15:33:14","modified_gmt":"2023-05-28T13:33:14","slug":"neuzil-poprve-vyhral-zavod-ep-bikrosaru","status":"publish","type":"post","link":"https:\/\/www.czechcyclingfederation.com\/en\/neuzil-poprve-vyhral-zavod-ep-bikrosaru\/","title":{"rendered":"Neu\u017eil poprv\u00e9 vyhr\u00e1l z\u00e1vod EP bikrosa\u0159\u016f"},"content":{"rendered":"\n<p>Poprv\u00e9 v kari\u00e9\u0159e slavil dnes v z\u00e1vodech Evropsk\u00e9ho poh\u00e1ru v BMX mezi jezdci kategorie U23 prvenstv\u00ed Marek Neu\u017eil. V osm\u00e9m d\u00edlu seri\u00e1lu v Ben\u00e1tk\u00e1ch nad Jizerou vylep\u0161il sv\u00e9 sobotn\u00ed maximum, kdy obsadil druh\u00e9 m\u00edsto.<\/p>\n\n\n\n<p>&#8220;V\u010dera to byla velk\u00e1 par\u00e1da, dnes \u00fapln\u011b n\u011bco neskute\u010dn\u00e9. Dne\u0161n\u00ed z\u00e1vod byl z m\u00e9ho pohledu o n\u011bco hor\u0161\u00ed, nec\u00edtil jsem se tak dob\u0159e, ale v\u00fdsledkov\u011b to dopadlo neuv\u011b\u0159iteln\u011b. Ve \u010dtvrtfin\u00e1le jsem vyhr\u00e1l v semi\u010dku skon\u010dil t\u0159et\u00ed. A ve fin\u00e1le jsem byl nejprve po startu t\u0159et\u00ed, ale na druh\u00e9 rovince jsem se probojoval do veden\u00ed a udr\u017eel jej a\u017e do c\u00edle. Div\u00e1ci m\u011b hnali dop\u0159edu a vyhr\u00e1t na \u010desk\u00e9 trati je skv\u011bl\u00e1 v\u011bc,&#8221; \u0159ekl Marek Neu\u017eil.<\/p>\n\n\n\n<p>\u010cesk\u00e9ho mlad\u00edky nyn\u00ed pr\u00fd d\u00e1le \u010dek\u00e1 plno z\u00e1vod\u016f Evropsk\u00e9ho poh\u00e1ru, Sv\u011btov\u00e9ho poh\u00e1ru a p\u0159edev\u0161\u00edm mistrovstv\u00ed Evropy a sv\u011btov\u00fd \u0161ampion\u00e1t. &#8220;Ur\u010dit\u011b chci v\u017edy skon\u010dit co nejv\u00fd\u0161e, ka\u017ed\u00e9 fin\u00e1le bude super, na evropsk\u00e9m \u0161ampion\u00e1tu bych r\u00e1d z\u00edskal placku, to je m\u016fj c\u00edl a sen,&#8221; pokra\u010doval Neu\u017eil. Ji\u017e je v pln\u00e9m proudu ale i olympijsk\u00e1 kvalifikace. &#8220;Zat\u00edm nev\u00edm kolik bod\u016f jsem si vyjel, ale kdy\u017e bude \u0161ance, tak p\u0159\u00ed\u0161t\u00ed rok bych ji\u017e asi startoval v elitn\u00ed kategorii,&#8221; dodal \u010desk\u00fd jezdec.<\/p>\n\n\n\n<p>\u00dasp\u011b\u0161n\u00ed ale byli i dal\u0161\u00ed na\u0161i bikrosa\u0159i. Eli\u0161ka Bart\u016f\u0148kov\u00e1 startuj\u00edc\u00ed ve slou\u010den\u00e9 kategorii elite s U23 projela c\u00edlem \u0161est\u00e1, mezi z\u00e1vodnicemi U23 byla klasifikov\u00e1na jako druh\u00e1. Na stupn\u011b v\u00edt\u011bzek se dostala je\u0161t\u011b juniorka Sabina Ko\u0161\u00e1rkov\u00e1, kter\u00e1 obsadila bronzov\u00fd stupe\u0148. Junio\u0159i Jakub Cilinsk\u00fd a Jakub Klement skon\u010dili v semifin\u00e1le<\/p>\n\n\n\n<p>V\u00fdsledky:<\/p>\n\n\n\n<p>D\u00edvky 15-16 let:<\/p>\n\n\n\n<p>1. Challisov\u00e1 (Brit.), 2. van der Haarov\u00e1 (Niz.), 3. Stiplovsekov\u00e1 (\u0160v\u00fdc.), &#8230;7.<\/p>\n\n\n\n<p>Lapkov\u00e1 (\u010cR).<\/p>\n\n\n\n<p>Juniorky:<\/p>\n\n\n\n<p>1. Baxov\u00e1 (Brit.), 2. Claessensov\u00e1 (\u0160v\u00fdc.), 3. Ko\u0161\u00e1rkov\u00e1 (\u010cR).<\/p>\n\n\n\n<p>Mu\u017ei U23:<\/p>\n\n\n\n<p>1. Neu\u017eil (\u010cR), 2. Kempel (USA), 3. Pipers (Niz.), 4. Skrzypek, 5. Schilling (oba N\u011bm.), 6. Bijstebosch (Niz.), 7. Laenen (Belg.), 8. D\u00b4Anvers (N. Z\u00e9l.).<\/p>\n\n\n\n<p>\u017deny elite a U23:<\/p>\n\n\n\n<p>1.Kejlstrupov\u00e1 (D\u00e1n.), 2. Williamsov\u00e1 (N. Z\u00e9l.), 5. Wissingov\u00e1, 4. de Waardov\u00e1 (ob\u011b Niz.), 5. Balleov\u00e1 (D\u00e1n.), 6. Bart\u016f\u0148kov\u00e1 (\u010cR).<\/p>\n\n\n\n<p>Mu\u017ei:<\/p>\n\n\n\n<p>1. Gommers (Belg.), 2. Butti (\u0160v\u00fdc.), 3. Bogaert (Belg.), 4. Brunner (\u0160v\u00fdc.), 5. Goossens (Niz.), 6. Krigers (Lot.), 7. Grazian (I.), 8. Bernahart (N\u011bn.)<\/p>\n\n\n\n<p>FOTO Nico van Dartel<\/p>\n\n\n\n<figure class=\"wp-block-image size-large\"><img loading=\"lazy\" decoding=\"async\" width=\"1024\" height=\"683\" src=\"https:\/\/www.czechcyclingfederation.com\/wp-content\/uploads\/2023\/05\/KP-20230527-130128-407388-1024x683.jpg\" alt=\"\" class=\"wp-image-25340\" srcset=\"https:\/\/www.czechcyclingfederation.com\/wp-content\/uploads\/2023\/05\/KP-20230527-130128-407388-1024x683.jpg 1024w, https:\/\/www.czechcyclingfederation.com\/wp-content\/uploads\/2023\/05\/KP-20230527-130128-407388-300x200.jpg 300w, https:\/\/www.czechcyclingfederation.com\/wp-content\/uploads\/2023\/05\/KP-20230527-130128-407388-768x512.jpg 768w, https:\/\/www.czechcyclingfederation.com\/wp-content\/uploads\/2023\/05\/KP-20230527-130128-407388-1536x1024.jpg 1536w, https:\/\/www.czechcyclingfederation.com\/wp-content\/uploads\/2023\/05\/KP-20230527-130128-407388-2048x1365.jpg 2048w, https:\/\/www.czechcyclingfederation.com\/wp-content\/uploads\/2023\/05\/KP-20230527-130128-407388-1320x880.jpg 1320w\" sizes=\"auto, (max-width: 1024px) 100vw, 1024px\" \/><figcaption class=\"wp-element-caption\">^mu#503 PIPERS, Casper (Netherlands) Men Under 23\n^mu#519 NEUZIL, Marek (Czech Republic) Men Under 23\n^mu#524 TREIMANIS, Emils Martins (Latvia) Men Under 23<\/figcaption><\/figure>\n\n\n\n<figure class=\"wp-block-image size-large\"><img loading=\"lazy\" decoding=\"async\" width=\"683\" height=\"1024\" src=\"https:\/\/www.czechcyclingfederation.com\/wp-content\/uploads\/2023\/05\/KP-20230526-151256-406708-683x1024.jpg\" alt=\"\" class=\"wp-image-25342\" srcset=\"https:\/\/www.czechcyclingfederation.com\/wp-content\/uploads\/2023\/05\/KP-20230526-151256-406708-683x1024.jpg 683w, https:\/\/www.czechcyclingfederation.com\/wp-content\/uploads\/2023\/05\/KP-20230526-151256-406708-133x200.jpg 133w, https:\/\/www.czechcyclingfederation.com\/wp-content\/uploads\/2023\/05\/KP-20230526-151256-406708-768x1152.jpg 768w, https:\/\/www.czechcyclingfederation.com\/wp-content\/uploads\/2023\/05\/KP-20230526-151256-406708.jpg 975w\" sizes=\"auto, (max-width: 683px) 100vw, 683px\" \/><figcaption class=\"wp-element-caption\">^wj#806 KOSARKOVA, Sabina (Czech Republic) Women Junior<\/figcaption><\/figure>\n","protected":false},"excerpt":{"rendered":"<p>Poprv\u00e9 v kari\u00e9\u0159e slavil dnes v z\u00e1vodech Evropsk\u00e9ho poh\u00e1ru v BMX mezi jezdci kategorie U23 prvenstv\u00ed Marek Neu\u017eil. V osm\u00e9m d\u00edlu seri\u00e1lu v Ben\u00e1tk\u00e1ch nad Jizerou vylep\u0161il sv\u00e9 sobotn\u00ed maximum, kdy obsadil druh\u00e9 m\u00edsto. &#8220;V\u010dera to byla velk\u00e1 par\u00e1da, dnes \u00fapln\u011b n\u011bco neskute\u010dn\u00e9. Dne\u0161n\u00ed z\u00e1vod byl z m\u00e9ho pohledu o n\u011bco hor\u0161\u00ed, nec\u00edtil jsem se [&hellip;]<\/p>\n","protected":false},"author":8,"featured_media":25338,"comment_status":"closed","ping_status":"open","sticky":false,"template":"","format":"standard","meta":{"footnotes":""},"categories":[57,2,46],"tags":[55],"class_list":["post-25337","post","type-post","status-publish","format-standard","has-post-thumbnail","hentry","category-bmx","category-novinky","category-novinky-sportovni-centra","tag-bmx"],"_links":{"self":[{"href":"https:\/\/www.czechcyclingfederation.com\/en\/wp-json\/wp\/v2\/posts\/25337","targetHints":{"allow":["GET"]}}],"collection":[{"href":"https:\/\/www.czechcyclingfederation.com\/en\/wp-json\/wp\/v2\/posts"}],"about":[{"href":"https:\/\/www.czechcyclingfederation.com\/en\/wp-json\/wp\/v2\/types\/post"}],"author":[{"embeddable":true,"href":"https:\/\/www.czechcyclingfederation.com\/en\/wp-json\/wp\/v2\/users\/8"}],"replies":[{"embeddable":true,"href":"https:\/\/www.czechcyclingfederation.com\/en\/wp-json\/wp\/v2\/comments?post=25337"}],"version-history":[{"count":1,"href":"https:\/\/www.czechcyclingfederation.com\/en\/wp-json\/wp\/v2\/posts\/25337\/revisions"}],"predecessor-version":[{"id":25344,"href":"https:\/\/www.czechcyclingfederation.com\/en\/wp-json\/wp\/v2\/posts\/25337\/revisions\/25344"}],"wp:featuredmedia":[{"embeddable":true,"href":"https:\/\/www.czechcyclingfederation.com\/en\/wp-json\/wp\/v2\/media\/25338"}],"wp:attachment":[{"href":"https:\/\/www.czechcyclingfederation.com\/en\/wp-json\/wp\/v2\/media?parent=25337"}],"wp:term":[{"taxonomy":"category","embeddable":true,"href":"https:\/\/www.czechcyclingfederation.com\/en\/wp-json\/wp\/v2\/categories?post=25337"},{"taxonomy":"post_tag","embeddable":true,"href":"https:\/\/www.czechcyclingfederation.com\/en\/wp-json\/wp\/v2\/tags?post=25337"}],"curies":[{"name":"wp","href":"https:\/\/api.w.org\/{rel}","templated":true}]}}