{"id":25328,"date":"2023-05-27T21:47:30","date_gmt":"2023-05-27T19:47:30","guid":{"rendered":"https:\/\/www.czechcyclingfederation.com\/?p=25328"},"modified":"2023-05-27T21:47:33","modified_gmt":"2023-05-27T19:47:33","slug":"julia-kopecky-druha-v-etape-na-tour-de-feminin","status":"publish","type":"post","link":"https:\/\/www.czechcyclingfederation.com\/en\/julia-kopecky-druha-v-etape-na-tour-de-feminin\/","title":{"rendered":"Julia Kopecky druh\u00e1 v\u00a0etap\u011b na Tour de Feminin!"},"content":{"rendered":"\n<p>Skv\u011ble si po\u010d\u00ednala \u010desk\u00e1 reprezentantka Julia Kopecky jedouc\u00ed v&nbsp;barv\u00e1ch belgick\u00e9 st\u00e1je AG Insurance-NXTG ve t\u0159et\u00ed etap\u011b z\u00e1vodu Tour de Femimin se startem i c\u00edlem v&nbsp;Rumburku. Ve spurtu skon\u010dila druh\u00e1 a nesta\u010dila pouze na Polku Dominiku Wlodarczykovou. Ta si na leto\u0161n\u00edm ro\u010dn\u00edku z\u00e1vodu p\u0159ipsala u\u017e druh\u00e9 v\u00edt\u011bzstv\u00ed. Pr\u016fb\u011b\u017en\u00e9 veden\u00ed udr\u017eela Ukrajinka Olha Kulini\u010dov\u00e1.<\/p>\n\n\n\n<p>V\u011bt\u0161inu 3. etapy se dr\u017eel pohromad\u011b cel\u00fd peloton, ale v z\u00e1v\u011bre\u010dn\u00fdch 25 kilometrech se za\u010dalo po\u0159\u00e1dn\u011b z\u00e1vodit. N\u00e1stup st\u0159\u00eddal n\u00e1stup, ale stabiln\u00ed \u00fanik se nevytvo\u0159il. A\u017e v posledn\u00edm stoup\u00e1n\u00ed dne p\u0159i\u0161el tvrd\u00fd \u00fatok Wlodarczykov\u00e9 a Nikoly Noskov\u00e9, nejlep\u0161\u00ed \u010desk\u00e9 vrcha\u0159ky. Udr\u017eela se s nimi jen Julia Kopecky, osmn\u00e1ctilet\u00e1 \u010desk\u00e1 nad\u011bje.<\/p>\n\n\n\n<figure class=\"wp-block-image size-large\"><img loading=\"lazy\" decoding=\"async\" width=\"1024\" height=\"683\" src=\"http:\/\/www.czechcyclingfederation.com\/wp-content\/uploads\/2023\/05\/julca-jede-1024x683.jpg\" alt=\"\" class=\"wp-image-25331\" srcset=\"https:\/\/www.czechcyclingfederation.com\/wp-content\/uploads\/2023\/05\/julca-jede-1024x683.jpg 1024w, https:\/\/www.czechcyclingfederation.com\/wp-content\/uploads\/2023\/05\/julca-jede-300x200.jpg 300w, https:\/\/www.czechcyclingfederation.com\/wp-content\/uploads\/2023\/05\/julca-jede-768x512.jpg 768w, https:\/\/www.czechcyclingfederation.com\/wp-content\/uploads\/2023\/05\/julca-jede-1536x1024.jpg 1536w, https:\/\/www.czechcyclingfederation.com\/wp-content\/uploads\/2023\/05\/julca-jede-2048x1365.jpg 2048w, https:\/\/www.czechcyclingfederation.com\/wp-content\/uploads\/2023\/05\/julca-jede-1320x880.jpg 1320w\" sizes=\"auto, (max-width: 1024px) 100vw, 1024px\" \/><\/figure>\n\n\n\n<p>Jejich n\u00e1skok v\u0161ak nebyl velk\u00fd, tak\u017ee zezadu k nim p\u0159ijely i dal\u0161\u00ed z\u00e1vodnice, mezi kter\u00fdmi byla majitelka \u017elut\u00e9ho dresu Kulini\u010dov\u00e1, ale t\u0159eba tak\u00e9 \u010ce\u0161ky Krist\u00fdna Burlov\u00e1 a Eli\u0161ka Kvasni\u010dkov\u00e1.<\/p>\n\n\n\n<p>Dvaceti\u010dlenn\u00e1 skupina si to rozdala ve spurtu o etapov\u00e9 v\u00edt\u011bzstv\u00ed a nejrychlej\u0161\u00ed byla favorizovan\u00e1 Wlodarczykov\u00e1. Julia Kopecky projela c\u00edlem na druh\u00e9m m\u00edst\u011b a o jednu p\u0159\u00ed\u010dku vylep\u0161ila sv\u016fj zat\u00edm nejlep\u0161\u00ed v\u00fdkon z \u00favodn\u00ed \u010dasovky. V dojezdu pat\u0159ila k nejlep\u0161\u00edm tak\u00e9 \u010dtvrt\u00e1 Krist\u00fdna Burlov\u00e1 (Lotto Dstny).<\/p>\n\n\n\n<figure class=\"wp-block-image size-large\"><img loading=\"lazy\" decoding=\"async\" width=\"1024\" height=\"683\" src=\"https:\/\/www.czechcyclingfederation.com\/wp-content\/uploads\/2023\/05\/bedna-1024x683.jpg\" alt=\"\" class=\"wp-image-25334\" srcset=\"https:\/\/www.czechcyclingfederation.com\/wp-content\/uploads\/2023\/05\/bedna-1024x683.jpg 1024w, https:\/\/www.czechcyclingfederation.com\/wp-content\/uploads\/2023\/05\/bedna-300x200.jpg 300w, https:\/\/www.czechcyclingfederation.com\/wp-content\/uploads\/2023\/05\/bedna-768x512.jpg 768w, https:\/\/www.czechcyclingfederation.com\/wp-content\/uploads\/2023\/05\/bedna-1536x1024.jpg 1536w, https:\/\/www.czechcyclingfederation.com\/wp-content\/uploads\/2023\/05\/bedna-2048x1365.jpg 2048w, https:\/\/www.czechcyclingfederation.com\/wp-content\/uploads\/2023\/05\/bedna-1320x880.jpg 1320w\" sizes=\"auto, (max-width: 1024px) 100vw, 1024px\" \/><\/figure>\n\n\n\n<p>\u201eV posledn\u00edm kopci jsme odjely ve t\u0159ech, ale potom n\u00e1s dojela skupina a v c\u00edli to bohu\u017eel o jedno m\u00edsto nevy\u0161lo. Ale zkus\u00edm to i z\u00edtra,\u201c \u0159ekla Kopecky po dojezdu 3. etapy. Ned\u011bln\u00ed etapa by m\u011bla b\u00fdt nejt\u011b\u017e\u0161\u00ed z cel\u00e9ho 34. ro\u010dn\u00edku Tour de Feminin, co\u017e je podle Julie tak\u00e9 d\u016fvod, pro\u010d v sobotn\u00ed etap\u011b favoritky necht\u011bly b\u00fdt a\u017e p\u0159\u00edli\u0161 aktivn\u00ed.<\/p>\n\n\n\n<p><strong>V\u00fdsledky 3. etapy <\/strong>(110,7 km):1. Wlodarczykov\u00e1 (Pol.) 2:55:07, <strong>2. Kopecky <\/strong>(\u010cR), 3. Keepov\u00e1 (JAR), <strong>4. Burlov\u00e1, \u2026 12. Kvasni\u010dkov\u00e1, 14. Noskov\u00e1 <\/strong>(v\u0161. \u010cR) v\u0161. stejn\u00fd \u010das.<\/p>\n\n\n\n<p><strong>Pr\u016fb\u011b\u017en\u011b: <\/strong>1. Kulini\u010dov\u00e1 (Ukr.) 6:11:41, 2. Wlodarczykov\u00e1+29, <strong>3. Kvasni\u010dkov\u00e1 <\/strong>+31, 4. Mulov\u00e1 (Pol.) +55, <strong>5. Kopecky <\/strong>+58.<\/p>\n\n\n\n<p>Foto: Josef Vaishar\/Cycling.photography<\/p>\n","protected":false},"excerpt":{"rendered":"<p>Skv\u011ble si po\u010d\u00ednala \u010desk\u00e1 reprezentantka Julia Kopecky jedouc\u00ed v&nbsp;barv\u00e1ch belgick\u00e9 st\u00e1je AG Insurance-NXTG ve t\u0159et\u00ed etap\u011b z\u00e1vodu Tour de Femimin se startem i c\u00edlem v&nbsp;Rumburku. Ve spurtu skon\u010dila druh\u00e1 a nesta\u010dila pouze na Polku Dominiku Wlodarczykovou. Ta si na leto\u0161n\u00edm ro\u010dn\u00edku z\u00e1vodu p\u0159ipsala u\u017e druh\u00e9 v\u00edt\u011bzstv\u00ed. Pr\u016fb\u011b\u017en\u00e9 veden\u00ed udr\u017eela Ukrajinka Olha Kulini\u010dov\u00e1. V\u011bt\u0161inu 3. etapy [&hellip;]<\/p>\n","protected":false},"author":15,"featured_media":25329,"comment_status":"closed","ping_status":"open","sticky":false,"template":"","format":"standard","meta":{"footnotes":""},"categories":[2,18],"tags":[11],"class_list":["post-25328","post","type-post","status-publish","format-standard","has-post-thumbnail","hentry","category-novinky","category-silnice","tag-silnice"],"_links":{"self":[{"href":"https:\/\/www.czechcyclingfederation.com\/en\/wp-json\/wp\/v2\/posts\/25328","targetHints":{"allow":["GET"]}}],"collection":[{"href":"https:\/\/www.czechcyclingfederation.com\/en\/wp-json\/wp\/v2\/posts"}],"about":[{"href":"https:\/\/www.czechcyclingfederation.com\/en\/wp-json\/wp\/v2\/types\/post"}],"author":[{"embeddable":true,"href":"https:\/\/www.czechcyclingfederation.com\/en\/wp-json\/wp\/v2\/users\/15"}],"replies":[{"embeddable":true,"href":"https:\/\/www.czechcyclingfederation.com\/en\/wp-json\/wp\/v2\/comments?post=25328"}],"version-history":[{"count":2,"href":"https:\/\/www.czechcyclingfederation.com\/en\/wp-json\/wp\/v2\/posts\/25328\/revisions"}],"predecessor-version":[{"id":25336,"href":"https:\/\/www.czechcyclingfederation.com\/en\/wp-json\/wp\/v2\/posts\/25328\/revisions\/25336"}],"wp:featuredmedia":[{"embeddable":true,"href":"https:\/\/www.czechcyclingfederation.com\/en\/wp-json\/wp\/v2\/media\/25329"}],"wp:attachment":[{"href":"https:\/\/www.czechcyclingfederation.com\/en\/wp-json\/wp\/v2\/media?parent=25328"}],"wp:term":[{"taxonomy":"category","embeddable":true,"href":"https:\/\/www.czechcyclingfederation.com\/en\/wp-json\/wp\/v2\/categories?post=25328"},{"taxonomy":"post_tag","embeddable":true,"href":"https:\/\/www.czechcyclingfederation.com\/en\/wp-json\/wp\/v2\/tags?post=25328"}],"curies":[{"name":"wp","href":"https:\/\/api.w.org\/{rel}","templated":true}]}}