{"id":25304,"date":"2023-05-26T21:32:20","date_gmt":"2023-05-26T19:32:20","guid":{"rendered":"https:\/\/www.czechcyclingfederation.com\/?p=25304"},"modified":"2023-05-26T21:32:23","modified_gmt":"2023-05-26T19:32:23","slug":"polka-mulova-vyhrala-etapu-burlova-sedma","status":"publish","type":"post","link":"https:\/\/www.czechcyclingfederation.com\/en\/polka-mulova-vyhrala-etapu-burlova-sedma\/","title":{"rendered":"Polka Mulov\u00e1 vyhr\u00e1la etapu, Burlov\u00e1 sedm\u00e1"},"content":{"rendered":"\n<p>Spole\u010dn\u00fd \u00fatok polsko-ukrajinsk\u00e9 dvojice <strong>Malwiny Mulov\u00e9<\/strong> (MAT Atom Deweloper) a <strong>Olhy Kulini\u010dov\u00e9 <\/strong>(Duolar-Chevalmeire) v posledn\u00edm okruhu 2. etapy Tour de Feminin slavil \u00fasp\u011bch. Zat\u00edmco prvn\u00ed jmenovan\u00e1 si dojela pro etapov\u00e9 v\u00edt\u011bzstv\u00ed, ukrajinsk\u00e1 cyklistka je novou vedouc\u00ed z\u00e1vodnic\u00ed pr\u016fb\u011b\u017en\u00e9ho po\u0159ad\u00ed.<\/p>\n\n\n\n<p>Ve spurtu hlavn\u00edho pole si velmi dob\u0159e po\u010d\u00ednala \u010ce\u0161ka <strong>Krist\u00fdna Burlov\u00e1 <\/strong>(Lotto Dstny Ladies), kter\u00e1 obsadila sedm\u00e9 m\u00edsto.<\/p>\n\n\n\n<p>O v\u00fdsledku etapy se rozhodlo a\u017e v posledn\u00ed \u010d\u00e1sti z\u00e1vodu. Na trase byly hned \u010dty\u0159i vrcha\u0159sk\u00e9 pr\u00e9mie, nejd\u0159\u00edve v\u00fdjezd od Rynartic a pot\u00e9 t\u0159ikr\u00e1t stoup\u00e1n\u00ed Vl\u010d\u00ed Hora na okruhu okolo Kr\u00e1sn\u00e9 L\u00edpy. A o v\u0161echny tyto pr\u00e9mie m\u011bla nejv\u011bt\u0161\u00ed z\u00e1jem Italka <strong>Sara Casasolaov\u00e1<\/strong> (Born To Win G20 Ambedo). V\u00fdbu\u0161n\u00fdmi \u00fatoky vyhr\u00e1la prvn\u00ed t\u0159i pr\u00e9mie a zajistila si veden\u00ed ve vrcha\u0159sk\u00e9 sout\u011b\u017ei.<\/p>\n\n\n\n<figure class=\"wp-block-image size-large\"><img loading=\"lazy\" decoding=\"async\" width=\"1024\" height=\"683\" src=\"https:\/\/www.czechcyclingfederation.com\/wp-content\/uploads\/2023\/05\/2etapa-2-1024x683.jpg\" alt=\"\" class=\"wp-image-25310\" srcset=\"https:\/\/www.czechcyclingfederation.com\/wp-content\/uploads\/2023\/05\/2etapa-2-1024x683.jpg 1024w, https:\/\/www.czechcyclingfederation.com\/wp-content\/uploads\/2023\/05\/2etapa-2-300x200.jpg 300w, https:\/\/www.czechcyclingfederation.com\/wp-content\/uploads\/2023\/05\/2etapa-2-768x512.jpg 768w, https:\/\/www.czechcyclingfederation.com\/wp-content\/uploads\/2023\/05\/2etapa-2-1536x1024.jpg 1536w, https:\/\/www.czechcyclingfederation.com\/wp-content\/uploads\/2023\/05\/2etapa-2-2048x1365.jpg 2048w, https:\/\/www.czechcyclingfederation.com\/wp-content\/uploads\/2023\/05\/2etapa-2-1320x880.jpg 1320w\" sizes=\"auto, (max-width: 1024px) 100vw, 1024px\" \/><\/figure>\n\n\n\n<p>V posledn\u00edm okruhu se v\u0161ak dop\u0159edu dostala \u010dtve\u0159ice z\u00e1vodnic, kde Italka chyb\u011bla. Rychle si vypracovaly n\u00e1skok 30 sekund p\u0159ed pelotonem a v dal\u0161\u00edm stoup\u00e1n\u00ed Brtn\u00edky, 10 kilometr\u016f p\u0159ed c\u00edlem, se rozd\u011blilo i vedouc\u00ed kvarteto. Nejv\u00edce sil m\u011bly Mulov\u00e1 a Kulini\u010dov\u00e1.<\/p>\n\n\n\n<p>V dojezdu byla rychlej\u0161\u00ed devaten\u00e1ctilet\u00e1 Mulov\u00e1 a p\u0159ipsala si u\u017e druh\u00e9 leto\u0161n\u00ed v\u00edt\u011bzstv\u00ed na \u010desk\u00e9 p\u016fd\u011b. P\u0159ed m\u011bs\u00edcem slavila v podstat\u011b stejn\u00fdm zp\u016fsobem triumf v etap\u011b Gracie Orlov\u00e9. Kulini\u010dov\u00e1 ztratila jednu sekundu, co\u017e j\u00ed bohat\u011b sta\u010d\u00ed na veden\u00ed v celkov\u00e9m po\u0159ad\u00ed. Polku toti\u017e ve \u010dtvrte\u010dn\u00ed \u010dasovce porazila o 28 sekund.<\/p>\n\n\n\n<p>Nejlep\u0161\u00ed \u010ce\u0161kou je po dvou etap\u00e1ch <strong>Eli\u0161ka Kvasni\u010dkov\u00e1<\/strong> (Brilon-SportRaces), kter\u00e9 pat\u0159\u00ed \u010dtvrt\u00e9 m\u00edsto, <strong>Julia Kopecky<\/strong> (AG Insurance-NXTG U23) je p\u00e1t\u00e1.<\/p>\n\n\n\n<p><strong>2. etapa <\/strong>(105,1 km): 1. Mulov\u00e1 (Pol.) 2:57:05, 2. Kulini\u010dov\u00e1 (Ukr.) +1, 3. Brandtov\u00e1 (D\u00e1n.) +53, \u2026 <strong>7. Burlov\u00e1<\/strong>, <strong>22. Bajgerov\u00e1, 29. Kvasni\u010dkov\u00e1, 32. Kopecky, 41. Noskov\u00e1<\/strong> (v\u0161. \u010cR) v\u0161. +1:17.<\/p>\n\n\n\n<p><strong>Pr\u016fb\u011b\u017en\u011b: <\/strong>1. Kulini\u010dov\u00e1 3:16:28, 2. Mulov\u00e1 +24, 3. Wlodarczykov\u00e1 (ob\u011b Pol.) +30, <strong>4. Kvasni\u010dkov\u00e1 <\/strong>+37, <strong>5. Kopecky <\/strong>+1:04.<\/p>\n\n\n\n<p>Foto: Josef Vaishar\/Cycling.photography<\/p>\n","protected":false},"excerpt":{"rendered":"<p>Spole\u010dn\u00fd \u00fatok polsko-ukrajinsk\u00e9 dvojice Malwiny Mulov\u00e9 (MAT Atom Deweloper) a Olhy Kulini\u010dov\u00e9 (Duolar-Chevalmeire) v posledn\u00edm okruhu 2. etapy Tour de Feminin slavil \u00fasp\u011bch. Zat\u00edmco prvn\u00ed jmenovan\u00e1 si dojela pro etapov\u00e9 v\u00edt\u011bzstv\u00ed, ukrajinsk\u00e1 cyklistka je novou vedouc\u00ed z\u00e1vodnic\u00ed pr\u016fb\u011b\u017en\u00e9ho po\u0159ad\u00ed. Ve spurtu hlavn\u00edho pole si velmi dob\u0159e po\u010d\u00ednala \u010ce\u0161ka Krist\u00fdna Burlov\u00e1 (Lotto Dstny Ladies), kter\u00e1 obsadila [&hellip;]<\/p>\n","protected":false},"author":15,"featured_media":25305,"comment_status":"closed","ping_status":"open","sticky":false,"template":"","format":"standard","meta":{"footnotes":""},"categories":[2,18],"tags":[11],"class_list":["post-25304","post","type-post","status-publish","format-standard","has-post-thumbnail","hentry","category-novinky","category-silnice","tag-silnice"],"_links":{"self":[{"href":"https:\/\/www.czechcyclingfederation.com\/en\/wp-json\/wp\/v2\/posts\/25304","targetHints":{"allow":["GET"]}}],"collection":[{"href":"https:\/\/www.czechcyclingfederation.com\/en\/wp-json\/wp\/v2\/posts"}],"about":[{"href":"https:\/\/www.czechcyclingfederation.com\/en\/wp-json\/wp\/v2\/types\/post"}],"author":[{"embeddable":true,"href":"https:\/\/www.czechcyclingfederation.com\/en\/wp-json\/wp\/v2\/users\/15"}],"replies":[{"embeddable":true,"href":"https:\/\/www.czechcyclingfederation.com\/en\/wp-json\/wp\/v2\/comments?post=25304"}],"version-history":[{"count":1,"href":"https:\/\/www.czechcyclingfederation.com\/en\/wp-json\/wp\/v2\/posts\/25304\/revisions"}],"predecessor-version":[{"id":25312,"href":"https:\/\/www.czechcyclingfederation.com\/en\/wp-json\/wp\/v2\/posts\/25304\/revisions\/25312"}],"wp:featuredmedia":[{"embeddable":true,"href":"https:\/\/www.czechcyclingfederation.com\/en\/wp-json\/wp\/v2\/media\/25305"}],"wp:attachment":[{"href":"https:\/\/www.czechcyclingfederation.com\/en\/wp-json\/wp\/v2\/media?parent=25304"}],"wp:term":[{"taxonomy":"category","embeddable":true,"href":"https:\/\/www.czechcyclingfederation.com\/en\/wp-json\/wp\/v2\/categories?post=25304"},{"taxonomy":"post_tag","embeddable":true,"href":"https:\/\/www.czechcyclingfederation.com\/en\/wp-json\/wp\/v2\/tags?post=25304"}],"curies":[{"name":"wp","href":"https:\/\/api.w.org\/{rel}","templated":true}]}}