{"id":25297,"date":"2023-05-25T22:20:22","date_gmt":"2023-05-25T20:20:22","guid":{"rendered":"https:\/\/www.czechcyclingfederation.com\/?p=25297"},"modified":"2023-05-25T22:20:25","modified_gmt":"2023-05-25T20:20:25","slug":"cesky-zazarily-v-uvodni-casovce-tour-de-feminin-kvasnickova-druha-kopecky-treti","status":"publish","type":"post","link":"https:\/\/www.czechcyclingfederation.com\/en\/cesky-zazarily-v-uvodni-casovce-tour-de-feminin-kvasnickova-druha-kopecky-treti\/","title":{"rendered":"\u010ce\u0161ky zaz\u00e1\u0159ily v \u00favodn\u00ed \u010dasovce Tour de Feminin: Kvasni\u010dkov\u00e1 druh\u00e1, Kopecky t\u0159et\u00ed"},"content":{"rendered":"\n<p>Polka <strong>Dominika Wlodarczykov\u00e1<\/strong> vyhr\u00e1la \u00favodn\u00ed etapu 34. ro\u010dn\u00edku etapov\u00e9ho z\u00e1vodu Tour de Feminin, kterou byla \u010dasovka na 12,6 kilometru v Kr\u00e1sn\u00e9 L\u00edp\u011b. O pouh\u00e9 dv\u011b vte\u0159iny porazila osmn\u00e1ctiletou <strong>Eli\u0161ku Kvasni\u010dkovou <\/strong>a o 29 sekund jej\u00ed vrstevnici <strong>Julii Kopecky<\/strong>.<\/p>\n\n\n\n<p>Pro dvaadvacetiletou polskou cyklistku t\u00fdmu MAT Atom Developer je to u\u017e t\u0159et\u00ed leto\u0161n\u00ed v\u00edt\u011bzstv\u00ed na \u010desk\u00e9 p\u016fd\u011b, na konci dubna toti\u017e vyhr\u00e1la dv\u011b etapy na Gracii Orlov\u00e9 a skon\u010dila druh\u00e1 v celkov\u00e9 klasifikaci.<\/p>\n\n\n\n<p>N\u00e1ro\u010dn\u00e1 individu\u00e1ln\u00ed \u010dasovka s jedn\u00edm stoup\u00e1n\u00edm na za\u010d\u00e1tku trati prov\u011b\u0159ila 139 cyklistek z cel\u00e9ho sv\u011bta. Na start Tour de Feminin se postavila t\u00e9m\u011b\u0159 kompletn\u00ed \u010desk\u00e1 \u0161pi\u010dka a dom\u00e1c\u00ed cyklistky rozhodn\u011b nezklamaly. Eli\u0161ka Kvasni\u010dkov\u00e1 startuj\u00edc\u00ed v&nbsp;barv\u00e1ch t\u00fdmu MIX Brilon \u2013 Sportraces byla velmi bl\u00edzko prvn\u00edmu v\u00edt\u011bzstv\u00ed na mezin\u00e1rodn\u00ed sc\u00e9n\u011b, nakonec j\u00ed chyb\u011bly jen 2 vte\u0159iny.<\/p>\n\n\n\n<figure class=\"wp-block-image size-large\"><img loading=\"lazy\" decoding=\"async\" width=\"1024\" height=\"683\" src=\"https:\/\/www.czechcyclingfederation.com\/wp-content\/uploads\/2023\/05\/holky-2-1024x683.jpg\" alt=\"\" class=\"wp-image-25300\" srcset=\"https:\/\/www.czechcyclingfederation.com\/wp-content\/uploads\/2023\/05\/holky-2-1024x683.jpg 1024w, https:\/\/www.czechcyclingfederation.com\/wp-content\/uploads\/2023\/05\/holky-2-300x200.jpg 300w, https:\/\/www.czechcyclingfederation.com\/wp-content\/uploads\/2023\/05\/holky-2-768x512.jpg 768w, https:\/\/www.czechcyclingfederation.com\/wp-content\/uploads\/2023\/05\/holky-2-1536x1024.jpg 1536w, https:\/\/www.czechcyclingfederation.com\/wp-content\/uploads\/2023\/05\/holky-2-2048x1365.jpg 2048w, https:\/\/www.czechcyclingfederation.com\/wp-content\/uploads\/2023\/05\/holky-2-1320x880.jpg 1320w\" sizes=\"auto, (max-width: 1024px) 100vw, 1024px\" \/><\/figure>\n\n\n\n<p>Tour de Feminin pokra\u010duje v p\u00e1tek 2. etapou, kter\u00e1 vede N\u00e1rodn\u00edm parkem \u010cesk\u00e9 \u0160v\u00fdcarsko. Ve zvln\u011bn\u00e9 etap\u011b na 101,7 km z\u00e1vodnice nastoupaj\u00ed celkem 1734 metry.<\/p>\n\n\n\n<p><strong>V\u00fdsledky 1. etapy <\/strong>(\u010dasovka na 12,6 km): 1. Wlodarczykov\u00e1 (Pol.) 18:41, <strong>2. Kvasni\u010dkov\u00e1<\/strong> (\u010cR\/MIX Brilon \u2013 Sportraces) +2, <strong>3. Kopecky <\/strong>(\u010cR\/ AG Insurance-NXTG U23) +29, 4. Charpentierov\u00e1 (Fr.) +31, 5. Dijkstraov\u00e1 (Niz.) +35.<\/p>\n\n\n\n<p>Foto: Josef Vaishar\/Cycling.photography<\/p>\n","protected":false},"excerpt":{"rendered":"<p>Polka Dominika Wlodarczykov\u00e1 vyhr\u00e1la \u00favodn\u00ed etapu 34. ro\u010dn\u00edku etapov\u00e9ho z\u00e1vodu Tour de Feminin, kterou byla \u010dasovka na 12,6 kilometru v Kr\u00e1sn\u00e9 L\u00edp\u011b. O pouh\u00e9 dv\u011b vte\u0159iny porazila osmn\u00e1ctiletou Eli\u0161ku Kvasni\u010dkovou a o 29 sekund jej\u00ed vrstevnici Julii Kopecky. Pro dvaadvacetiletou polskou cyklistku t\u00fdmu MAT Atom Developer je to u\u017e t\u0159et\u00ed leto\u0161n\u00ed v\u00edt\u011bzstv\u00ed na \u010desk\u00e9 p\u016fd\u011b, [&hellip;]<\/p>\n","protected":false},"author":15,"featured_media":25298,"comment_status":"closed","ping_status":"open","sticky":false,"template":"","format":"standard","meta":{"footnotes":""},"categories":[2,46,18],"tags":[11],"class_list":["post-25297","post","type-post","status-publish","format-standard","has-post-thumbnail","hentry","category-novinky","category-novinky-sportovni-centra","category-silnice","tag-silnice"],"_links":{"self":[{"href":"https:\/\/www.czechcyclingfederation.com\/en\/wp-json\/wp\/v2\/posts\/25297","targetHints":{"allow":["GET"]}}],"collection":[{"href":"https:\/\/www.czechcyclingfederation.com\/en\/wp-json\/wp\/v2\/posts"}],"about":[{"href":"https:\/\/www.czechcyclingfederation.com\/en\/wp-json\/wp\/v2\/types\/post"}],"author":[{"embeddable":true,"href":"https:\/\/www.czechcyclingfederation.com\/en\/wp-json\/wp\/v2\/users\/15"}],"replies":[{"embeddable":true,"href":"https:\/\/www.czechcyclingfederation.com\/en\/wp-json\/wp\/v2\/comments?post=25297"}],"version-history":[{"count":1,"href":"https:\/\/www.czechcyclingfederation.com\/en\/wp-json\/wp\/v2\/posts\/25297\/revisions"}],"predecessor-version":[{"id":25302,"href":"https:\/\/www.czechcyclingfederation.com\/en\/wp-json\/wp\/v2\/posts\/25297\/revisions\/25302"}],"wp:featuredmedia":[{"embeddable":true,"href":"https:\/\/www.czechcyclingfederation.com\/en\/wp-json\/wp\/v2\/media\/25298"}],"wp:attachment":[{"href":"https:\/\/www.czechcyclingfederation.com\/en\/wp-json\/wp\/v2\/media?parent=25297"}],"wp:term":[{"taxonomy":"category","embeddable":true,"href":"https:\/\/www.czechcyclingfederation.com\/en\/wp-json\/wp\/v2\/categories?post=25297"},{"taxonomy":"post_tag","embeddable":true,"href":"https:\/\/www.czechcyclingfederation.com\/en\/wp-json\/wp\/v2\/tags?post=25297"}],"curies":[{"name":"wp","href":"https:\/\/api.w.org\/{rel}","templated":true}]}}