{"id":25262,"date":"2023-05-23T07:14:19","date_gmt":"2023-05-23T05:14:19","guid":{"rendered":"https:\/\/www.czechcyclingfederation.com\/?p=25262"},"modified":"2023-05-23T07:14:22","modified_gmt":"2023-05-23T05:14:22","slug":"vanicek-vitezem-rbb-tour","status":"publish","type":"post","link":"https:\/\/www.czechcyclingfederation.com\/en\/vanicek-vitezem-rbb-tour\/","title":{"rendered":"Van\u00ed\u010dek v\u00edt\u011bzem RBB Tour"},"content":{"rendered":"\n<p>\u0160imon Van\u00ed\u010dek z \u010cEZ Cyklo Teamu T\u00e1bor se stal v\u00edt\u011bzem etapov\u00e9ho z\u00e1vodu RBB Tour v&nbsp;ji\u017en\u00edch \u010cech\u00e1ch, kdy\u017e o sv\u00e9m triumfu rozhodl v&nbsp;z\u00e1v\u011bre\u010dn\u00e9 kopcovit\u00e9 etap\u011b.<\/p>\n\n\n\n<p>Ze \u017elut\u00e9ho dresu l\u00eddra v&nbsp;n\u00ed vysvl\u00e9kl Richarda Habermanna z&nbsp;AC Sparta Praha, kter\u00fd m\u011bl p\u0159ed z\u00e1v\u011bre\u010dn\u00fdm dnem na Van\u00ed\u010dka n\u00e1skok 14 vte\u0159in.<\/p>\n\n\n\n<p>Van\u00ed\u010dek, kter\u00fd je i velmi dobr\u00fdm cyklokrosa\u0159em, se v&nbsp;kr\u00e1lovsk\u00e9 etap\u011b se startem i c\u00edlem v&nbsp;\u010cesk\u00e9m Rudolci dok\u00e1zal prosadit v&nbsp;dojezdu p\u011bti\u010dlenn\u00e9 vedouc\u00ed skupiny. Druh\u00fd skon\u010dil Petr Fiala, t\u0159et\u00ed Pol\u00e1k Patryk Gieracki. \u201eV kopc\u00edch se mi jelo op\u011bt dob\u0159e, ale letos k&nbsp;celkov\u00e9mu prvenstv\u00ed ur\u010dit\u011b pomohla moje lep\u0161\u00ed \u010dasovka, ve kter\u00e9 jsem tolik neztratil,\u201c \u0159ekl celkov\u00fd v\u00edt\u011bz RBB Tour.<\/p>\n\n\n\n<p><strong>Kone\u010dn\u00e9 po\u0159ad\u00ed: <\/strong>1. Van\u00ed\u010dek (\u010cEZ Cyklo Team T\u00e1bor) 8:15:45, 2. Leopold (Rak.) +11, 3. Rotter (Favorit Brno) +39.<\/p>\n","protected":false},"excerpt":{"rendered":"<p>\u0160imon Van\u00ed\u010dek z \u010cEZ Cyklo Teamu T\u00e1bor se stal v\u00edt\u011bzem etapov\u00e9ho z\u00e1vodu RBB Tour v&nbsp;ji\u017en\u00edch \u010cech\u00e1ch, kdy\u017e o sv\u00e9m triumfu rozhodl v&nbsp;z\u00e1v\u011bre\u010dn\u00e9 kopcovit\u00e9 etap\u011b. Ze \u017elut\u00e9ho dresu l\u00eddra v&nbsp;n\u00ed vysvl\u00e9kl Richarda Habermanna z&nbsp;AC Sparta Praha, kter\u00fd m\u011bl p\u0159ed z\u00e1v\u011bre\u010dn\u00fdm dnem na Van\u00ed\u010dka n\u00e1skok 14 vte\u0159in. Van\u00ed\u010dek, kter\u00fd je i velmi dobr\u00fdm cyklokrosa\u0159em, se v&nbsp;kr\u00e1lovsk\u00e9 etap\u011b [&hellip;]<\/p>\n","protected":false},"author":15,"featured_media":25271,"comment_status":"closed","ping_status":"open","sticky":false,"template":"","format":"standard","meta":{"footnotes":""},"categories":[2,18],"tags":[11],"class_list":["post-25262","post","type-post","status-publish","format-standard","has-post-thumbnail","hentry","category-novinky","category-silnice","tag-silnice"],"_links":{"self":[{"href":"https:\/\/www.czechcyclingfederation.com\/en\/wp-json\/wp\/v2\/posts\/25262","targetHints":{"allow":["GET"]}}],"collection":[{"href":"https:\/\/www.czechcyclingfederation.com\/en\/wp-json\/wp\/v2\/posts"}],"about":[{"href":"https:\/\/www.czechcyclingfederation.com\/en\/wp-json\/wp\/v2\/types\/post"}],"author":[{"embeddable":true,"href":"https:\/\/www.czechcyclingfederation.com\/en\/wp-json\/wp\/v2\/users\/15"}],"replies":[{"embeddable":true,"href":"https:\/\/www.czechcyclingfederation.com\/en\/wp-json\/wp\/v2\/comments?post=25262"}],"version-history":[{"count":1,"href":"https:\/\/www.czechcyclingfederation.com\/en\/wp-json\/wp\/v2\/posts\/25262\/revisions"}],"predecessor-version":[{"id":25263,"href":"https:\/\/www.czechcyclingfederation.com\/en\/wp-json\/wp\/v2\/posts\/25262\/revisions\/25263"}],"wp:featuredmedia":[{"embeddable":true,"href":"https:\/\/www.czechcyclingfederation.com\/en\/wp-json\/wp\/v2\/media\/25271"}],"wp:attachment":[{"href":"https:\/\/www.czechcyclingfederation.com\/en\/wp-json\/wp\/v2\/media?parent=25262"}],"wp:term":[{"taxonomy":"category","embeddable":true,"href":"https:\/\/www.czechcyclingfederation.com\/en\/wp-json\/wp\/v2\/categories?post=25262"},{"taxonomy":"post_tag","embeddable":true,"href":"https:\/\/www.czechcyclingfederation.com\/en\/wp-json\/wp\/v2\/tags?post=25262"}],"curies":[{"name":"wp","href":"https:\/\/api.w.org\/{rel}","templated":true}]}}