{"id":25248,"date":"2023-05-22T20:46:02","date_gmt":"2023-05-22T18:46:02","guid":{"rendered":"https:\/\/www.czechcyclingfederation.com\/?p=25248"},"modified":"2023-05-23T07:05:18","modified_gmt":"2023-05-23T05:05:18","slug":"tri-ceske-bronzy-ze-saloveho-juniorskeho-me","status":"publish","type":"post","link":"https:\/\/www.czechcyclingfederation.com\/en\/tri-ceske-bronzy-ze-saloveho-juniorskeho-me\/","title":{"rendered":"T\u0159i \u010desk\u00e9 bronzy ze s\u00e1lov\u00e9ho\u00a0juniorsk\u00e9ho ME"},"content":{"rendered":"\n<p>T\u0159i bronzov\u00e9 medaile vybojovali mlad\u00ed \u010de\u0161t\u00ed reprezentanti na 42. evropsk\u00e9m juniorsk\u00e9m \u0161ampion\u00e1tu v&nbsp;s\u00e1lov\u00e9 cyklistice, kter\u00fd se uskute\u010dnil ve \u0161v\u00fdcarsk\u00e9m Wallisellenu. V\u0161echny zlat\u00e9 medaile z\u00edskali z\u00e1vodn\u00edci N\u011bmecka.<\/p>\n\n\n\n<p>O \u010desk\u00e9 medaile se postarali v&nbsp;kolov\u00e9 J\u00e1chym Baxa a Tade\u00e1\u0161 \u010cerv\u00edk a ve dvojic\u00edch v&nbsp;krasoj\u00edzd\u011b Vojt\u011bch Bla\u017eek a Pavel \u0160\u00edn a p\u00e1r Julie T\u016fmov\u00e1, Hana Cik\u00e1nkov\u00e1.<\/p>\n\n\n\n<p>V&nbsp;kolov\u00e9 Baxa a \u010cerv\u00edk ve skupin\u011b porazili Rakousko 4:1, remizovali s Belgi\u00ed 3:3, p\u0159ehr\u00e1li \u0160v\u00fdcarsko 3:2, Francie 11:1 a podlehli N\u011bmecku 3:6. V&nbsp;semifin\u00e1le \u010desk\u00e1 dvojice remizovala Rakouskem, ale na trestn\u00e9 \u00fadery podlehla 4:5. Ve fin\u00e1le &nbsp;N\u011bmecko (M\u00fcller, Ferrari) p\u0159ehr\u00e1lo Rakousko 5:1 a na\u0161i hr\u00e1\u010di zdolali \u0160v\u00fdcarsko 3:2.<\/p>\n\n\n\n<p><strong>V\u00fdsledky:<\/strong><\/p>\n\n\n\n<p>Kolov\u00e1:<\/p>\n\n\n\n<p>1.N\u011bmecko, 2. Rakousko, 3. \u010cR (Baxa, \u010cerv\u00edk), 4. \u0160v\u00fdcarsko.<\/p>\n\n\n\n<p>Krasoj\u00edzda:<\/p>\n\n\n\n<p>Dvojice:<\/p>\n\n\n\n<p>Junio\u0159i:<\/p>\n\n\n\n<p>1. N\u011bmecko 136,66, 2. \u0160v\u00fdcarsko 79,95, 3. \u010cR (Bla\u017eek, \u0160\u00edn) 63,27.<\/p>\n\n\n\n<p>Juniorky:<\/p>\n\n\n\n<p>1. N\u011bmecko 124,84, 2. \u0160v\u00fdcarsko 79,90, 3. \u010cR (T\u016fmov\u00e1, Cik\u00e1nkov\u00e1) 60,05.<\/p>\n\n\n\n<p>Jednotlivci:<\/p>\n\n\n\n<p>Junio\u0159i:<\/p>\n\n\n\n<p>1. Stark 184,80, 2. Weber (oba N\u011bm.) 181,83, 3. G\u00f6belbecker (\u0160v\u00fdc.) 105,74, 4.<\/p>\n\n\n\n<p>Ne\u010das 93,06, &#8230;6. Bla\u017eek (oba \u010cR) 75,22.<\/p>\n\n\n\n<p>Juniorky:<\/p>\n\n\n\n<p>1 Reichleov\u00e1 153,82, 2. Heinritziov\u00e1 (ob\u011b N\u011bm.) 148,65, 3. Hotzov\u00e1 (\u0160v\u00fdc.) 147,58, &#8230;5. Vosi\u010dkov\u00e1 99,38, 6. T\u016fmov\u00e1 (ob\u011b \u010cR) 88,16.<\/p>\n\n\n\n<figure class=\"wp-block-image size-full\"><img loading=\"lazy\" decoding=\"async\" width=\"1024\" height=\"681\" src=\"http:\/\/www.czechcyclingfederation.com\/wp-content\/uploads\/2023\/05\/juniorky.jpg\" alt=\"\" class=\"wp-image-25253\" srcset=\"https:\/\/www.czechcyclingfederation.com\/wp-content\/uploads\/2023\/05\/juniorky.jpg 1024w, https:\/\/www.czechcyclingfederation.com\/wp-content\/uploads\/2023\/05\/juniorky-300x200.jpg 300w, https:\/\/www.czechcyclingfederation.com\/wp-content\/uploads\/2023\/05\/juniorky-768x511.jpg 768w\" sizes=\"auto, (max-width: 1024px) 100vw, 1024px\" \/><\/figure>\n\n\n\n<figure class=\"wp-block-image size-large\"><img loading=\"lazy\" decoding=\"async\" width=\"1024\" height=\"682\" src=\"https:\/\/www.czechcyclingfederation.com\/wp-content\/uploads\/2023\/05\/MEJ-2-1024x682.jpg\" alt=\"\" class=\"wp-image-25259\" srcset=\"https:\/\/www.czechcyclingfederation.com\/wp-content\/uploads\/2023\/05\/MEJ-2-1024x682.jpg 1024w, https:\/\/www.czechcyclingfederation.com\/wp-content\/uploads\/2023\/05\/MEJ-2-300x200.jpg 300w, https:\/\/www.czechcyclingfederation.com\/wp-content\/uploads\/2023\/05\/MEJ-2-768x512.jpg 768w, https:\/\/www.czechcyclingfederation.com\/wp-content\/uploads\/2023\/05\/MEJ-2-1320x879.jpg 1320w, https:\/\/www.czechcyclingfederation.com\/wp-content\/uploads\/2023\/05\/MEJ-2.jpg 1369w\" sizes=\"auto, (max-width: 1024px) 100vw, 1024px\" \/><\/figure>\n","protected":false},"excerpt":{"rendered":"<p>T\u0159i bronzov\u00e9 medaile vybojovali mlad\u00ed \u010de\u0161t\u00ed reprezentanti na 42. evropsk\u00e9m juniorsk\u00e9m \u0161ampion\u00e1tu v&nbsp;s\u00e1lov\u00e9 cyklistice, kter\u00fd se uskute\u010dnil ve \u0161v\u00fdcarsk\u00e9m Wallisellenu. V\u0161echny zlat\u00e9 medaile z\u00edskali z\u00e1vodn\u00edci N\u011bmecka. O \u010desk\u00e9 medaile se postarali v&nbsp;kolov\u00e9 J\u00e1chym Baxa a Tade\u00e1\u0161 \u010cerv\u00edk a ve dvojic\u00edch v&nbsp;krasoj\u00edzd\u011b Vojt\u011bch Bla\u017eek a Pavel \u0160\u00edn a p\u00e1r Julie T\u016fmov\u00e1, Hana Cik\u00e1nkov\u00e1. V&nbsp;kolov\u00e9 Baxa a [&hellip;]<\/p>\n","protected":false},"author":8,"featured_media":25266,"comment_status":"closed","ping_status":"open","sticky":false,"template":"","format":"standard","meta":{"footnotes":""},"categories":[2,60],"tags":[61],"class_list":["post-25248","post","type-post","status-publish","format-standard","has-post-thumbnail","hentry","category-novinky","category-salovka","tag-salovka"],"_links":{"self":[{"href":"https:\/\/www.czechcyclingfederation.com\/en\/wp-json\/wp\/v2\/posts\/25248","targetHints":{"allow":["GET"]}}],"collection":[{"href":"https:\/\/www.czechcyclingfederation.com\/en\/wp-json\/wp\/v2\/posts"}],"about":[{"href":"https:\/\/www.czechcyclingfederation.com\/en\/wp-json\/wp\/v2\/types\/post"}],"author":[{"embeddable":true,"href":"https:\/\/www.czechcyclingfederation.com\/en\/wp-json\/wp\/v2\/users\/8"}],"replies":[{"embeddable":true,"href":"https:\/\/www.czechcyclingfederation.com\/en\/wp-json\/wp\/v2\/comments?post=25248"}],"version-history":[{"count":4,"href":"https:\/\/www.czechcyclingfederation.com\/en\/wp-json\/wp\/v2\/posts\/25248\/revisions"}],"predecessor-version":[{"id":25270,"href":"https:\/\/www.czechcyclingfederation.com\/en\/wp-json\/wp\/v2\/posts\/25248\/revisions\/25270"}],"wp:featuredmedia":[{"embeddable":true,"href":"https:\/\/www.czechcyclingfederation.com\/en\/wp-json\/wp\/v2\/media\/25266"}],"wp:attachment":[{"href":"https:\/\/www.czechcyclingfederation.com\/en\/wp-json\/wp\/v2\/media?parent=25248"}],"wp:term":[{"taxonomy":"category","embeddable":true,"href":"https:\/\/www.czechcyclingfederation.com\/en\/wp-json\/wp\/v2\/categories?post=25248"},{"taxonomy":"post_tag","embeddable":true,"href":"https:\/\/www.czechcyclingfederation.com\/en\/wp-json\/wp\/v2\/tags?post=25248"}],"curies":[{"name":"wp","href":"https:\/\/api.w.org\/{rel}","templated":true}]}}