{"id":2524,"date":"2020-10-06T20:43:05","date_gmt":"2020-10-06T18:43:05","guid":{"rendered":"http:\/\/www.czechcyclingfederation.com\/?p=2524"},"modified":"2020-10-10T23:19:33","modified_gmt":"2020-10-10T21:19:33","slug":"obrazem-trenink-na-svetovem-sampionatu-bikeru","status":"publish","type":"post","link":"https:\/\/www.czechcyclingfederation.com\/en\/obrazem-trenink-na-svetovem-sampionatu-bikeru\/","title":{"rendered":"Obrazem: Tr\u00e9nink na sv\u011btov\u00e9m \u0161ampion\u00e1tu biker\u016f"},"content":{"rendered":"\n<p><strong>Momentky Michala \u010cerven\u00e9ho z prvn\u00edho tr\u00e9ninku na sv\u011btov\u00e9m \u0161ampion\u00e1tu biker\u016f v Leogangu.<\/strong><\/p>\n\n\n\n<figure class=\"wp-block-gallery columns-2 is-cropped wp-block-gallery-1 is-layout-flex wp-block-gallery-is-layout-flex\"><ul class=\"blocks-gallery-grid\"><li class=\"blocks-gallery-item\"><figure><img loading=\"lazy\" decoding=\"async\" width=\"1024\" height=\"683\" src=\"http:\/\/www.czechcyclingfederation.com\/wp-content\/uploads\/2020\/10\/RepreMTB_utery_05-1024x683.jpg\" alt=\"\" data-id=\"2529\" data-full-url=\"http:\/\/www.czechcyclingfederation.com\/wp-content\/uploads\/2020\/10\/RepreMTB_utery_05.jpg\" data-link=\"http:\/\/www.czechcyclingfederation.com\/obrazem-trenink-na-svetovem-sampionatu-bikeru\/repremtb_utery_05\/\" class=\"wp-image-2529\" srcset=\"https:\/\/www.czechcyclingfederation.com\/wp-content\/uploads\/2020\/10\/RepreMTB_utery_05-1024x683.jpg 1024w, https:\/\/www.czechcyclingfederation.com\/wp-content\/uploads\/2020\/10\/RepreMTB_utery_05-300x200.jpg 300w, https:\/\/www.czechcyclingfederation.com\/wp-content\/uploads\/2020\/10\/RepreMTB_utery_05-768x512.jpg 768w, https:\/\/www.czechcyclingfederation.com\/wp-content\/uploads\/2020\/10\/RepreMTB_utery_05-1536x1024.jpg 1536w, https:\/\/www.czechcyclingfederation.com\/wp-content\/uploads\/2020\/10\/RepreMTB_utery_05-1320x880.jpg 1320w, https:\/\/www.czechcyclingfederation.com\/wp-content\/uploads\/2020\/10\/RepreMTB_utery_05.jpg 1600w\" sizes=\"auto, (max-width: 1024px) 100vw, 1024px\" \/><\/figure><\/li><li class=\"blocks-gallery-item\"><figure><img loading=\"lazy\" decoding=\"async\" width=\"1024\" height=\"683\" src=\"http:\/\/www.czechcyclingfederation.com\/wp-content\/uploads\/2020\/10\/RepreMTB_utery_06-1024x683.jpg\" alt=\"\" data-id=\"2530\" data-full-url=\"http:\/\/www.czechcyclingfederation.com\/wp-content\/uploads\/2020\/10\/RepreMTB_utery_06.jpg\" data-link=\"http:\/\/www.czechcyclingfederation.com\/obrazem-trenink-na-svetovem-sampionatu-bikeru\/repremtb_utery_06\/\" class=\"wp-image-2530\" srcset=\"https:\/\/www.czechcyclingfederation.com\/wp-content\/uploads\/2020\/10\/RepreMTB_utery_06-1024x683.jpg 1024w, https:\/\/www.czechcyclingfederation.com\/wp-content\/uploads\/2020\/10\/RepreMTB_utery_06-300x200.jpg 300w, https:\/\/www.czechcyclingfederation.com\/wp-content\/uploads\/2020\/10\/RepreMTB_utery_06-768x512.jpg 768w, https:\/\/www.czechcyclingfederation.com\/wp-content\/uploads\/2020\/10\/RepreMTB_utery_06-1536x1024.jpg 1536w, https:\/\/www.czechcyclingfederation.com\/wp-content\/uploads\/2020\/10\/RepreMTB_utery_06-1320x880.jpg 1320w, https:\/\/www.czechcyclingfederation.com\/wp-content\/uploads\/2020\/10\/RepreMTB_utery_06.jpg 1600w\" sizes=\"auto, (max-width: 1024px) 100vw, 1024px\" \/><\/figure><\/li><li class=\"blocks-gallery-item\"><figure><img loading=\"lazy\" decoding=\"async\" width=\"1024\" height=\"683\" src=\"http:\/\/www.czechcyclingfederation.com\/wp-content\/uploads\/2020\/10\/RepreMTB_utery_07-1024x683.jpg\" alt=\"\" data-id=\"2531\" data-full-url=\"http:\/\/www.czechcyclingfederation.com\/wp-content\/uploads\/2020\/10\/RepreMTB_utery_07.jpg\" data-link=\"http:\/\/www.czechcyclingfederation.com\/obrazem-trenink-na-svetovem-sampionatu-bikeru\/repremtb_utery_07\/\" class=\"wp-image-2531\" srcset=\"https:\/\/www.czechcyclingfederation.com\/wp-content\/uploads\/2020\/10\/RepreMTB_utery_07-1024x683.jpg 1024w, https:\/\/www.czechcyclingfederation.com\/wp-content\/uploads\/2020\/10\/RepreMTB_utery_07-300x200.jpg 300w, https:\/\/www.czechcyclingfederation.com\/wp-content\/uploads\/2020\/10\/RepreMTB_utery_07-768x512.jpg 768w, https:\/\/www.czechcyclingfederation.com\/wp-content\/uploads\/2020\/10\/RepreMTB_utery_07-1536x1024.jpg 1536w, https:\/\/www.czechcyclingfederation.com\/wp-content\/uploads\/2020\/10\/RepreMTB_utery_07-1320x880.jpg 1320w, https:\/\/www.czechcyclingfederation.com\/wp-content\/uploads\/2020\/10\/RepreMTB_utery_07.jpg 1600w\" sizes=\"auto, (max-width: 1024px) 100vw, 1024px\" \/><\/figure><\/li><li class=\"blocks-gallery-item\"><figure><img loading=\"lazy\" decoding=\"async\" width=\"1024\" height=\"683\" src=\"http:\/\/www.czechcyclingfederation.com\/wp-content\/uploads\/2020\/10\/RepreMTB_utery_08-1024x683.jpg\" alt=\"\" data-id=\"2532\" data-full-url=\"http:\/\/www.czechcyclingfederation.com\/wp-content\/uploads\/2020\/10\/RepreMTB_utery_08.jpg\" data-link=\"http:\/\/www.czechcyclingfederation.com\/obrazem-trenink-na-svetovem-sampionatu-bikeru\/repremtb_utery_08\/\" class=\"wp-image-2532\" srcset=\"https:\/\/www.czechcyclingfederation.com\/wp-content\/uploads\/2020\/10\/RepreMTB_utery_08-1024x683.jpg 1024w, https:\/\/www.czechcyclingfederation.com\/wp-content\/uploads\/2020\/10\/RepreMTB_utery_08-300x200.jpg 300w, https:\/\/www.czechcyclingfederation.com\/wp-content\/uploads\/2020\/10\/RepreMTB_utery_08-768x512.jpg 768w, https:\/\/www.czechcyclingfederation.com\/wp-content\/uploads\/2020\/10\/RepreMTB_utery_08-1536x1024.jpg 1536w, https:\/\/www.czechcyclingfederation.com\/wp-content\/uploads\/2020\/10\/RepreMTB_utery_08-1320x880.jpg 1320w, https:\/\/www.czechcyclingfederation.com\/wp-content\/uploads\/2020\/10\/RepreMTB_utery_08.jpg 1600w\" sizes=\"auto, (max-width: 1024px) 100vw, 1024px\" \/><\/figure><\/li><li class=\"blocks-gallery-item\"><figure><img loading=\"lazy\" decoding=\"async\" width=\"1024\" height=\"683\" src=\"http:\/\/www.czechcyclingfederation.com\/wp-content\/uploads\/2020\/10\/RepreMTB_utery_02-1024x683.jpg\" alt=\"\" data-id=\"2526\" data-full-url=\"http:\/\/www.czechcyclingfederation.com\/wp-content\/uploads\/2020\/10\/RepreMTB_utery_02.jpg\" data-link=\"http:\/\/www.czechcyclingfederation.com\/obrazem-trenink-na-svetovem-sampionatu-bikeru\/repremtb_utery_02\/\" class=\"wp-image-2526\" srcset=\"https:\/\/www.czechcyclingfederation.com\/wp-content\/uploads\/2020\/10\/RepreMTB_utery_02-1024x683.jpg 1024w, https:\/\/www.czechcyclingfederation.com\/wp-content\/uploads\/2020\/10\/RepreMTB_utery_02-300x200.jpg 300w, https:\/\/www.czechcyclingfederation.com\/wp-content\/uploads\/2020\/10\/RepreMTB_utery_02-768x512.jpg 768w, https:\/\/www.czechcyclingfederation.com\/wp-content\/uploads\/2020\/10\/RepreMTB_utery_02-1536x1024.jpg 1536w, https:\/\/www.czechcyclingfederation.com\/wp-content\/uploads\/2020\/10\/RepreMTB_utery_02-1320x880.jpg 1320w, https:\/\/www.czechcyclingfederation.com\/wp-content\/uploads\/2020\/10\/RepreMTB_utery_02.jpg 1600w\" sizes=\"auto, (max-width: 1024px) 100vw, 1024px\" \/><\/figure><\/li><li class=\"blocks-gallery-item\"><figure><img loading=\"lazy\" decoding=\"async\" width=\"1024\" height=\"683\" src=\"http:\/\/www.czechcyclingfederation.com\/wp-content\/uploads\/2020\/10\/RepreMTB_utery_01-1024x683.jpg\" alt=\"\" data-id=\"2525\" data-full-url=\"http:\/\/www.czechcyclingfederation.com\/wp-content\/uploads\/2020\/10\/RepreMTB_utery_01.jpg\" data-link=\"http:\/\/www.czechcyclingfederation.com\/obrazem-trenink-na-svetovem-sampionatu-bikeru\/repremtb_utery_01\/\" class=\"wp-image-2525\" srcset=\"https:\/\/www.czechcyclingfederation.com\/wp-content\/uploads\/2020\/10\/RepreMTB_utery_01-1024x683.jpg 1024w, https:\/\/www.czechcyclingfederation.com\/wp-content\/uploads\/2020\/10\/RepreMTB_utery_01-300x200.jpg 300w, https:\/\/www.czechcyclingfederation.com\/wp-content\/uploads\/2020\/10\/RepreMTB_utery_01-768x512.jpg 768w, https:\/\/www.czechcyclingfederation.com\/wp-content\/uploads\/2020\/10\/RepreMTB_utery_01-1536x1024.jpg 1536w, https:\/\/www.czechcyclingfederation.com\/wp-content\/uploads\/2020\/10\/RepreMTB_utery_01-1320x880.jpg 1320w, https:\/\/www.czechcyclingfederation.com\/wp-content\/uploads\/2020\/10\/RepreMTB_utery_01.jpg 1600w\" sizes=\"auto, (max-width: 1024px) 100vw, 1024px\" \/><\/figure><\/li><li class=\"blocks-gallery-item\"><figure><img loading=\"lazy\" decoding=\"async\" width=\"1024\" height=\"683\" src=\"http:\/\/www.czechcyclingfederation.com\/wp-content\/uploads\/2020\/10\/RepreMTB_utery_04-1024x683.jpg\" alt=\"\" data-id=\"2528\" data-full-url=\"http:\/\/www.czechcyclingfederation.com\/wp-content\/uploads\/2020\/10\/RepreMTB_utery_04.jpg\" data-link=\"http:\/\/www.czechcyclingfederation.com\/obrazem-trenink-na-svetovem-sampionatu-bikeru\/repremtb_utery_04\/\" class=\"wp-image-2528\" srcset=\"https:\/\/www.czechcyclingfederation.com\/wp-content\/uploads\/2020\/10\/RepreMTB_utery_04-1024x683.jpg 1024w, https:\/\/www.czechcyclingfederation.com\/wp-content\/uploads\/2020\/10\/RepreMTB_utery_04-300x200.jpg 300w, https:\/\/www.czechcyclingfederation.com\/wp-content\/uploads\/2020\/10\/RepreMTB_utery_04-768x512.jpg 768w, https:\/\/www.czechcyclingfederation.com\/wp-content\/uploads\/2020\/10\/RepreMTB_utery_04-1536x1024.jpg 1536w, https:\/\/www.czechcyclingfederation.com\/wp-content\/uploads\/2020\/10\/RepreMTB_utery_04-1320x880.jpg 1320w, https:\/\/www.czechcyclingfederation.com\/wp-content\/uploads\/2020\/10\/RepreMTB_utery_04.jpg 1600w\" sizes=\"auto, (max-width: 1024px) 100vw, 1024px\" \/><\/figure><\/li><li class=\"blocks-gallery-item\"><figure><img loading=\"lazy\" decoding=\"async\" width=\"1024\" height=\"683\" src=\"http:\/\/www.czechcyclingfederation.com\/wp-content\/uploads\/2020\/10\/RepreMTB_utery_03-1024x683.jpg\" alt=\"\" data-id=\"2527\" data-full-url=\"http:\/\/www.czechcyclingfederation.com\/wp-content\/uploads\/2020\/10\/RepreMTB_utery_03.jpg\" data-link=\"http:\/\/www.czechcyclingfederation.com\/obrazem-trenink-na-svetovem-sampionatu-bikeru\/repremtb_utery_03\/\" class=\"wp-image-2527\" srcset=\"https:\/\/www.czechcyclingfederation.com\/wp-content\/uploads\/2020\/10\/RepreMTB_utery_03-1024x683.jpg 1024w, https:\/\/www.czechcyclingfederation.com\/wp-content\/uploads\/2020\/10\/RepreMTB_utery_03-300x200.jpg 300w, https:\/\/www.czechcyclingfederation.com\/wp-content\/uploads\/2020\/10\/RepreMTB_utery_03-768x512.jpg 768w, https:\/\/www.czechcyclingfederation.com\/wp-content\/uploads\/2020\/10\/RepreMTB_utery_03-1536x1024.jpg 1536w, https:\/\/www.czechcyclingfederation.com\/wp-content\/uploads\/2020\/10\/RepreMTB_utery_03-1320x880.jpg 1320w, https:\/\/www.czechcyclingfederation.com\/wp-content\/uploads\/2020\/10\/RepreMTB_utery_03.jpg 1600w\" sizes=\"auto, (max-width: 1024px) 100vw, 1024px\" \/><\/figure><\/li><\/ul><\/figure>\n","protected":false},"excerpt":{"rendered":"<p>Momentky Michala \u010cerven\u00e9ho z prvn\u00edho tr\u00e9ninku na sv\u011btov\u00e9m \u0161ampion\u00e1tu biker\u016f v Leogangu.<\/p>\n","protected":false},"author":9,"featured_media":2530,"comment_status":"closed","ping_status":"open","sticky":false,"template":"","format":"standard","meta":{"footnotes":""},"categories":[6,2],"tags":[10],"class_list":["post-2524","post","type-post","status-publish","format-standard","has-post-thumbnail","hentry","category-mtb","category-novinky","tag-mtb"],"_links":{"self":[{"href":"https:\/\/www.czechcyclingfederation.com\/en\/wp-json\/wp\/v2\/posts\/2524","targetHints":{"allow":["GET"]}}],"collection":[{"href":"https:\/\/www.czechcyclingfederation.com\/en\/wp-json\/wp\/v2\/posts"}],"about":[{"href":"https:\/\/www.czechcyclingfederation.com\/en\/wp-json\/wp\/v2\/types\/post"}],"author":[{"embeddable":true,"href":"https:\/\/www.czechcyclingfederation.com\/en\/wp-json\/wp\/v2\/users\/9"}],"replies":[{"embeddable":true,"href":"https:\/\/www.czechcyclingfederation.com\/en\/wp-json\/wp\/v2\/comments?post=2524"}],"version-history":[{"count":6,"href":"https:\/\/www.czechcyclingfederation.com\/en\/wp-json\/wp\/v2\/posts\/2524\/revisions"}],"predecessor-version":[{"id":2538,"href":"https:\/\/www.czechcyclingfederation.com\/en\/wp-json\/wp\/v2\/posts\/2524\/revisions\/2538"}],"wp:featuredmedia":[{"embeddable":true,"href":"https:\/\/www.czechcyclingfederation.com\/en\/wp-json\/wp\/v2\/media\/2530"}],"wp:attachment":[{"href":"https:\/\/www.czechcyclingfederation.com\/en\/wp-json\/wp\/v2\/media?parent=2524"}],"wp:term":[{"taxonomy":"category","embeddable":true,"href":"https:\/\/www.czechcyclingfederation.com\/en\/wp-json\/wp\/v2\/categories?post=2524"},{"taxonomy":"post_tag","embeddable":true,"href":"https:\/\/www.czechcyclingfederation.com\/en\/wp-json\/wp\/v2\/tags?post=2524"}],"curies":[{"name":"wp","href":"https:\/\/api.w.org\/{rel}","templated":true}]}}