{"id":25218,"date":"2023-05-18T21:36:11","date_gmt":"2023-05-18T19:36:11","guid":{"rendered":"https:\/\/www.czechcyclingfederation.com\/?p=25218"},"modified":"2023-05-18T21:36:14","modified_gmt":"2023-05-18T19:36:14","slug":"polak-prokopyszyn-vyhral-5001-kolo-krenek-treti","status":"publish","type":"post","link":"https:\/\/www.czechcyclingfederation.com\/en\/polak-prokopyszyn-vyhral-5001-kolo-krenek-treti\/","title":{"rendered":"Pol\u00e1k Prokopyszyn vyhr\u00e1l 500+1 kolo, K\u0159enek t\u0159et\u00ed"},"content":{"rendered":"\n<p>Polsk\u00fd jezdec Filip Prokopyszyn z t\u00fdmu TUFO Pardus Prost\u011bjov ovl\u00e1dl leto\u0161n\u00ed ro\u010dn\u00edk mezin\u00e1rodn\u00edch dr\u00e1hov\u00fdch z\u00e1vod\u016f 500+1 kolo na velodromu v\u00a0Brn\u011b. Podnik byl z\u00e1rove\u0148 t\u0159et\u00edm podnikem \u0160koda Cupu &#8211; \u010cesk\u00e9ho poh\u00e1ru a nejlep\u0161\u00ed z\u00a0na\u0161ich jezdc\u016f bal Adam K\u0159enek z\u00a0TJ Favorit Brno na t\u0159et\u00edm m\u00edst\u011b.<\/p>\n\n\n\n<p>Prokopyszyn &nbsp;byl nejlep\u0161\u00edve druh\u00e9 a \u010dtvrt\u00e9 etap\u011b, ale do z\u00e1v\u011bre\u010dn\u00e9ho dnu nastupoval s osmibodovou ztr\u00e1tou na N\u011bmce Moritze Malcharka. V z\u00e1v\u011bre\u010dn\u00fd den byl ale jasn\u011b nejlep\u0161\u00ed a vyhr\u00e1l p\u0159ed Malcharkem o 14 bod\u016f. Vyrovnan\u00e9 v\u00fdkony vynesly t\u0159et\u00ed m\u00edsto mlad\u00e9mu Adamu K\u0159enkovi z po\u0159\u00e1daj\u00edc\u00edho TK Favorit Brno.<\/p>\n\n\n\n<p>Mezi \u017eenami ve \u010dty\u0159etapov\u00e9m z\u00e1vodu nena\u0161la ani jednou p\u0159emo\u017eitelku Petra \u0160ev\u010d\u00edkov\u00e1 z Dukly Praha, mezi juniory byl nejlep\u0161\u00ed Er\u0159en \u017dak ze Slovinka, Ond\u0159ej \u0160ilhav\u00fd z REXONIX KOVO Praha byl t\u0159et\u00ed.<\/p>\n\n\n\n<p>V\u00fdsledky:<\/p>\n\n\n\n<p>1. etapa:<\/p>\n\n\n\n<p>1. Malcharek (N\u011bm.) 78, 2. Jogev (Izr.) 65, 3. K\u0159enek (TJ Favorit Brno) 59.<\/p>\n\n\n\n<p>2. etapa:<\/p>\n\n\n\n<p>1. Prokopyszyn (Pol.\/TUFO Pardus Prost\u011bjov) 37, 2. Jogev 28, 3. Drijver (Ma\u010f.) 17.<\/p>\n\n\n\n<p>3. etapa:<\/p>\n\n\n\n<p>1. Hryniv (Ukr.) 29, 2. van Wyk (JAR) 28, 3. Keinan (Izr.) 22.<\/p>\n\n\n\n<p>4. etapa:<\/p>\n\n\n\n<p>1. Prokopyszyn 42, 2. Malcharek 22, 3. Keinan 21.<\/p>\n\n\n\n<p>Celkov\u011b po 5. etap\u011b:<\/p>\n\n\n\n<p>1. Prokopyszyn 183, 2. Malcharek 169, 3. K\u0159enek 160, 4. Jogev 154, 5. Hryniv 134, 6. Keinan 129.<\/p>\n\n\n\n<p>\u017deny:<\/p>\n\n\n\n<p>1. \u0160ev\u010d\u00edkov\u00e1 (Dukla Praha) 160, 2. Ba\u010d\u00edkov\u00e1 (SR) 150, 3. N\u011bmcov\u00e1 (Dukla Praha) 138, 4. Lorkowsk\u00e1 (Pol.) 138, 5. Barton\u00edkov\u00e1 (Dukla Praha) 118, 6. Bashov\u00e1 (Izr.) 114.<\/p>\n\n\n\n<p>Junio\u0159i:<\/p>\n\n\n\n<p>1. \u017dak (Slovin) 134, 2. Jilmaz (Tur.) 130, 3. O. \u0160ilhav\u00fd (REXONIX KOVO Praha) 118.<\/p>\n\n\n\n<p>FOTO Jan Brychta<\/p>\n\n\n\n<figure class=\"wp-block-image size-large\"><img loading=\"lazy\" decoding=\"async\" width=\"1024\" height=\"681\" src=\"https:\/\/www.czechcyclingfederation.com\/wp-content\/uploads\/2023\/05\/BrychtaJan_5001_kolo_20230518_102907_DSC_9466-1024x681.jpg\" alt=\"\" class=\"wp-image-25221\" srcset=\"https:\/\/www.czechcyclingfederation.com\/wp-content\/uploads\/2023\/05\/BrychtaJan_5001_kolo_20230518_102907_DSC_9466-1024x681.jpg 1024w, https:\/\/www.czechcyclingfederation.com\/wp-content\/uploads\/2023\/05\/BrychtaJan_5001_kolo_20230518_102907_DSC_9466-300x200.jpg 300w, https:\/\/www.czechcyclingfederation.com\/wp-content\/uploads\/2023\/05\/BrychtaJan_5001_kolo_20230518_102907_DSC_9466-768x511.jpg 768w, https:\/\/www.czechcyclingfederation.com\/wp-content\/uploads\/2023\/05\/BrychtaJan_5001_kolo_20230518_102907_DSC_9466-1536x1022.jpg 1536w, https:\/\/www.czechcyclingfederation.com\/wp-content\/uploads\/2023\/05\/BrychtaJan_5001_kolo_20230518_102907_DSC_9466-1320x878.jpg 1320w, https:\/\/www.czechcyclingfederation.com\/wp-content\/uploads\/2023\/05\/BrychtaJan_5001_kolo_20230518_102907_DSC_9466.jpg 2000w\" sizes=\"auto, (max-width: 1024px) 100vw, 1024px\" \/><\/figure>\n\n\n\n<figure class=\"wp-block-image size-large\"><img loading=\"lazy\" decoding=\"async\" width=\"1024\" height=\"681\" src=\"https:\/\/www.czechcyclingfederation.com\/wp-content\/uploads\/2023\/05\/BrychtaJan_5001_kolo_20230518_163946_DSC_0672-1024x681.jpg\" alt=\"\" class=\"wp-image-25223\" srcset=\"https:\/\/www.czechcyclingfederation.com\/wp-content\/uploads\/2023\/05\/BrychtaJan_5001_kolo_20230518_163946_DSC_0672-1024x681.jpg 1024w, https:\/\/www.czechcyclingfederation.com\/wp-content\/uploads\/2023\/05\/BrychtaJan_5001_kolo_20230518_163946_DSC_0672-300x200.jpg 300w, https:\/\/www.czechcyclingfederation.com\/wp-content\/uploads\/2023\/05\/BrychtaJan_5001_kolo_20230518_163946_DSC_0672-768x511.jpg 768w, https:\/\/www.czechcyclingfederation.com\/wp-content\/uploads\/2023\/05\/BrychtaJan_5001_kolo_20230518_163946_DSC_0672-1536x1022.jpg 1536w, https:\/\/www.czechcyclingfederation.com\/wp-content\/uploads\/2023\/05\/BrychtaJan_5001_kolo_20230518_163946_DSC_0672-1320x878.jpg 1320w, https:\/\/www.czechcyclingfederation.com\/wp-content\/uploads\/2023\/05\/BrychtaJan_5001_kolo_20230518_163946_DSC_0672.jpg 2000w\" sizes=\"auto, (max-width: 1024px) 100vw, 1024px\" \/><\/figure>\n","protected":false},"excerpt":{"rendered":"<p>Polsk\u00fd jezdec Filip Prokopyszyn z t\u00fdmu TUFO Pardus Prost\u011bjov ovl\u00e1dl leto\u0161n\u00ed ro\u010dn\u00edk mezin\u00e1rodn\u00edch dr\u00e1hov\u00fdch z\u00e1vod\u016f 500+1 kolo na velodromu v\u00a0Brn\u011b. Podnik byl z\u00e1rove\u0148 t\u0159et\u00edm podnikem \u0160koda Cupu &#8211; \u010cesk\u00e9ho poh\u00e1ru a nejlep\u0161\u00ed z\u00a0na\u0161ich jezdc\u016f bal Adam K\u0159enek z\u00a0TJ Favorit Brno na t\u0159et\u00edm m\u00edst\u011b. Prokopyszyn &nbsp;byl nejlep\u0161\u00edve druh\u00e9 a \u010dtvrt\u00e9 etap\u011b, ale do z\u00e1v\u011bre\u010dn\u00e9ho dnu nastupoval [&hellip;]<\/p>\n","protected":false},"author":8,"featured_media":25219,"comment_status":"closed","ping_status":"open","sticky":false,"template":"","format":"standard","meta":{"footnotes":""},"categories":[54,2],"tags":[9],"class_list":["post-25218","post","type-post","status-publish","format-standard","has-post-thumbnail","hentry","category-draha","category-novinky","tag-draha"],"_links":{"self":[{"href":"https:\/\/www.czechcyclingfederation.com\/en\/wp-json\/wp\/v2\/posts\/25218","targetHints":{"allow":["GET"]}}],"collection":[{"href":"https:\/\/www.czechcyclingfederation.com\/en\/wp-json\/wp\/v2\/posts"}],"about":[{"href":"https:\/\/www.czechcyclingfederation.com\/en\/wp-json\/wp\/v2\/types\/post"}],"author":[{"embeddable":true,"href":"https:\/\/www.czechcyclingfederation.com\/en\/wp-json\/wp\/v2\/users\/8"}],"replies":[{"embeddable":true,"href":"https:\/\/www.czechcyclingfederation.com\/en\/wp-json\/wp\/v2\/comments?post=25218"}],"version-history":[{"count":1,"href":"https:\/\/www.czechcyclingfederation.com\/en\/wp-json\/wp\/v2\/posts\/25218\/revisions"}],"predecessor-version":[{"id":25225,"href":"https:\/\/www.czechcyclingfederation.com\/en\/wp-json\/wp\/v2\/posts\/25218\/revisions\/25225"}],"wp:featuredmedia":[{"embeddable":true,"href":"https:\/\/www.czechcyclingfederation.com\/en\/wp-json\/wp\/v2\/media\/25219"}],"wp:attachment":[{"href":"https:\/\/www.czechcyclingfederation.com\/en\/wp-json\/wp\/v2\/media?parent=25218"}],"wp:term":[{"taxonomy":"category","embeddable":true,"href":"https:\/\/www.czechcyclingfederation.com\/en\/wp-json\/wp\/v2\/categories?post=25218"},{"taxonomy":"post_tag","embeddable":true,"href":"https:\/\/www.czechcyclingfederation.com\/en\/wp-json\/wp\/v2\/tags?post=25218"}],"curies":[{"name":"wp","href":"https:\/\/api.w.org\/{rel}","templated":true}]}}