{"id":25180,"date":"2023-05-15T20:25:31","date_gmt":"2023-05-15T18:25:31","guid":{"rendered":"https:\/\/www.czechcyclingfederation.com\/?p=25180"},"modified":"2023-05-15T20:25:34","modified_gmt":"2023-05-15T18:25:34","slug":"tym-att-investments-zvladl-madarskou-misi-na-jednicku","status":"publish","type":"post","link":"https:\/\/www.czechcyclingfederation.com\/en\/tym-att-investments-zvladl-madarskou-misi-na-jednicku\/","title":{"rendered":"T\u00fdm ATT Investments zvl\u00e1dl ma\u010farskou misi na jedni\u010dku"},"content":{"rendered":"\n<p>Kontinent\u00e1ln\u00ed t\u00fdm ATT Investments se p\u0159i z\u00e1vod\u011b Kolem Ma\u010farska v konkurenci dev\u00edti t\u00fdm\u016f z WorldTour a stejn\u00e9ho po\u010dtu st\u00e1j\u00ed z&nbsp;druh\u00e9 divize skv\u011ble zviditelnil.<\/p>\n\n\n\n<p>Mat\u00fa\u0161 \u0160to\u010dek z\u00edskal po \u00favodn\u00ed etap\u011b vrcha\u0159sk\u00fd dres, ten n\u00e1sledn\u011b vym\u011bnil za dres nejlep\u0161\u00edho v bodovac\u00ed sout\u011b\u017ei, kter\u00fd udr\u017eel a\u017e do konce z\u00e1vodu. V jedn\u00e9 ze dvou profilov\u011b nejt\u011b\u017e\u0161\u00edch etap se M\u00e1rton Dina posunul na pr\u016fb\u011b\u017en\u00e9 osm\u00e9 m\u00edsto v celkov\u00e9 klasifikaci, z\u00edskal p\u0159itom b\u00edl\u00fd dres nejlep\u0161\u00edho dom\u00e1c\u00edho z\u00e1vodn\u00edka a ten mu z\u016fstal i po skon\u010den\u00ed z\u00e1vodu. V konkurenci dvaadvaceti t\u00fdm\u016f za sebou cyklist\u00e9 ATT Investments, kte\u0159\u00ed skon\u010dili na \u010dtvrt\u00e9m m\u00edst\u011b, nechali hned osm t\u00fdm\u016f nejvy\u0161\u0161\u00ed sv\u011btov\u00e9 divize!<\/p>\n\n\n\n<p>V Ma\u010farsku \u0161lo pro ATT Investments o jeden z nejpresti\u017en\u011bj\u0161\u00edch z\u00e1vod\u016f cel\u00e9 sez\u00f3ny, proto\u017ee to je jedin\u00fd z\u00e1vod z kategorie ProTours, kter\u00e9ho by se m\u011bl z\u00fa\u010dastnit.<\/p>\n\n\n\n<p>Kategorii odpov\u00eddala konkurence. Sv\u00e9 sestavy sem poslaly i t\u00fdmy z naprost\u00e9 sv\u011btov\u00e9 \u0161pi\u010dky jako UAE Team Emirates, INEOS Grenadiers, Soudal-Quick Step, Bora-hansgrohe \u010di Bahrain Victorious. V jejich \u0159ad\u00e1ch bylo mo\u017eno vysledovat \u0161pi\u010dkov\u00e9 jezdce, jak\u00fdmi jsou Egan Bernal, Fabio Jakobsen, Sam Bennett, Dylan Groenewegen nebo Marc Hirschi.<\/p>\n\n\n\n<p>Sestava \u0161pi\u010dkov\u00fdch sv\u011btov\u00fdch sprinter\u016f tu byla hlavn\u011b proto, \u017ee t\u0159i z p\u011bti etap m\u011bly potenci\u00e1l skon\u010dit hromadnou koncovkou. O kone\u010dn\u00e9m po\u0159ad\u00ed v sout\u011b\u017ei jednotlivc\u016f ale m\u011bly rozhodnout dv\u011b etapy profilov\u011b n\u00e1ro\u010dn\u00e9, kter\u00e9 ob\u011b kon\u010dily na kopci. Celkov\u00e9 v\u00edt\u011bzstv\u00ed nakonec vybojoval \u0160v\u00fdcar Hirschi z&nbsp;UAE.<\/p>\n\n\n\n<p>V \u00favodn\u00ed rovinat\u00e9 etap\u011b se dostal do \u00faniku Mat\u00fa\u0161 \u0160to\u010dek a vyt\u011b\u017eil z toho \u010derven\u00fd dres nejlep\u0161\u00edho vrcha\u0159e. V souboji dobr\u00e9 dvac\u00edtky \u0161pi\u010dkov\u00fdch sprinter\u016f se Pavel Kelemen prosadil na 11. m\u00edsto.<\/p>\n\n\n\n<p>V druh\u00e9 etap\u011b zastoupil Mat\u00fa\u0161e v \u00faniku Daniel Turek a m\u011bl v\u00fdznamn\u00fd pod\u00edl na tom, \u017ee i po t\u00e9to etap\u011b pat\u0159il slovensk\u00e9mu cyklistovi \u010derven\u00fd dres. Do sprintersk\u00e9ho souboje tentokr\u00e1t Pavel Kelemen nezas\u00e1hl, proto\u017ee se citeln\u011b potloukl v p\u00e1du, v kter\u00e9m se ocitl nezavin\u011bn\u011b.<\/p>\n\n\n\n<p>I v t\u0159et\u00ed etap\u011b byl k vid\u011bn\u00ed v denn\u00edm \u00faniku dres ATT Investments. Znovu to byl Mat\u00fa\u0161 \u0160to\u010dek, kter\u00fd se do n\u011bj dostal aktivn\u00ed j\u00edzdou, a po jej\u00edm skon\u010den\u00ed vym\u011bnil \u010derven\u00fd dres za zelen\u00fd nejlep\u0161\u00edho v bodovac\u00ed sout\u011b\u017ei. M\u00e1rton Dina ve strm\u00e9m dojezdu obsadil 10. m\u00edsto a v pr\u016fb\u011b\u017en\u00e9m po\u0159ad\u00ed se posunul na 8. m\u00edsto. T\u00edm z\u00edskal i b\u00edl\u00fd dres nejlep\u0161\u00edho ma\u010farsk\u00e9ho z\u00e1vodn\u00edka. Webov\u00e9 str\u00e1nky z\u00e1vodu to ozna\u010dily za nejv\u011bt\u0161\u00ed senzaci dne.<\/p>\n\n\n\n<figure class=\"wp-block-image size-full\"><img loading=\"lazy\" decoding=\"async\" width=\"1024\" height=\"682\" src=\"https:\/\/www.czechcyclingfederation.com\/wp-content\/uploads\/2023\/05\/madar.jpg\" alt=\"\" class=\"wp-image-25184\" srcset=\"https:\/\/www.czechcyclingfederation.com\/wp-content\/uploads\/2023\/05\/madar.jpg 1024w, https:\/\/www.czechcyclingfederation.com\/wp-content\/uploads\/2023\/05\/madar-300x200.jpg 300w, https:\/\/www.czechcyclingfederation.com\/wp-content\/uploads\/2023\/05\/madar-768x512.jpg 768w\" sizes=\"auto, (max-width: 1024px) 100vw, 1024px\" \/><\/figure>\n\n\n\n<p>Ve \u010dtvrt\u00e9, takt\u00e9\u017e profilov\u011b velmi n\u00e1ro\u010dn\u00e9 etap\u011b, sice M\u00e1rton Dina klesl na 17. m\u00edsto, ale b\u00edl\u00fd dres udr\u017eel a zaslou\u017eil se o to, \u017ee v sou\u010dtu t\u0159\u00ed nejlep\u0161\u00edch z\u00e1vodn\u00edk\u016f uh\u00e1jil ATT Investments 4. m\u00edsto v t\u00fdmov\u00e9 sout\u011b\u017ei. Mat\u00fa\u0161 \u0160to\u010dek i nad\u00e1le vedl bodovac\u00ed sout\u011b\u017e.<\/p>\n\n\n\n<p>V\u0161e m\u011blo vyvrcholit rovinatou etapou v Budape\u0161ti, ale pov\u011btrnostn\u00ed podm\u00ednky vedly organiz\u00e1tory i t\u00fdmy k dohod\u011b, \u017ee riziko p\u00e1d\u016f je tak enormn\u00ed, \u017ee bude nejlep\u0161\u00edm \u0159e\u0161en\u00edm etapu neutralizovat a jako kone\u010dn\u00e9 v\u00fdsledky vyhl\u00e1sit ty po \u010dtvrt\u00e9 etap\u011b.<\/p>\n\n\n\n<p>\u010cesk\u00fd kontinent\u00e1ln\u00ed t\u00fdm p\u0159ijel do Ma\u010farska s c\u00edlem b\u00fdt vid\u011bt aktivn\u00edm pojet\u00edm z\u00e1vod\u011bn\u00ed, pokusit se z\u00edskat n\u011bjak\u00e9 d\u00edl\u010d\u00ed \u00fasp\u011bchy na pr\u00e9mi\u00edch \u010di v d\u00edl\u010d\u00edch sout\u011b\u017e\u00edch a jako vrchol pokusit se dostat sv\u00e9ho z\u00e1vodn\u00edka do prvn\u00ed des\u00edtky kone\u010dn\u00e9ho po\u0159ad\u00ed.<\/p>\n\n\n\n<figure class=\"wp-block-image size-full\"><img loading=\"lazy\" decoding=\"async\" width=\"1000\" height=\"667\" src=\"https:\/\/www.czechcyclingfederation.com\/wp-content\/uploads\/2023\/05\/att.jpg\" alt=\"\" class=\"wp-image-25186\" srcset=\"https:\/\/www.czechcyclingfederation.com\/wp-content\/uploads\/2023\/05\/att.jpg 1000w, https:\/\/www.czechcyclingfederation.com\/wp-content\/uploads\/2023\/05\/att-300x200.jpg 300w, https:\/\/www.czechcyclingfederation.com\/wp-content\/uploads\/2023\/05\/att-768x512.jpg 768w\" sizes=\"auto, (max-width: 1000px) 100vw, 1000px\" \/><\/figure>\n\n\n\n<p>Nejsm\u011blej\u0161\u00ed c\u00edl se sice v kone\u010dn\u00e9m \u00fa\u010dtov\u00e1n\u00ed splnit nepoda\u0159ilo, ale v napln\u011bn\u00ed ostatn\u00edch c\u00edl\u016f byli cyklist\u00e9 ATT Investments, jejich\u017e sestavu tvo\u0159ili je\u0161t\u011b Jakub Otruba a Ji\u0159\u00ed Petru\u0161, \u00fasp\u011b\u0161n\u011bj\u0161\u00ed, ne\u017e si bylo mo\u017eno p\u0159ed z\u00e1vodem v\u016fbec p\u0159edstavit. Za svou aktivitu a dosa\u017een\u00e9 v\u00fdsledky byli odm\u011bn\u011bni 11 UCI body. \u201eV\u00fdkon a v\u00fdsledky, kter\u00fdch jsme dos\u00e1hli, jsou vysoko nad o\u010dek\u00e1v\u00e1n\u00edm. Pokud se v\u00e1m poda\u0159\u00ed dr\u017eet po cel\u00fd z\u00e1vod n\u011bkter\u00fd z dres\u016f doprovodn\u00fdch sout\u011b\u017e\u00ed, b\u00fdt t\u0159i dny v \u00faniku \u2013 a to jsme mohli b\u00fdt i po\u010dtvrt\u00e9, kdyby nezafungovala hierarchie t\u00fdm\u016f \u2013 tak to u\u017e nen\u00ed n\u00e1hoda, to je o v\u00fdkonnosti a schopnostech. Samoz\u0159ejm\u011b \u0161koda, \u017ee se M\u00e1rton v p\u0159edposledn\u00ed etap\u011b neudr\u017eel s nejlep\u0161\u00edmi, ale konkurence tu byla obrovsk\u00e1 a pro n\u011bj to z\u00e1rove\u0148 je velk\u00e9 povzbuzen\u00ed a v\u00fdzva do dal\u0161\u00edch v\u00fdznamn\u00fdch etapov\u00fdch z\u00e1vod\u016f, na kter\u00e9 se chyst\u00e1me. Kluci odvedli skv\u011blou pr\u00e1ci a za m\u011b naprost\u00e1 spokojenost,\u201c \u0159ekl majitel a mana\u017eer t\u00fdmu Radim Kijevsk\u00fd.\u00a0\u00a0\u00a0\u00a0<\/p>\n\n\n\n<p>\u00a0\u00a0\u00a0\u00a0\u00a0\u00a0\u00a0\u00a0\u00a0\u00a0\u00a0\u00a0\u00a0\u00a0\u00a0\u00a0<\/p>\n","protected":false},"excerpt":{"rendered":"<p>Kontinent\u00e1ln\u00ed t\u00fdm ATT Investments se p\u0159i z\u00e1vod\u011b Kolem Ma\u010farska v konkurenci dev\u00edti t\u00fdm\u016f z WorldTour a stejn\u00e9ho po\u010dtu st\u00e1j\u00ed z&nbsp;druh\u00e9 divize skv\u011ble zviditelnil. Mat\u00fa\u0161 \u0160to\u010dek z\u00edskal po \u00favodn\u00ed etap\u011b vrcha\u0159sk\u00fd dres, ten n\u00e1sledn\u011b vym\u011bnil za dres nejlep\u0161\u00edho v bodovac\u00ed sout\u011b\u017ei, kter\u00fd udr\u017eel a\u017e do konce z\u00e1vodu. V jedn\u00e9 ze dvou profilov\u011b nejt\u011b\u017e\u0161\u00edch etap se M\u00e1rton [&hellip;]<\/p>\n","protected":false},"author":15,"featured_media":25181,"comment_status":"closed","ping_status":"open","sticky":false,"template":"","format":"standard","meta":{"footnotes":""},"categories":[2,18],"tags":[11],"class_list":["post-25180","post","type-post","status-publish","format-standard","has-post-thumbnail","hentry","category-novinky","category-silnice","tag-silnice"],"_links":{"self":[{"href":"https:\/\/www.czechcyclingfederation.com\/en\/wp-json\/wp\/v2\/posts\/25180","targetHints":{"allow":["GET"]}}],"collection":[{"href":"https:\/\/www.czechcyclingfederation.com\/en\/wp-json\/wp\/v2\/posts"}],"about":[{"href":"https:\/\/www.czechcyclingfederation.com\/en\/wp-json\/wp\/v2\/types\/post"}],"author":[{"embeddable":true,"href":"https:\/\/www.czechcyclingfederation.com\/en\/wp-json\/wp\/v2\/users\/15"}],"replies":[{"embeddable":true,"href":"https:\/\/www.czechcyclingfederation.com\/en\/wp-json\/wp\/v2\/comments?post=25180"}],"version-history":[{"count":3,"href":"https:\/\/www.czechcyclingfederation.com\/en\/wp-json\/wp\/v2\/posts\/25180\/revisions"}],"predecessor-version":[{"id":25189,"href":"https:\/\/www.czechcyclingfederation.com\/en\/wp-json\/wp\/v2\/posts\/25180\/revisions\/25189"}],"wp:featuredmedia":[{"embeddable":true,"href":"https:\/\/www.czechcyclingfederation.com\/en\/wp-json\/wp\/v2\/media\/25181"}],"wp:attachment":[{"href":"https:\/\/www.czechcyclingfederation.com\/en\/wp-json\/wp\/v2\/media?parent=25180"}],"wp:term":[{"taxonomy":"category","embeddable":true,"href":"https:\/\/www.czechcyclingfederation.com\/en\/wp-json\/wp\/v2\/categories?post=25180"},{"taxonomy":"post_tag","embeddable":true,"href":"https:\/\/www.czechcyclingfederation.com\/en\/wp-json\/wp\/v2\/tags?post=25180"}],"curies":[{"name":"wp","href":"https:\/\/api.w.org\/{rel}","templated":true}]}}