{"id":25138,"date":"2023-05-14T18:59:41","date_gmt":"2023-05-14T16:59:41","guid":{"rendered":"https:\/\/www.czechcyclingfederation.com\/?p=25138"},"modified":"2023-05-14T18:59:42","modified_gmt":"2023-05-14T16:59:42","slug":"boros-vyhral-skoda-cup-v-kyjove","status":"publish","type":"post","link":"https:\/\/www.czechcyclingfederation.com\/en\/boros-vyhral-skoda-cup-v-kyjove\/","title":{"rendered":"Boro\u0161 vyhr\u00e1l \u0160KODA Cup v Kyjov\u011b"},"content":{"rendered":"\n<p>\u010ctvrt\u00fd d\u00edl seri\u00e1lu \u0160KODA Cup &#8211; Kyjovsk\u00e9 Slov\u00e1cko vyhr\u00e1l dnes za celodenn\u00edho vytrval\u00e9ho de\u0161t\u011b Michael Boro\u0161 z t\u00fdmu Elkov Kasper, kter\u00fd p\u0159ijel do c\u00edle v\u00a0Kyjov\u011b spole\u010dn\u011b se sv\u00fdm t\u00fdmov\u00fdm kolegou Mat\u011bjem Zah\u00e1lkou. V pr\u016fb\u011b\u017en\u00e9m hodnocen\u00ed seri\u00e1lu je po\u0159ad\u00ed opa\u010dn\u00e9.<\/p>\n\n\n\n<p>Na startu dnes chyb\u011bla v\u011bt\u0161ina jezdc\u016f celku ATT Investmens, kte\u0159\u00ed startuj\u00ed v Ma\u010farsku, a tak m\u011bli roli jezdci na\u0161\u00ed nejlep\u0161\u00ed st\u00e1le Elkov Kapser uleh\u010denou. Na 98 startuj\u00edc\u00edch \u010dekal okruh o d\u00e9lce 13,6 km, kter\u00fd absolvovali dvan\u00e1ctkr\u00e1t, tedy dohromady 164 kilometr\u016f s celkov\u00fdm p\u0159ev\u00fd\u0161en\u00edm p\u0159es 1800 metr\u016f.<\/p>\n\n\n\n<p>Hned v prvn\u00edm kole ujela p\u011btice jezdc\u016f ve slo\u017een\u00ed Antoni Olszar, Partyk Dabsky (oba Pol.), Franti\u0161ek Vinkl\u00e1rek (TUFO Pardus Prost\u011bjov), Slov\u00e1k Andrej L\u00ed\u0161ka a Jan Da\u0148ko (SportRaces Cycling Team), kter\u00fd v\u0161ak rychle odpadl.<\/p>\n\n\n\n<p>Kvartet si vypracoval nejv\u011bt\u0161\u00ed n\u00e1skok minutu a p\u016fl, ale z\u00e1vodn\u00edci Elkov Kasper v\u0161e kontrolovali a ve \u010dtvrt\u00e9m kole bylo hlavn\u00ed pole pohromad\u011b. V sedm\u00e9m kole se vep\u0159edu vytvo\u0159ila dvaceti\u010dlenn\u00e1 skupina v n\u00ed\u017e m\u011bl Elkov Kasper sedmi\u010dlenn\u00e9 zastoupen\u00ed a po dvou t\u0159etin\u00e1ch z\u00e1vodu m\u011bla p\u0159ed zbytkem pole ji\u017e t\u0159\u00edminutov\u00fd n\u00e1skok.<\/p>\n\n\n\n<p>V dal\u0161\u00edm okruhu se skupina zredukovala na dvan\u00e1ctku jezdc\u016f z nich\u017e polovina byla v barv\u00e1ch Elkov Kasper a to nejpodstatn\u011bj\u0161\u00ed se odehr\u00e1lo v jeden\u00e1ct\u00e9m kole. Dvacet kilometr\u016f p\u0159ed c\u00edlem za to vzali Boro\u0161 se Zah\u00e1lkou a na \u010dele se osamostatnili. Za nimi do z\u00e1v\u011bre\u010dn\u00e9ho kola vj\u00ed\u017ed\u011bla s minutovou ztr\u00e1tou \u0161estice jezdc\u016f a zbyl\u00fd kvartet byl o dal\u0161\u00ed minutu zp\u011bt. Dvojice projela c\u00edlem nik\u00fdm neohro\u017eov\u00e1na a ani nespurtovala, v\u00edt\u011bz minul\u00e9ho z\u00e1vodu Zah\u00e1lka nechal tentokr\u00e1t slavit Boro\u0161e. Druhou skupinu p\u0159ivedl do c\u00edle \u0160imon Van\u00ed\u010dek (\u010cEZ Cyklo Team T\u00e1bor), nejlep\u0161\u00edm jezdcem kategorie U23 byl \u0161est\u00fd Tom\u00e1\u0161 Obdr\u017e\u00e1lek (Elkov Kasper).&nbsp;<\/p>\n\n\n\n<p>&#8220;T\u00fdmov\u011b to klaplo, m\u016f\u017eeme b\u00fdt spokojeni. V za\u010d\u00e1tku odjela skupina, ale kluci v\u0161e kontrolovali. Pak se zrychlilo a za\u010dalo se to d\u011blit. Ve fin\u00e1le to zkou\u0161el skoro ka\u017ed\u00fd od n\u00e1s z t\u00fdmu a vy\u0161lo to na n\u00e1s dva a Mat\u011bjem,&#8221; \u0159\u00edkal v c\u00edli spokojen\u00fd Michael Boro\u0161.<\/p>\n\n\n\n<p>V\u00fdsledky:<\/p>\n\n\n\n<p>1. Boro\u0161 4:01:40, 2. Zah\u00e1lka (oba Elkov Kasper) stejn\u00fd \u010das, 3. \u0160imon Van\u00ed\u010dek (\u010cEZ Cyklo Team T\u00e1bor) +1:20, 4. Neuman (Elkov Kasper) +1:24, 5. Voltr (RRK group &#8211; PierreBaguette &#8211; Benzinol) +1:27, 6. Tom\u00e1\u0161 Obdr\u017e\u00e1lek (Elkov Kasper) +1:28.<\/p>\n\n\n\n<p>Po\u0159ad\u00ed po \u010dty\u0159ech z\u00e1vodech:<\/p>\n\n\n\n<p>1. Zah\u00e1lka 150, 2. Boro\u0161 130, 3. Neuman 119, 4. Ka\u0161par (ATT Investments) 82, 5. Van\u00ed\u010dek (\u010cEZ Cyklo Team T\u00e1bor) 81, 6. P\u0159idal (Elkov Kasper) 66.<\/p>\n\n\n\n<p>Kategorie U23:<\/p>\n\n\n\n<p>1. P\u0159idal 66, 2. Obdr\u017e\u00e1lek 53, 3. Camrda (ATT Investments) 36.<\/p>\n\n\n\n<p>Nejlep\u0161\u00ed nov\u00e1\u010dek:<\/p>\n\n\n\n<p>1.P\u0159idal 66, 2. Mr\u00e1z (Elkov Kasper) 17, 3. Kadlec (reprezentace \u010cR U23) 13.&nbsp;&nbsp;&nbsp;&nbsp;&nbsp;<\/p>\n\n\n\n<p>FOTO Jan Brychta<\/p>\n\n\n\n<figure class=\"wp-block-image size-large\"><img loading=\"lazy\" decoding=\"async\" width=\"1024\" height=\"684\" src=\"http:\/\/www.czechcyclingfederation.com\/wp-content\/uploads\/2023\/05\/Boros-Zahalka-2bf46218-f15e-4f80-8180-27b8e1777f04-1024x684.jpg\" alt=\"\" class=\"wp-image-25139\" srcset=\"https:\/\/www.czechcyclingfederation.com\/wp-content\/uploads\/2023\/05\/Boros-Zahalka-2bf46218-f15e-4f80-8180-27b8e1777f04-1024x684.jpg 1024w, https:\/\/www.czechcyclingfederation.com\/wp-content\/uploads\/2023\/05\/Boros-Zahalka-2bf46218-f15e-4f80-8180-27b8e1777f04-300x200.jpg 300w, https:\/\/www.czechcyclingfederation.com\/wp-content\/uploads\/2023\/05\/Boros-Zahalka-2bf46218-f15e-4f80-8180-27b8e1777f04-768x513.jpg 768w, https:\/\/www.czechcyclingfederation.com\/wp-content\/uploads\/2023\/05\/Boros-Zahalka-2bf46218-f15e-4f80-8180-27b8e1777f04-1320x881.jpg 1320w, https:\/\/www.czechcyclingfederation.com\/wp-content\/uploads\/2023\/05\/Boros-Zahalka-2bf46218-f15e-4f80-8180-27b8e1777f04.jpg 1504w\" sizes=\"auto, (max-width: 1024px) 100vw, 1024px\" \/><\/figure>\n","protected":false},"excerpt":{"rendered":"<p>\u010ctvrt\u00fd d\u00edl seri\u00e1lu \u0160KODA Cup &#8211; Kyjovsk\u00e9 Slov\u00e1cko vyhr\u00e1l dnes za celodenn\u00edho vytrval\u00e9ho de\u0161t\u011b Michael Boro\u0161 z t\u00fdmu Elkov Kasper, kter\u00fd p\u0159ijel do c\u00edle v\u00a0Kyjov\u011b spole\u010dn\u011b se sv\u00fdm t\u00fdmov\u00fdm kolegou Mat\u011bjem Zah\u00e1lkou. V pr\u016fb\u011b\u017en\u00e9m hodnocen\u00ed seri\u00e1lu je po\u0159ad\u00ed opa\u010dn\u00e9. Na startu dnes chyb\u011bla v\u011bt\u0161ina jezdc\u016f celku ATT Investmens, kte\u0159\u00ed startuj\u00ed v Ma\u010farsku, a tak m\u011bli [&hellip;]<\/p>\n","protected":false},"author":8,"featured_media":25141,"comment_status":"closed","ping_status":"open","sticky":false,"template":"","format":"standard","meta":{"footnotes":""},"categories":[2,18],"tags":[11],"class_list":["post-25138","post","type-post","status-publish","format-standard","has-post-thumbnail","hentry","category-novinky","category-silnice","tag-silnice"],"_links":{"self":[{"href":"https:\/\/www.czechcyclingfederation.com\/en\/wp-json\/wp\/v2\/posts\/25138","targetHints":{"allow":["GET"]}}],"collection":[{"href":"https:\/\/www.czechcyclingfederation.com\/en\/wp-json\/wp\/v2\/posts"}],"about":[{"href":"https:\/\/www.czechcyclingfederation.com\/en\/wp-json\/wp\/v2\/types\/post"}],"author":[{"embeddable":true,"href":"https:\/\/www.czechcyclingfederation.com\/en\/wp-json\/wp\/v2\/users\/8"}],"replies":[{"embeddable":true,"href":"https:\/\/www.czechcyclingfederation.com\/en\/wp-json\/wp\/v2\/comments?post=25138"}],"version-history":[{"count":1,"href":"https:\/\/www.czechcyclingfederation.com\/en\/wp-json\/wp\/v2\/posts\/25138\/revisions"}],"predecessor-version":[{"id":25143,"href":"https:\/\/www.czechcyclingfederation.com\/en\/wp-json\/wp\/v2\/posts\/25138\/revisions\/25143"}],"wp:featuredmedia":[{"embeddable":true,"href":"https:\/\/www.czechcyclingfederation.com\/en\/wp-json\/wp\/v2\/media\/25141"}],"wp:attachment":[{"href":"https:\/\/www.czechcyclingfederation.com\/en\/wp-json\/wp\/v2\/media?parent=25138"}],"wp:term":[{"taxonomy":"category","embeddable":true,"href":"https:\/\/www.czechcyclingfederation.com\/en\/wp-json\/wp\/v2\/categories?post=25138"},{"taxonomy":"post_tag","embeddable":true,"href":"https:\/\/www.czechcyclingfederation.com\/en\/wp-json\/wp\/v2\/tags?post=25138"}],"curies":[{"name":"wp","href":"https:\/\/api.w.org\/{rel}","templated":true}]}}