{"id":25124,"date":"2023-05-14T14:34:04","date_gmt":"2023-05-14T12:34:04","guid":{"rendered":"https:\/\/www.czechcyclingfederation.com\/?p=25124"},"modified":"2023-05-14T18:55:10","modified_gmt":"2023-05-14T16:55:10","slug":"kvasnickova-deklasova-souperky-v-kyjove","status":"publish","type":"post","link":"https:\/\/www.czechcyclingfederation.com\/en\/kvasnickova-deklasova-souperky-v-kyjove\/","title":{"rendered":"Kvasni\u010dkov\u00e1 deklasova soupe\u0159ky v\u00a0Kyjov\u011b"},"content":{"rendered":"\n<p>Doslova v\u0161echny soupe\u0159ky deklasovala Eli\u0161ka Kvasni\u010dkov\u00e1 (SportRaces Cycling Team) v\u00a0dne\u0161n\u00edm d\u00edlu BRILON Cupu, kter\u00fd se jel pod n\u00e1zvem Kyjovsk\u00e9 Slov\u00e1cko. Po 86,2 kilometrech p\u0159ijela do\u00a0 c\u00edle\u00a0 n\u00e1skokem 7:26 p\u0159ed Krist\u00fdnou Zemanovou (Brilon Racing Team MB), t\u0159et\u00ed Barbora N\u011bmcov\u00e1 z\u00a0Dukly Praha ji\u017e m\u011bla ztr\u00e1tu 13:08.<\/p>\n\n\n\n<p>Naopak z\u00e1vod junior\u016f byl naprosto vyrovnan\u00fd a rozhodovalo se a\u017e ve spurtu vedouc\u00ed \u010dty\u0159iceti\u010dlenn\u00e9 skupiny. Z&nbsp;n\u00ed m\u011bl nejv\u00edce sil Luk\u00e1\u0161 Sedl\u00e1k (Force Fojt\u00edk Wilier Team), kter\u00e9ho na stupn\u00edch v\u00edt\u011bz\u016f doplnili Jan Bittner (Mapei Merida Ka\u0148kovsk\u00fd) a Robert Kobr (Roman Kreuziger Cycling Academy).<\/p>\n\n\n\n<p>Z\u00e1vod juniorek vyhr\u00e1la slovensk\u00e1 nad\u011bje Vikt\u00f3ria Chlado\u0148ov\u00e1, kter\u00e1 m\u011blla v&nbsp;c\u00edli n\u00e1skok t\u00e9m\u011b\u0159 dvou minut na dvojici Ad\u00e9la Pittnerov\u00e1 (Mapei Merida Ka\u0148kovsk\u00fd) a Iva Kova\u0159\u00edkov\u00e1 (\u00dasteck\u00e9 centrum cyklistiky).<\/p>\n\n\n\n<p>V\u00fdsledky:<\/p>\n\n\n\n<p>\u017deny:<\/p>\n\n\n\n<p>1. Kvasni\u010dkov\u00e1 (SportRaces Cycling Team) 2:00:49, 2. Krist. Zemanov\u00e1 (Brilon Racing Team MB) +7:26, 3. N\u011bmcov\u00e1 (Dukla Praha) +13:08, 4. Medve\u010fov\u00e1 (SR) +18:17, 5. Hartychov\u00e1 (Dukla Praha) +24:11, 6. Kat. Hlad\u00edkov\u00e1 (Brilon Racing Team MB) -1 kolo.<\/p>\n\n\n\n<p>Junio\u0159i:<\/p>\n\n\n\n<p>1. Sedl\u00e1k (Force Fojt\u00edk Wilier Team) 2:00:10, 2.Bittner (Mapei Merida Ka\u0148kovsk\u00fd), 3. Rob. Kobr (Roman Kreuziger Cycling Academy), 4. Rube\u0161 (EXPRES CZ &#8211; TUFO Team Kol\u00edn), 5. Hus\u00e1r (SR), 6. Samec (Rexonix KOVO Praha) v\u0161ichni stejn\u00fd \u010das.<\/p>\n\n\n\n<p>Juniorky:<\/p>\n\n\n\n<p>1. Chlado\u0148ov\u00e1 (SR) 1:45:43, 2. Pittnerov\u00e1 (Mapei Merida Ka\u0148kovsk\u00fd) +1:57, 3. Kova\u0159\u00edkov\u00e1 (\u00dasteck\u00e9 centrum cyklistiky), 4. Dubcov\u00e1 (Team Forman profiq Cinelli) ob\u011b +5:00, 5. Ungerov\u00e1 (SR) +5:03, 6. Nov\u00e1kov\u00e1 (Jaroslav Kulhavy Cycling Team) +5:09.<\/p>\n\n\n\n<p>Kadeti:<\/p>\n\n\n\n<p>1. P\u0159enosil (SportRaces Cycling Team) 1:45:23, 2. Tesa\u0159\u00edk (Mapei Merida Ka\u0148kovsk\u00fd), 3. Javor (SR) oba stejn\u00fd \u010das.<\/p>\n\n\n\n<p>Kadetky:<\/p>\n\n\n\n<p>1. Hezinov\u00e1 (SportRaces Cycling Team) 1:05:32, 2. Cermanov\u00e1 (CK P\u0159\u00edbram &#8211; Fany GASTRO) stejn\u00fd \u010das, 3. A Han\u00e1kov\u00e1 (Hanak Sisters Academy) +16.<\/p>\n","protected":false},"excerpt":{"rendered":"<p>Doslova v\u0161echny soupe\u0159ky deklasovala Eli\u0161ka Kvasni\u010dkov\u00e1 (SportRaces Cycling Team) v\u00a0dne\u0161n\u00edm d\u00edlu BRILON Cupu, kter\u00fd se jel pod n\u00e1zvem Kyjovsk\u00e9 Slov\u00e1cko. Po 86,2 kilometrech p\u0159ijela do\u00a0 c\u00edle\u00a0 n\u00e1skokem 7:26 p\u0159ed Krist\u00fdnou Zemanovou (Brilon Racing Team MB), t\u0159et\u00ed Barbora N\u011bmcov\u00e1 z\u00a0Dukly Praha ji\u017e m\u011bla ztr\u00e1tu 13:08. Naopak z\u00e1vod junior\u016f byl naprosto vyrovnan\u00fd a rozhodovalo se a\u017e ve [&hellip;]<\/p>\n","protected":false},"author":8,"featured_media":25128,"comment_status":"closed","ping_status":"open","sticky":false,"template":"","format":"standard","meta":{"footnotes":""},"categories":[2,18],"tags":[11],"class_list":["post-25124","post","type-post","status-publish","format-standard","has-post-thumbnail","hentry","category-novinky","category-silnice","tag-silnice"],"_links":{"self":[{"href":"https:\/\/www.czechcyclingfederation.com\/en\/wp-json\/wp\/v2\/posts\/25124","targetHints":{"allow":["GET"]}}],"collection":[{"href":"https:\/\/www.czechcyclingfederation.com\/en\/wp-json\/wp\/v2\/posts"}],"about":[{"href":"https:\/\/www.czechcyclingfederation.com\/en\/wp-json\/wp\/v2\/types\/post"}],"author":[{"embeddable":true,"href":"https:\/\/www.czechcyclingfederation.com\/en\/wp-json\/wp\/v2\/users\/8"}],"replies":[{"embeddable":true,"href":"https:\/\/www.czechcyclingfederation.com\/en\/wp-json\/wp\/v2\/comments?post=25124"}],"version-history":[{"count":4,"href":"https:\/\/www.czechcyclingfederation.com\/en\/wp-json\/wp\/v2\/posts\/25124\/revisions"}],"predecessor-version":[{"id":25137,"href":"https:\/\/www.czechcyclingfederation.com\/en\/wp-json\/wp\/v2\/posts\/25124\/revisions\/25137"}],"wp:featuredmedia":[{"embeddable":true,"href":"https:\/\/www.czechcyclingfederation.com\/en\/wp-json\/wp\/v2\/media\/25128"}],"wp:attachment":[{"href":"https:\/\/www.czechcyclingfederation.com\/en\/wp-json\/wp\/v2\/media?parent=25124"}],"wp:term":[{"taxonomy":"category","embeddable":true,"href":"https:\/\/www.czechcyclingfederation.com\/en\/wp-json\/wp\/v2\/categories?post=25124"},{"taxonomy":"post_tag","embeddable":true,"href":"https:\/\/www.czechcyclingfederation.com\/en\/wp-json\/wp\/v2\/tags?post=25124"}],"curies":[{"name":"wp","href":"https:\/\/api.w.org\/{rel}","templated":true}]}}