{"id":2508,"date":"2020-10-05T12:01:43","date_gmt":"2020-10-05T10:01:43","guid":{"rendered":"http:\/\/www.czechcyclingfederation.com\/?p=2508"},"modified":"2020-10-05T12:48:07","modified_gmt":"2020-10-05T10:48:07","slug":"cyklokros-v-hlinsku-s-mimoradnymi-opatrenimi","status":"publish","type":"post","link":"https:\/\/www.czechcyclingfederation.com\/en\/cyklokros-v-hlinsku-s-mimoradnymi-opatrenimi\/","title":{"rendered":"Cyklokros v Hlinsku s mimo\u0159\u00e1dn\u00fdmi opat\u0159en\u00edmi"},"content":{"rendered":"\n<p>S&nbsp;ohledem k vyhl\u00e1\u0161en\u00ed nouzov\u00e9ho stavu a mimo\u0159\u00e1dn\u00fdm opat\u0159en\u00edm proti \u0161\u00ed\u0159en\u00ed koronaviru schv\u00e1lila komise cyklokrosu na z\u00e1klad\u011b metodick\u00e9ho pokynu \u010cesk\u00e9ho svazu cyklistiky nov\u00fd rozpis Toi Toi Cupu 2020. Z\u00e1rove\u0148 provedla aktualizaci propozic pro t\u0159et\u00ed z\u00e1vod seri\u00e1lu, kter\u00fd je na programu 17. \u0159\u00edjna z\u00e1vod v Hlinsku.<\/p>\n\n\n\n<p>Z\u00e1vod v Hlinsku se uskute\u010dn\u00ed za mimo\u0159\u00e1dn\u00fdch bezpe\u010dnostn\u00edch opat\u0159en\u00ed. V prv\u00e9 \u0159ad\u011b mus\u00ed b\u00fdt dodr\u017eeno bezpodm\u00edne\u010dn\u011b vl\u00e1dn\u00ed na\u0159\u00edzen\u00ed o maxim\u00e1ln\u00edm po\u010dtu 130 osob na akci v jedn\u00e9 chv\u00edli. V&nbsp;praxi to znamen\u00e1 vy\u0161\u0161\u00ed n\u00e1roky na organiz\u00e1tory, kte\u0159\u00ed se s&nbsp;t\u00edm mus\u00ed vypo\u0159\u00e1dat.<\/p>\n\n\n\n<p>\u201eV\u011b\u0159\u00edme, \u017ee tato opat\u0159en\u00ed se dotknou jen z\u00e1vodu v&nbsp;Hlinsku, a \u017ee opat\u0159en\u00ed, kter\u00e1 vyhl\u00e1sila vl\u00e1da se projev\u00ed pozitivn\u011b a budou postupn\u011b rozvol\u0148ov\u00e1na. Samoz\u0159ejm\u011b budeme situaci sledovat a pru\u017en\u011b reagovat na p\u0159\u00edpadn\u00e9 zm\u011bny,\u201c \u0159ekl Petr Balogh, viceprezident \u010cSC a p\u0159edseda cyklokrosov\u00e9 komise.<\/p>\n\n\n\n<p>Z\u00e1sadn\u00ed body pro po\u0159\u00e1d\u00e1n\u00ed z\u00e1vodu v&nbsp;Hlinsku:<\/p>\n\n\n\n<p>1 &#8211; z\u00e1vod se kon\u00e1 bez p\u0159\u00edtomnosti div\u00e1k\u016f<\/p>\n\n\n\n<p>2 &#8211; p\u0159ihl\u00e1\u0161ky jsou mo\u017en\u00e9 pouze online, p\u0159ihl\u00e1\u0161en\u00ed na m\u00edst\u011b nen\u00ed mo\u017en\u00e9<\/p>\n\n\n\n<p>3 &#8211; platba startovn\u00e9ho na m\u00edst\u011b nen\u00ed mo\u017en\u00e1<\/p>\n\n\n\n<p>4 &#8211; v\u00fddej startovn\u00edch \u010d\u00edsel bude prob\u00edhat dle upraven\u00e9ho \u010dasov\u00e9ho harmonogramu tak, aby nedoch\u00e1zelo k hromad\u011bn\u00ed osob. P\u0159esn\u00e9 m\u00edsto v\u00fddeje \u010d\u00edsel bude up\u0159esn\u011bno.<\/p>\n\n\n\n<p>5 &nbsp;&#8211; \u010dasy start\u016f jednotliv\u00fdch kategori\u00ed byly upraveny tak, aby z\u00e1vody mohly prob\u00edhat po etap\u00e1ch, po ka\u017ed\u00e9m z\u00e1vod\u011b prob\u011bhne ihned vyhl\u00e1\u0161en\u00ed v\u00edt\u011bz\u016f a z\u00e1vodn\u00edci s doprovodem mus\u00ed pot\u00e9 opustit z\u00e1vodi\u0161t\u011b, aby mohl odstartovat dal\u0161\u00ed z\u00e1vod<\/p>\n\n\n\n<p>6 &#8211; vyhl\u00e1\u0161en\u00ed v\u00edt\u011bz\u016f bude prob\u00edhat ihned po skon\u010den\u00ed z\u00e1vodu bez p\u0159ed\u00e1vaj\u00edc\u00edch osob, ceny budou m\u00edt z\u00e1vodn\u00edci p\u0159ipraveny p\u0159ed stup\u00ednky, z\u00e1vodn\u00edci na stupn\u00edch v\u00edt\u011bz\u016f mus\u00ed m\u00edt ochranu nosu a \u00fast<\/p>\n\n\n\n<p>7 &#8211; maxim\u00e1ln\u00ed po\u010det osob v depu jsou 2 osoby za t\u00fdm<\/p>\n\n\n\n<p>8 &#8211; v are\u00e1lu z\u00e1vodi\u0161t\u011b jsou v\u0161ichni povinni nosit ochranu nosu a \u00fast, krom\u011b z\u00e1vodn\u00edk\u016f p\u0159i z\u00e1vod\u011b<\/p>\n\n\n\n<p>9 &#8211; bude zm\u011bn\u011bn syst\u00e9m parkov\u00e1n\u00ed v m\u00edst\u011b kon\u00e1n\u00ed, podrobnosti budou zve\u0159ejn\u011bny pozd\u011bji<\/p>\n\n\n<div class=\"wp-block-file\">\r\n                <a target=\"_blank\" rel=\"noopener\" href=\"https:\/\/www.czechcyclingfederation.com\/wp-content\/uploads\/2020\/10\/Rozpis_TOI_TOI_CUP_2020_cyklokros_N7R7.pdf\" class=\"wp-block-file__button wp-element-button\">\r\n                    <span class=\"wp-block-file__icon\"><\/span>\r\n                    Rozpis_TOI_TOI_CUP_2020_cyklokros_N7R7\r\n                <\/a>\r\n            <\/div>\n\n<div class=\"wp-block-file\">\r\n                <a target=\"_blank\" rel=\"noopener\" href=\"https:\/\/www.czechcyclingfederation.com\/wp-content\/uploads\/2020\/10\/Metodick\u00fd-pokyn-pro-po\u0159adatele-cyklistick\u00fdch-z\u00e1vod\u016f-\u010cSC_05102020.pdf\" class=\"wp-block-file__button wp-element-button\">\r\n                    <span class=\"wp-block-file__icon\"><\/span>\r\n                    Metodick\u00fd-pokyn-pro-po\u0159adatele-cyklistick\u00fdch-z\u00e1vod\u016f-\u010cSC_05102020\r\n                <\/a>\r\n            <\/div>\n\n<div class=\"wp-block-file\">\r\n                <a target=\"_blank\" rel=\"noopener\" href=\"https:\/\/www.czechcyclingfederation.com\/wp-content\/uploads\/2020\/10\/2020_10_17_Hlinsko_PROPOZICE_V1.2.pdf\" class=\"wp-block-file__button wp-element-button\">\r\n                    <span class=\"wp-block-file__icon\"><\/span>\r\n                    2020_10_17_Hlinsko_PROPOZICE_V1.2\r\n                <\/a>\r\n            <\/div>","protected":false},"excerpt":{"rendered":"<p>S&nbsp;ohledem k vyhl\u00e1\u0161en\u00ed nouzov\u00e9ho stavu a mimo\u0159\u00e1dn\u00fdm opat\u0159en\u00edm proti \u0161\u00ed\u0159en\u00ed koronaviru schv\u00e1lila komise cyklokrosu na z\u00e1klad\u011b metodick\u00e9ho pokynu \u010cesk\u00e9ho svazu cyklistiky nov\u00fd rozpis Toi Toi Cupu 2020. Z\u00e1rove\u0148 provedla aktualizaci propozic pro t\u0159et\u00ed z\u00e1vod seri\u00e1lu, kter\u00fd je na programu 17. \u0159\u00edjna z\u00e1vod v Hlinsku. Z\u00e1vod v Hlinsku se uskute\u010dn\u00ed za mimo\u0159\u00e1dn\u00fdch bezpe\u010dnostn\u00edch opat\u0159en\u00ed. V prv\u00e9 [&hellip;]<\/p>\n","protected":false},"author":8,"featured_media":2509,"comment_status":"closed","ping_status":"open","sticky":false,"template":"","format":"standard","meta":{"footnotes":""},"categories":[58,2],"tags":[59],"class_list":["post-2508","post","type-post","status-publish","format-standard","has-post-thumbnail","hentry","category-cyklokros","category-novinky","tag-cyklokros"],"_links":{"self":[{"href":"https:\/\/www.czechcyclingfederation.com\/en\/wp-json\/wp\/v2\/posts\/2508","targetHints":{"allow":["GET"]}}],"collection":[{"href":"https:\/\/www.czechcyclingfederation.com\/en\/wp-json\/wp\/v2\/posts"}],"about":[{"href":"https:\/\/www.czechcyclingfederation.com\/en\/wp-json\/wp\/v2\/types\/post"}],"author":[{"embeddable":true,"href":"https:\/\/www.czechcyclingfederation.com\/en\/wp-json\/wp\/v2\/users\/8"}],"replies":[{"embeddable":true,"href":"https:\/\/www.czechcyclingfederation.com\/en\/wp-json\/wp\/v2\/comments?post=2508"}],"version-history":[{"count":2,"href":"https:\/\/www.czechcyclingfederation.com\/en\/wp-json\/wp\/v2\/posts\/2508\/revisions"}],"predecessor-version":[{"id":2514,"href":"https:\/\/www.czechcyclingfederation.com\/en\/wp-json\/wp\/v2\/posts\/2508\/revisions\/2514"}],"wp:featuredmedia":[{"embeddable":true,"href":"https:\/\/www.czechcyclingfederation.com\/en\/wp-json\/wp\/v2\/media\/2509"}],"wp:attachment":[{"href":"https:\/\/www.czechcyclingfederation.com\/en\/wp-json\/wp\/v2\/media?parent=2508"}],"wp:term":[{"taxonomy":"category","embeddable":true,"href":"https:\/\/www.czechcyclingfederation.com\/en\/wp-json\/wp\/v2\/categories?post=2508"},{"taxonomy":"post_tag","embeddable":true,"href":"https:\/\/www.czechcyclingfederation.com\/en\/wp-json\/wp\/v2\/tags?post=2508"}],"curies":[{"name":"wp","href":"https:\/\/api.w.org\/{rel}","templated":true}]}}