{"id":25067,"date":"2023-05-12T19:02:38","date_gmt":"2023-05-12T17:02:38","guid":{"rendered":"https:\/\/www.czechcyclingfederation.com\/?p=25067"},"modified":"2023-05-12T22:07:25","modified_gmt":"2023-05-12T20:07:25","slug":"vacek-druhy-v-etape-na-giro-ditalia","status":"publish","type":"post","link":"https:\/\/www.czechcyclingfederation.com\/en\/vacek-druhy-v-etape-na-giro-ditalia\/","title":{"rendered":"Karel Vacek druh\u00fd v etap\u011b na Giro d&#8217;Italia!\u00a0"},"content":{"rendered":"\n<p>\u010cesk\u00fd reprezentant Karel Vacek slav\u00ed \u017eivotn\u00ed \u00fasp\u011bch. V n\u00e1ro\u010dn\u00e9 7. etap\u011b Gira d&#8217;Italia dojel druh\u00fd!&nbsp;<\/p>\n\n\n\n<!--more-->\n\n\n\n<p>Dvaadvacetilet\u00fd Vacek se od po\u010d\u00e1tku 218 kilometr\u016f dlouh\u00e9 etapy, b\u011bhem kter\u00e9 museli z\u00e1vodn\u00edci nastoupat v\u00edce ne\u017e 4000 v\u00fd\u0161kov\u00fdch metr\u016f, dr\u017eel v \u00faniku. V n\u011bm jel spole\u010dn\u011b s dv\u011bma Italy Davidem Baisem a Simonem Pitillim. Vedouc\u00ed trojice si v pr\u016fb\u011bhu z\u00e1vodu vypracovala a\u017e dvan\u00e1ctiminutov\u00fd n\u00e1skok, nakonec v\u0161ak dojela do c\u00edle t\u0159i minuty p\u0159ed pelotonem.<\/p>\n\n\n\n<p>V z\u00e1v\u011bre\u010dn\u00e9m dlouh\u00e9m stoup\u00e1n\u00ed na n\u00e1horn\u00ed plo\u0161inu Campo Imperatore s velmi p\u0159\u00edkrou z\u00e1v\u011bre\u010dnou \u010d\u00e1st\u00ed se \u010desk\u00fd z\u00e1vodn\u00edk st\u00e1je Corratec p\u0159etahoval s ob\u011bma Italy. Nejv\u00edce sil m\u011bl ve fini\u0161i nakonec Bais a dojel si pro premi\u00e9rov\u00fd etapov\u00fd triumf na Grand Tour.<\/p>\n\n\n\n<p>V \u010dele hlavn\u00ed skupiny dorazil do c\u00edle favorit z\u00e1vodu Remco Evenepoel, kter\u00fd se oklepal ze dvou st\u0159ede\u010dn\u00edch p\u00e1d\u016f. V pr\u016fb\u011b\u017en\u00e9m po\u0159ad\u00ed z\u016fstal Belgi\u010dan druh\u00fd, veden\u00ed d\u00e1l dr\u017e\u00ed Nor Andreas Leknessund s odstupem 28 sekund.<\/p>\n\n\n\n<figure class=\"wp-block-embed is-type-rich is-provider-twitter wp-block-embed-twitter\"><div class=\"wp-block-embed__wrapper\">\n<blockquote class=\"twitter-tweet\" data-width=\"500\" data-dnt=\"true\"><p lang=\"it\" dir=\"ltr\">After working hard for over 200 km, the last one is the sweetest of all\ud83d\udd3b\ud83e\udd79<br><br>Dopo oltre 200km di fatica, l\u2019ultimo \u00e8 il pi\u00f9 dolce di tutti \ud83d\udd3b\ud83e\udd79<a href=\"https:\/\/twitter.com\/hashtag\/Giro?src=hash&amp;ref_src=twsrc%5Etfw\">#Giro<\/a> <a href=\"https:\/\/twitter.com\/hashtag\/GirodItalia?src=hash&amp;ref_src=twsrc%5Etfw\">#GirodItalia<\/a> <a href=\"https:\/\/twitter.com\/Expo2030Roma?ref_src=twsrc%5Etfw\">@Expo2030Roma<\/a> <a href=\"https:\/\/t.co\/g7t02wRLKI\">pic.twitter.com\/g7t02wRLKI<\/a><\/p>&mdash; Giro d&#39;Italia (@giroditalia) <a href=\"https:\/\/twitter.com\/giroditalia\/status\/1657055059128078337?ref_src=twsrc%5Etfw\">May 12, 2023<\/a><\/blockquote><script async src=\"https:\/\/platform.twitter.com\/widgets.js\" charset=\"utf-8\"><\/script>\n<\/div><\/figure>\n\n\n\n<p>FOTO: FB <a href=\"https:\/\/www.facebook.com\/giroditalia?__tn__=-UC*F\">Giro d&#8217;Italia<\/a><\/p>\n","protected":false},"excerpt":{"rendered":"<p>\u010cesk\u00fd reprezentant Karel Vacek slav\u00ed \u017eivotn\u00ed \u00fasp\u011bch. V n\u00e1ro\u010dn\u00e9 7. etap\u011b Gira d&#8217;Italia dojel druh\u00fd!&nbsp;<\/p>\n","protected":false},"author":1,"featured_media":25093,"comment_status":"closed","ping_status":"open","sticky":false,"template":"","format":"standard","meta":{"footnotes":""},"categories":[17,2,18],"tags":[11],"class_list":["post-25067","post","type-post","status-publish","format-standard","has-post-thumbnail","hentry","category-discipliny","category-novinky","category-silnice","tag-silnice"],"_links":{"self":[{"href":"https:\/\/www.czechcyclingfederation.com\/en\/wp-json\/wp\/v2\/posts\/25067","targetHints":{"allow":["GET"]}}],"collection":[{"href":"https:\/\/www.czechcyclingfederation.com\/en\/wp-json\/wp\/v2\/posts"}],"about":[{"href":"https:\/\/www.czechcyclingfederation.com\/en\/wp-json\/wp\/v2\/types\/post"}],"author":[{"embeddable":true,"href":"https:\/\/www.czechcyclingfederation.com\/en\/wp-json\/wp\/v2\/users\/1"}],"replies":[{"embeddable":true,"href":"https:\/\/www.czechcyclingfederation.com\/en\/wp-json\/wp\/v2\/comments?post=25067"}],"version-history":[{"count":8,"href":"https:\/\/www.czechcyclingfederation.com\/en\/wp-json\/wp\/v2\/posts\/25067\/revisions"}],"predecessor-version":[{"id":25097,"href":"https:\/\/www.czechcyclingfederation.com\/en\/wp-json\/wp\/v2\/posts\/25067\/revisions\/25097"}],"wp:featuredmedia":[{"embeddable":true,"href":"https:\/\/www.czechcyclingfederation.com\/en\/wp-json\/wp\/v2\/media\/25093"}],"wp:attachment":[{"href":"https:\/\/www.czechcyclingfederation.com\/en\/wp-json\/wp\/v2\/media?parent=25067"}],"wp:term":[{"taxonomy":"category","embeddable":true,"href":"https:\/\/www.czechcyclingfederation.com\/en\/wp-json\/wp\/v2\/categories?post=25067"},{"taxonomy":"post_tag","embeddable":true,"href":"https:\/\/www.czechcyclingfederation.com\/en\/wp-json\/wp\/v2\/tags?post=25067"}],"curies":[{"name":"wp","href":"https:\/\/api.w.org\/{rel}","templated":true}]}}