{"id":25058,"date":"2023-05-12T09:03:00","date_gmt":"2023-05-12T07:03:00","guid":{"rendered":"https:\/\/www.czechcyclingfederation.com\/?p=25058"},"modified":"2023-05-12T12:37:29","modified_gmt":"2023-05-12T10:37:29","slug":"att-investments-uspesny-na-tour-de-hongrie","status":"publish","type":"post","link":"https:\/\/www.czechcyclingfederation.com\/en\/att-investments-uspesny-na-tour-de-hongrie\/","title":{"rendered":"ATT Investments \u00fasp\u011b\u0161n\u00fd na Tour de Hongrie\u00a0"},"content":{"rendered":"\n<p>Z\u00e1vod okolo Ma\u010farska se pro leto\u0161n\u00ed rok posunul o dal\u0161\u00ed \u00farove\u0148 v\u00fd\u0161 a nyn\u00ed se jedn\u00e1 o z\u00e1vod kategorie 2.Pro. Vedle velk\u00fdch sv\u011btov\u00fdch t\u00fdm\u016f jako INEOS, UAE, Soudal Quick &#8211; Step \u010di Alpecin Deceuninck se na start toho z\u00e1vodu pod\u00edvali tak\u00e9 3 kontinent\u00e1ln\u00ed t\u00fdmy a mezi nimi i \u010desk\u00fd celek ATT Investments. A jeho z\u00e1vodn\u00edk\u016fm se v prvn\u00edch etap\u00e1ch velmi da\u0159\u00ed!<\/p>\n\n\n\n<!--more-->\n\n\n\n<p>ATT Investments se na start postavil ve slo\u017een\u00ed M\u00e1rton Dina, Jakub Otruba, Daniel Turek, Pavel Kelemen, Ji\u0159\u00ed Petru\u0161 a Mat\u00fa\u0161 \u0160to\u010dek. \u00davodn\u00ed etapa Tour de Hongrie dopadla podle p\u0159edpoklad\u016f hromadnou koncovkou a soubojem \u0161pi\u010dkov\u00fdch sv\u011btov\u00fdch sprinter\u016f. Na konec prvn\u00ed des\u00edtky se prosadil Pavel Kelemen. Hv\u011bzdou t\u00fdmu se ale stal Mat\u00fa\u0161 \u0160to\u010dek. \u00da\u010dast v \u00faniku a nejv\u011bt\u0161\u00ed bodov\u00fd zisk z p\u011btice uprchl\u00edk\u016f mu vynesl dres nejlep\u0161\u00edho vrcha\u0159e, druh\u00e9 m\u00edsto v bodovac\u00ed sout\u011b\u017ei i v pr\u016fb\u011b\u017en\u00e9 klasifikaci po prvn\u00edm dnu.<\/p>\n\n\n\n<p>ATT Investments p\u0159ed z\u00e1vodem deklarovalo, \u017ee za vrchol sv\u00e9ho sna\u017een\u00ed pova\u017euje um\u00edst\u011bn\u00ed v prvn\u00ed des\u00edtce celkov\u00e9ho po\u0159ad\u00ed, a \u017ee tady cht\u011bj\u00ed b\u00fdt p\u0159edev\u0161\u00edm vid\u011bt t\u00edm, \u017ee budou chodit do \u00fanik\u016f a pokus\u00ed se o n\u011bjak\u00fd \u00fasp\u011bch v doprovodn\u00fdch sout\u011b\u017e\u00edch.\u00a0A \u017ee to nebyla jen pr\u00e1zdn\u00e1 fr\u00e1ze, podtrhl bezprost\u0159edn\u011b po startu \u00favodn\u00ed etapy Mat\u00fa\u0161 \u0160to\u010dek, kter\u00fd si nasko\u010dil do denn\u00edho \u00faniku spole\u010dn\u011b se\u00a0se \u010dty\u0159mi dal\u0161\u00edmi cyklisty.<strong>\u00a0<\/strong>Prvn\u00ed dv\u011b pr\u00e9mie, rychlostn\u00ed i vrcha\u0159skou, um\u00edst\u011bn\u00e9 v\u00a0\u00favodn\u00edch dvaceti kilometrech, Mat\u00fa\u0161 vyhr\u00e1l. V\u00a0polovin\u011b z\u00e1vodu pak p\u0159i\u0161ly na \u0159adu dal\u0161\u00ed t\u0159i. Mat\u00fa\u0161 pokra\u010doval i nad\u00e1le ve sv\u00e9 denn\u00ed sb\u00edrce bod\u016f a vte\u0159in t\u00edm, \u017ee druhou rychlostn\u00ed pr\u00e9mii tak\u00e9 vyhr\u00e1l a na dal\u0161\u00ed vrcha\u0159sk\u00e9 a posledn\u00ed rychlostn\u00ed byl druh\u00fd. <\/p>\n\n\n\n<p>D\u00e1l u\u017e nebylo o co sout\u011b\u017eit. Konec \u00faniku nastal, kdy\u017e do c\u00edle zb\u00fdvalo 25 km.\u00a0Do\u0161lo tedy na p\u0159edem p\u0159edpokl\u00e1dan\u00fd hromadn\u00fd z\u00e1v\u011br. V\u00a0t\u011bsn\u00e9m spurtu byl nej\u00fasp\u011b\u0161n\u011bj\u0161\u00ed nizozemsk\u00fd \u0161pi\u010dkov\u00fd sprint\u00e9r Dylan Groenewegen z\u00a0t\u00fdmu Jayco AlUla. Prvn\u00ed des\u00edtku uzav\u0159el Pavel Kelemen. Do \u017elut\u00e9ho se po etap\u011b obl\u00e9kl v\u00edt\u011bz etapy, ale na 2. m\u00edsto v pr\u016fb\u011b\u017en\u00e9m po\u0159ad\u00ed posunuly bonifika\u010dn\u00ed vte\u0159iny z pr\u00e9mi\u00ed Mat\u00fa\u0161e \u0160to\u010dka. Druh\u00e9 m\u00edsto mu pat\u0159ilo i v bodovac\u00ed sout\u011b\u017ei. A ve vrcha\u0159sk\u00e9 byl po etap\u011b \u010d\u00edslo jedna!<\/p>\n\n\n\n<p>&#8220;<em>Na\u0161\u00edm \u00fakolem bylo dostat n\u011bkoho do \u00faniku, co\u017e se poda\u0159ilo. \u0160lo o to ujet je\u0161t\u011b p\u0159ed pr\u00e9mi\u00ed a zabojovat o ni. Body na rychlostn\u00edch pr\u00e9mi\u00edch jsou d\u016fle\u017eit\u00e9 z v\u00edcero d\u016fvod\u016f. Jednak se po\u010d\u00edtaj\u00ed do bodovac\u00ed sout\u011b\u017ee, jednak z\u00edskan\u00e9 bonusov\u00e9 vte\u0159iny do pr\u016fb\u011b\u017en\u00e9 klasifikace, co\u017e m\u011blo n\u00e1sledn\u011b vliv i na vrcha\u0159sk\u00fd dres, a v neposledn\u00ed \u0159ad\u011b pr\u016fb\u011b\u017en\u00e9 po\u0159ad\u00ed ur\u010duje po\u0159ad\u00ed mechanick\u00fdch voz\u016f a to m\u016f\u017ee b\u00fdt n\u011bkdy docela d\u016fle\u017eit\u00e9,&#8221;<\/em>\u00a0\u0159ekl Mat\u00fa\u0161 \u0160to\u010dek k zisku pr\u00e9miov\u00fdch bod\u016f.\u00a0<em>&#8220;Za sebe jsem hrozn\u011b r\u00e1d, \u017ee se mi na takov\u00e9m z\u00e1vod\u011b poda\u0159ilo dostat do \u00faniku a z\u00edskat vrcha\u0159sk\u00fd dres, tak\u017ee za m\u011b i t\u00fdm velk\u00e1 spokojenost!&#8221;<\/em><\/p>\n\n\n\n<p>Ve druh\u00e9 etap\u011b se do \u00faniku spole\u010dn\u011b s dal\u0161\u00edmi t\u0159emi jezdci dostal pro zm\u011bnu Daniel Turek. Stal se jedn\u00edm ze dvou hlavn\u00edch protagonist\u016f boje o body na vrcha\u0159sk\u00fdch pr\u00e9mi\u00edch. Nakonec celou z\u00e1pletku vy\u0159e\u0161il Mat\u00fa\u0161 \u0160to\u010dek t\u00edm, \u017ee si pro jeden bod na druh\u00e9 pr\u00e9mii dojel z pelotonu za dvojic\u00ed uprchl\u00edk\u016f. Tak\u017ee mu i nad\u00e1le z\u016fst\u00e1v\u00e1 \u010derven\u00fd dres pro nejlep\u0161\u00edho vrcha\u0159e. <\/p>\n\n\n\n<figure class=\"wp-block-image size-large\"><img loading=\"lazy\" decoding=\"async\" width=\"1024\" height=\"683\" src=\"https:\/\/www.czechcyclingfederation.com\/wp-content\/uploads\/2023\/05\/picture-382-1683871327-1024x683.jpg\" alt=\"\" class=\"wp-image-25061\" srcset=\"https:\/\/www.czechcyclingfederation.com\/wp-content\/uploads\/2023\/05\/picture-382-1683871327-1024x683.jpg 1024w, https:\/\/www.czechcyclingfederation.com\/wp-content\/uploads\/2023\/05\/picture-382-1683871327-300x200.jpg 300w, https:\/\/www.czechcyclingfederation.com\/wp-content\/uploads\/2023\/05\/picture-382-1683871327-768x512.jpg 768w, https:\/\/www.czechcyclingfederation.com\/wp-content\/uploads\/2023\/05\/picture-382-1683871327-1536x1024.jpg 1536w, https:\/\/www.czechcyclingfederation.com\/wp-content\/uploads\/2023\/05\/picture-382-1683871327-1320x880.jpg 1320w, https:\/\/www.czechcyclingfederation.com\/wp-content\/uploads\/2023\/05\/picture-382-1683871327.jpg 2048w\" sizes=\"auto, (max-width: 1024px) 100vw, 1024px\" \/><\/figure>\n\n\n\n<p>I \u00fanik v druh\u00e9 etap\u011b byl po \u010dase pohlcen pelotonem a v\u0161e sm\u011b\u0159ovalo k\u00a0hromadn\u00e9 koncovce. Bohu\u017eel 25 km p\u0159ed c\u00edlem v\u00a0dob\u011b, kdy se na cyklisty snesl d\u00e9\u0161\u0165, do\u0161lo k\u00a0hromadn\u00e9mu p\u00e1du, v\u00a0n\u011bm\u017e se ocitl i \u010desk\u00fd sprinter ATT Investments Pavel Kelemen, tak\u017ee tentokr\u00e1t do boje o etapu nemohl zas\u00e1hnout. Sprintersk\u00fd souboj ovl\u00e1dl Fabio Jakobsen z\u00a0t\u00fdmu Soudal-Quick Step, co\u017e mu z\u00e1rove\u0148 zajistilo do dal\u0161\u00ed etapy \u017elut\u00fd dres pr\u016fb\u011b\u017en\u00e9ho l\u00eddra z\u00e1vodu.<\/p>\n\n\n\n<p>&#8220;<em>C\u00edlem bylo dostat Mat\u00fa\u0161e do \u00faniku, co\u017e se dvakr\u00e1t m\u00e1lem povedlo. Pak odj\u00ed\u017ed\u011bli t\u0159i lidi, bal\u00edk u\u017e zav\u0159en\u00fd a j\u00e1 mezi nimi. Tak jsem s nimi odjel. Pak bylo d\u016fle\u017eit\u00e9 vyhr\u00e1t alespo\u0148 jednu vrcha\u0159skou pr\u00e9mii, co\u017e by znamenalo, \u017ee Mat\u00fa\u0161ovi u\u017e dres z\u016fstane. Povedlo se mi to hned na prvn\u00ed, ale bylo to na foto fini\u0161. Na t\u00e9 druh\u00e9 jsme s Italem spurtovali v podstat\u011b po rovin\u011b a on je o\u010dividn\u011b hodn\u011b rychl\u00fd. Pak u\u017e to bylo o tom dostat se do c\u00edle a na mokru a v de\u0161ti se &#8220;nezab\u00edt&#8221;. P\u0159ed Pavlem Kelemenem to spadlo a je p\u011bkn\u011b dobit\u00fd. Z\u00edtra se pokus\u00edme znovu dostat do \u00faniku,&#8221;<\/em>\u00a0\u0159ekl k etap\u011b Daniel Turek.<\/p>\n\n\n\n<p>AUTOR: TZ ATT Investments<\/p>\n\n\n\n<p>FOTO: Vanik Zolt\u00e1n, Halm\u00e1gyi Zsolt (tourdehongrie.hu)<\/p>\n","protected":false},"excerpt":{"rendered":"<p>Z\u00e1vod okolo Ma\u010farska se pro leto\u0161n\u00ed rok posunul o dal\u0161\u00ed \u00farove\u0148 v\u00fd\u0161 a nyn\u00ed se jedn\u00e1 o z\u00e1vod kategorie 2.Pro. Vedle velk\u00fdch sv\u011btov\u00fdch t\u00fdm\u016f jako INEOS, UAE, Soudal Quick &#8211; Step \u010di Alpecin Deceuninck se na start toho z\u00e1vodu pod\u00edvali tak\u00e9 3 kontinent\u00e1ln\u00ed t\u00fdmy a mezi nimi i \u010desk\u00fd celek ATT Investments. A jeho z\u00e1vodn\u00edk\u016fm [&hellip;]<\/p>\n","protected":false},"author":1,"featured_media":25059,"comment_status":"closed","ping_status":"open","sticky":false,"template":"","format":"standard","meta":{"footnotes":""},"categories":[17,2,18],"tags":[11],"class_list":["post-25058","post","type-post","status-publish","format-standard","has-post-thumbnail","hentry","category-discipliny","category-novinky","category-silnice","tag-silnice"],"_links":{"self":[{"href":"https:\/\/www.czechcyclingfederation.com\/en\/wp-json\/wp\/v2\/posts\/25058","targetHints":{"allow":["GET"]}}],"collection":[{"href":"https:\/\/www.czechcyclingfederation.com\/en\/wp-json\/wp\/v2\/posts"}],"about":[{"href":"https:\/\/www.czechcyclingfederation.com\/en\/wp-json\/wp\/v2\/types\/post"}],"author":[{"embeddable":true,"href":"https:\/\/www.czechcyclingfederation.com\/en\/wp-json\/wp\/v2\/users\/1"}],"replies":[{"embeddable":true,"href":"https:\/\/www.czechcyclingfederation.com\/en\/wp-json\/wp\/v2\/comments?post=25058"}],"version-history":[{"count":3,"href":"https:\/\/www.czechcyclingfederation.com\/en\/wp-json\/wp\/v2\/posts\/25058\/revisions"}],"predecessor-version":[{"id":25066,"href":"https:\/\/www.czechcyclingfederation.com\/en\/wp-json\/wp\/v2\/posts\/25058\/revisions\/25066"}],"wp:featuredmedia":[{"embeddable":true,"href":"https:\/\/www.czechcyclingfederation.com\/en\/wp-json\/wp\/v2\/media\/25059"}],"wp:attachment":[{"href":"https:\/\/www.czechcyclingfederation.com\/en\/wp-json\/wp\/v2\/media?parent=25058"}],"wp:term":[{"taxonomy":"category","embeddable":true,"href":"https:\/\/www.czechcyclingfederation.com\/en\/wp-json\/wp\/v2\/categories?post=25058"},{"taxonomy":"post_tag","embeddable":true,"href":"https:\/\/www.czechcyclingfederation.com\/en\/wp-json\/wp\/v2\/tags?post=25058"}],"curies":[{"name":"wp","href":"https:\/\/api.w.org\/{rel}","templated":true}]}}