{"id":2505,"date":"2020-10-05T05:18:59","date_gmt":"2020-10-05T03:18:59","guid":{"rendered":"http:\/\/www.czechcyclingfederation.com\/?p=2505"},"modified":"2020-10-09T09:45:04","modified_gmt":"2020-10-09T07:45:04","slug":"cesti-juniori-zvitezili-v-soutezi-tymu-svetove-serie-horskych-kol","status":"publish","type":"post","link":"https:\/\/www.czechcyclingfederation.com\/en\/cesti-juniori-zvitezili-v-soutezi-tymu-svetove-serie-horskych-kol\/","title":{"rendered":"\u010ce\u0161t\u00ed junio\u0159i zv\u00edt\u011bzili v\u00a0sout\u011b\u017ei t\u00fdm\u016f Sv\u011btov\u00e9 s\u00e9rie horsk\u00fdch kol!"},"content":{"rendered":"\n<p><strong>Presti\u017en\u00ed v\u00fdsledek zaznamenal t\u00fdm juniorsk\u00e9 reprezentace horsk\u00fdch kol, kter\u00fd v z\u00e1vod\u011b Juniorsk\u00e9 sv\u011btov\u00e9 s\u00e9rie v Nov\u00e9m M\u011bst\u011b na Morav\u011b zv\u00edt\u011bzil v sout\u011b\u017ei t\u00fdm\u016f.<\/strong><\/p>\n\n\n\n<p>Do sout\u011b\u017ee se zaznamen\u00e1vaj\u00ed t\u0159i nejlep\u0161\u00ed v\u00fdsledky ze z\u00e1vodu juniorek a t\u0159i v\u00fdsledky ze z\u00e1vodu junior\u016f.<\/p>\n\n\n\n<p><em>\u201cM\u00e1m z&nbsp;toho \u00fasp\u011bchu velikou radost. Je obrazem aktu\u00e1ln\u00ed s\u00edly na\u0161\u00ed juniorsk\u00e9 reprezentace a z\u00e1rove\u0148 potvrzuje v\u00fdbornou pr\u00e1ci na\u0161ich klubov\u00fdch tren\u00e9r\u016f a klub\u016f, kter\u00e9 mlad\u00e9 jezdce dlouhodob\u011b p\u0159ipravuj\u00ed. A je d\u016fle\u017eit\u00e9, \u017ee se nejedn\u00e1 jenom o v\u00fdsledek jednoho nebo dvou vysoce talentovan\u00fdch jedinc\u016f, ale \u0161irok\u00e9 skupiny reprezenta\u010dn\u00edho v\u00fdb\u011bru.\u201d <\/em>komentuje nad\u011bjn\u00e9 um\u00edst\u011bn\u00ed kr\u00e1tce p\u0159ed odjezdem t\u00fdmu na mistrovstv\u00ed sv\u011bta v&nbsp;rakousk\u00e9m Leogangu tren\u00e9r Viktor Zapletal a dod\u00e1v\u00e1:<\/p>\n\n\n\n<p>\u201cP<em>\u0159ed \u010dasem jsme pom\u011brn\u011b z\u00e1sadn\u00edm zp\u016fsobem zm\u011bnili metodiku tr\u00e9ninku talentovan\u00fdch junior\u016f, kdy\u017e jsme p\u0159e\u0161li na \u010d\u00e1ste\u010dn\u011b centr\u00e1ln\u00ed formu p\u0159\u00edpravy. Juniorsk\u00e1 reprezentace se tak v&nbsp;pravideln\u00fdch a \u010dast\u00fdch intervalech sch\u00e1z\u00ed na spole\u010dn\u00fdch soust\u0159ed\u011bn\u00edch a kontroln\u00edch z\u00e1vodech a my tento model budeme nad\u00e1le rozv\u00edjet.\u201d<\/em><\/p>\n\n\n\n<p>V\u00fdborn\u00fd v\u00fdsledek juniorsk\u00e9 reprezentace horsk\u00fdch kol se generoval ze t\u0159et\u00edho m\u00edsta Karol\u00edny Bedrn\u00edkov\u00e9, \u0161est\u00e9ho Anety Novotn\u00e9, sedm\u00e9ho Davida \u0160ulce, dvan\u00e1ct\u00e9ho Terezy Obo\u0159ilov\u00e9, \u010dtrn\u00e1ct\u00e9ho Jana Zatloukala a \u010dty\u0159ic\u00e1t\u00e9ho m\u00edsta Daniela \u017dvaka.<\/p>\n\n\n\n<figure class=\"wp-block-image size-large\"><img loading=\"lazy\" decoding=\"async\" width=\"1024\" height=\"682\" src=\"http:\/\/www.czechcyclingfederation.com\/wp-content\/uploads\/2020\/10\/CER_9318-2-1-1024x682.jpg\" alt=\"\" class=\"wp-image-2506\" srcset=\"https:\/\/www.czechcyclingfederation.com\/wp-content\/uploads\/2020\/10\/CER_9318-2-1-1024x682.jpg 1024w, https:\/\/www.czechcyclingfederation.com\/wp-content\/uploads\/2020\/10\/CER_9318-2-1-300x200.jpg 300w, https:\/\/www.czechcyclingfederation.com\/wp-content\/uploads\/2020\/10\/CER_9318-2-1-768x512.jpg 768w, https:\/\/www.czechcyclingfederation.com\/wp-content\/uploads\/2020\/10\/CER_9318-2-1-1536x1024.jpg 1536w, https:\/\/www.czechcyclingfederation.com\/wp-content\/uploads\/2020\/10\/CER_9318-2-1-1320x880.jpg 1320w, https:\/\/www.czechcyclingfederation.com\/wp-content\/uploads\/2020\/10\/CER_9318-2-1.jpg 2000w\" sizes=\"auto, (max-width: 1024px) 100vw, 1024px\" \/><figcaption><em>Foto: Michal \u010cerven\u00fd<\/em><\/figcaption><\/figure>\n","protected":false},"excerpt":{"rendered":"<p>Presti\u017en\u00ed v\u00fdsledek zaznamenal t\u00fdm juniorsk\u00e9 reprezentace horsk\u00fdch kol, kter\u00fd v z\u00e1vod\u011b Juniorsk\u00e9 sv\u011btov\u00e9 s\u00e9rie v Nov\u00e9m M\u011bst\u011b na Morav\u011b zv\u00edt\u011bzil v sout\u011b\u017ei t\u00fdm\u016f. Do sout\u011b\u017ee se zaznamen\u00e1vaj\u00ed t\u0159i nejlep\u0161\u00ed v\u00fdsledky ze z\u00e1vodu juniorek a t\u0159i v\u00fdsledky ze z\u00e1vodu junior\u016f. \u201cM\u00e1m z&nbsp;toho \u00fasp\u011bchu velikou radost. Je obrazem aktu\u00e1ln\u00ed s\u00edly na\u0161\u00ed juniorsk\u00e9 reprezentace a z\u00e1rove\u0148 potvrzuje v\u00fdbornou [&hellip;]<\/p>\n","protected":false},"author":9,"featured_media":2506,"comment_status":"closed","ping_status":"open","sticky":false,"template":"","format":"standard","meta":{"footnotes":""},"categories":[6,2,46,103],"tags":[10],"class_list":["post-2505","post","type-post","status-publish","format-standard","has-post-thumbnail","hentry","category-mtb","category-novinky","category-novinky-sportovni-centra","category-reprezentace","tag-mtb"],"_links":{"self":[{"href":"https:\/\/www.czechcyclingfederation.com\/en\/wp-json\/wp\/v2\/posts\/2505","targetHints":{"allow":["GET"]}}],"collection":[{"href":"https:\/\/www.czechcyclingfederation.com\/en\/wp-json\/wp\/v2\/posts"}],"about":[{"href":"https:\/\/www.czechcyclingfederation.com\/en\/wp-json\/wp\/v2\/types\/post"}],"author":[{"embeddable":true,"href":"https:\/\/www.czechcyclingfederation.com\/en\/wp-json\/wp\/v2\/users\/9"}],"replies":[{"embeddable":true,"href":"https:\/\/www.czechcyclingfederation.com\/en\/wp-json\/wp\/v2\/comments?post=2505"}],"version-history":[{"count":1,"href":"https:\/\/www.czechcyclingfederation.com\/en\/wp-json\/wp\/v2\/posts\/2505\/revisions"}],"predecessor-version":[{"id":2507,"href":"https:\/\/www.czechcyclingfederation.com\/en\/wp-json\/wp\/v2\/posts\/2505\/revisions\/2507"}],"wp:featuredmedia":[{"embeddable":true,"href":"https:\/\/www.czechcyclingfederation.com\/en\/wp-json\/wp\/v2\/media\/2506"}],"wp:attachment":[{"href":"https:\/\/www.czechcyclingfederation.com\/en\/wp-json\/wp\/v2\/media?parent=2505"}],"wp:term":[{"taxonomy":"category","embeddable":true,"href":"https:\/\/www.czechcyclingfederation.com\/en\/wp-json\/wp\/v2\/categories?post=2505"},{"taxonomy":"post_tag","embeddable":true,"href":"https:\/\/www.czechcyclingfederation.com\/en\/wp-json\/wp\/v2\/tags?post=2505"}],"curies":[{"name":"wp","href":"https:\/\/api.w.org\/{rel}","templated":true}]}}