{"id":25034,"date":"2023-05-11T15:52:59","date_gmt":"2023-05-11T13:52:59","guid":{"rendered":"https:\/\/www.czechcyclingfederation.com\/?p=25034"},"modified":"2023-05-11T15:56:58","modified_gmt":"2023-05-11T13:56:58","slug":"kyjov-o-vikendu-plny-silnicni-cyklistiky","status":"publish","type":"post","link":"https:\/\/www.czechcyclingfederation.com\/en\/kyjov-o-vikendu-plny-silnicni-cyklistiky\/","title":{"rendered":"Kyjov o v\u00edkendu pln\u00fd silni\u010dn\u00ed cyklistiky"},"content":{"rendered":"\n<p>Kyjovsk\u00e9 Slov\u00e1cko na jihu Moravy je ji\u017e tradi\u010dn\u00ed zast\u00e1vkou v r\u00e1mci dom\u00e1c\u00ed silni\u010dn\u00ed sezony a letos tomu nebude jinak.<\/p>\n\n\n\n<!--more-->\n\n\n\n<p>V\u0161e odstartuje ji\u017e tuto <strong>sobotu 13.5<\/strong>., kdy se v Kyjov\u011b kon\u00e1 druh\u00e1 zast\u00e1vka <strong>Carla kriterijn\u00ed ligy<\/strong>. <\/p>\n\n\n\n<p>V <strong>ned\u011bli 14.5.<\/strong> pak \u010dek\u00e1 v\u0161echny ml\u00e1de\u017enick\u00e9 kategorie a \u017eeny dal\u0161\u00ed z\u00e1vod <strong>Brilon Cupu<\/strong>, kter\u00fd odstartuje v 9 hod r\u00e1no kategori\u00ed kadetek a star\u0161\u00edch \u017e\u00e1k\u016f. Je pro n\u011b p\u0159ipraven okruh o d\u00e9lce 13,6 km na trase Kyjov, H\u00fdsly, Moravany, Kostelec, Kyjov. Slavnostn\u00ed start bude na T\u0159\u00edd\u011b Komensk\u00e9ho 689\/59 p\u0159ed Sokolovnou, p\u0159i\u010dem\u017e ostr\u00fd start pak u\u00a0Z\u0160 J.A. Komensk\u00e9ho, kde bude pozd\u011bji i c\u00edl. Konkr\u00e9tn\u00ed po\u010det okruh\u016f pro jednotliv\u00e9 kategorie je detailn\u011b rozeps\u00e1n v propozic\u00edch z\u00e1vodu. Ji\u017e nyn\u00ed je na start Brilon Cupu p\u0159ihl\u00e1\u0161eno p\u0159es 430 z\u00e1vodn\u00edk\u016f.<\/p>\n\n\n\n<p>Silni\u010dn\u00ed poh\u00e1r mu\u017e\u016f pod n\u00e1zvem <strong>\u0160koda Cup<\/strong> odstartuje ve 14:15 a pojede se na stejn\u00e9 trase, jako dopoledn\u00ed Brilon Cup. Mu\u017ei okruh objedou celkem 12 kr\u00e1t, tedy \u010dek\u00e1 na n\u011b porce n\u011bco m\u00e1lo p\u0159es 164 km. Celkov\u00e9 p\u0159ev\u00fd\u0161en\u00ed na trase je p\u0159es 1800m. Vedle \u010desk\u00e9 \u0161pi\u010dky jsou do z\u00e1vodu p\u0159ihl\u00e1\u0161en\u00e9 tak\u00e9 t\u00fdmy z Polska \u010di Slovenska. <\/p>\n\n\n\n<figure class=\"wp-block-embed is-type-wp-embed is-provider-cesky-svaz-cyklistiky wp-block-embed-cesky-svaz-cyklistiky\"><div class=\"wp-block-embed__wrapper\">\nhttps:\/\/www.czechcyclingfederation.com\/events\/brilon-cup-2023\/\n<\/div><\/figure>\n\n\n\n<figure class=\"wp-block-embed is-type-wp-embed is-provider-cesky-svaz-cyklistiky wp-block-embed-cesky-svaz-cyklistiky\"><div class=\"wp-block-embed__wrapper\">\nhttps:\/\/www.czechcyclingfederation.com\/events\/skoda-cup-2023\/\n<\/div><\/figure>\n","protected":false},"excerpt":{"rendered":"<p>Kyjovsk\u00e9 Slov\u00e1cko na jihu Moravy je ji\u017e tradi\u010dn\u00ed zast\u00e1vkou v r\u00e1mci dom\u00e1c\u00ed silni\u010dn\u00ed sezony a letos tomu nebude jinak.<\/p>\n","protected":false},"author":1,"featured_media":25035,"comment_status":"closed","ping_status":"open","sticky":false,"template":"","format":"standard","meta":{"footnotes":""},"categories":[17,2,18],"tags":[11],"class_list":["post-25034","post","type-post","status-publish","format-standard","has-post-thumbnail","hentry","category-discipliny","category-novinky","category-silnice","tag-silnice"],"_links":{"self":[{"href":"https:\/\/www.czechcyclingfederation.com\/en\/wp-json\/wp\/v2\/posts\/25034","targetHints":{"allow":["GET"]}}],"collection":[{"href":"https:\/\/www.czechcyclingfederation.com\/en\/wp-json\/wp\/v2\/posts"}],"about":[{"href":"https:\/\/www.czechcyclingfederation.com\/en\/wp-json\/wp\/v2\/types\/post"}],"author":[{"embeddable":true,"href":"https:\/\/www.czechcyclingfederation.com\/en\/wp-json\/wp\/v2\/users\/1"}],"replies":[{"embeddable":true,"href":"https:\/\/www.czechcyclingfederation.com\/en\/wp-json\/wp\/v2\/comments?post=25034"}],"version-history":[{"count":5,"href":"https:\/\/www.czechcyclingfederation.com\/en\/wp-json\/wp\/v2\/posts\/25034\/revisions"}],"predecessor-version":[{"id":25044,"href":"https:\/\/www.czechcyclingfederation.com\/en\/wp-json\/wp\/v2\/posts\/25034\/revisions\/25044"}],"wp:featuredmedia":[{"embeddable":true,"href":"https:\/\/www.czechcyclingfederation.com\/en\/wp-json\/wp\/v2\/media\/25035"}],"wp:attachment":[{"href":"https:\/\/www.czechcyclingfederation.com\/en\/wp-json\/wp\/v2\/media?parent=25034"}],"wp:term":[{"taxonomy":"category","embeddable":true,"href":"https:\/\/www.czechcyclingfederation.com\/en\/wp-json\/wp\/v2\/categories?post=25034"},{"taxonomy":"post_tag","embeddable":true,"href":"https:\/\/www.czechcyclingfederation.com\/en\/wp-json\/wp\/v2\/tags?post=25034"}],"curies":[{"name":"wp","href":"https:\/\/api.w.org\/{rel}","templated":true}]}}