{"id":24996,"date":"2023-05-07T15:57:05","date_gmt":"2023-05-07T13:57:05","guid":{"rendered":"https:\/\/www.czechcyclingfederation.com\/?p=24996"},"modified":"2023-05-07T15:58:28","modified_gmt":"2023-05-07T13:58:28","slug":"v-terezine-vitezi-holandan-remijn-zlutaka-udrzel-nordhagen","status":"publish","type":"post","link":"https:\/\/www.czechcyclingfederation.com\/en\/v-terezine-vitezi-holandan-remijn-zlutaka-udrzel-nordhagen\/","title":{"rendered":"V\u00a0Terez\u00edn\u011b v\u00edt\u011bz\u00ed Holan\u010fan Remijn, \u017elu\u0165\u00e1ka udr\u017eel Nordhagen"},"content":{"rendered":"\n<p>Senna Remijn ovl\u00e1dl hromadn\u00fd dojezd z\u00e1v\u011bre\u010dn\u00e9 etapy 51. ro\u010dn\u00edku Z\u00e1vodu m\u00edru junior\u016f. Holandsk\u00fd reprezentant d\u00edky tomu na posledn\u00ed chv\u00edli tak\u00e9 posko\u010dil na celkovou bronzovou p\u0159\u00ed\u010dku. Leto\u0161n\u00edm v\u00edt\u011bzem cel\u00e9ho ro\u010dn\u00edku se stal Nor Jorgen Nordhagen. Nezklamali ani \u010de\u0161t\u00ed jezdci.<\/p>\n\n\n\n<p><em>\u201eSen se stal skute\u010dnost\u00ed. Je to asi moje nejv\u011bt\u0161\u00ed v\u00edt\u011bzstv\u00ed, nav\u00edc na tak velk\u00e9m etapov\u00e9m z\u00e1vod\u011b. Jsem extr\u00e9mn\u011b \u0161\u0165astn\u00fd. O v\u00edt\u011bzstv\u00ed na tomhle z\u00e1vod\u011b sn\u00ed mnoho mlad\u00fdch cyklist\u016f, ze kter\u00fdch se n\u00e1sledn\u011b stanou prof\u00edci. Je to rozhodn\u011b skv\u011bl\u00fd za\u010d\u00e1tek i m\u00e9 kari\u00e9ry, navzdory tomu, \u017ee na m\u00e9m podpisu do Jumbo-Visma by to nic nezm\u011bnilo, ale je to sou\u010d\u00e1st v\u00fdvoje. Vyhr\u00e1l jsem a v\u016fbec to nebylo jednoduch\u00e9. V\u00a0posledn\u00ed etap\u011b jsme museli odr\u00e1\u017eet a likvidovat mnoho \u00fanik\u016f. O to v\u00edc si te\u010f u\u017e\u00edv\u00e1m \u010das ve \u017elut\u00e9m,\u201c<\/em>\u00a0byl v\u00a0c\u00edli extr\u00e9mn\u011b spokojen\u00fd norsk\u00fd reprezentant Jorgen Nordhagen, kdy\u017e v\u011bd\u011bl, \u017ee o vedouc\u00ed trikot l\u00eddra u\u017e ho nikdo nep\u0159iprav\u00ed.<\/p>\n\n\n\n<p>Seve\u0159an ale nic nem\u011bl jist\u00e9ho. Z\u00e1v\u011bre\u010dn\u00e1 etapa m\u00e1 u\u017e podle tradic start i c\u00edl v\u00a0Terez\u00edn\u011b, ve m\u011bst\u011b kter\u00e9 lze pova\u017eovat nejen za symbol z\u00e1vodu, m\u00edru, snahy i utrpen\u00ed, ale celkov\u011b za ba\u0161tu cyklistiky. Z\u00e1vod si nav\u00edc p\u0159ipom\u00edn\u00e1 v\u00fdro\u010d\u00ed konce II. sv\u011btov\u00e9 v\u00e1lky. Tentokr\u00e1t posledn\u00ed sportovn\u00ed boje \u010dekali na cyklisty na z\u00e1v\u011bre\u010dn\u00fdch stech kilometrech, na kter\u00fdch byla p\u011btice vrcha\u0159sk\u00fdch pr\u00e9mi\u00ed v\u00a0Chudoslavic\u00edch. Je\u0161t\u011b p\u0159ed nimi cyklist\u00e9 spurtovali na sprintersk\u00e9 pr\u00e9mie v\u00a0Hrdlech, p\u0159\u00edmo p\u0159ed budovou podniku Emco partnera z\u00e1vodu, kter\u00fd vyr\u00e1b\u00ed obl\u00edben\u00e9 m\u00fcsli, d\u00e1le pak v\u00a0Terez\u00edn\u011b. O \u00fanik se pokou\u0161ela \u0159ada jednotlivc\u016f i skupin.\u00a0<em>\u201eProto to byl velmi t\u011b\u017ek\u00fd z\u00e1vod. S\u00a0t\u00fdmem jsme ka\u017ed\u00fd \u00fatok nakonec dok\u00e1zali odrazit, ale st\u00e1lo to dost sil,\u201c\u00a0<\/em>podotkl v\u00edt\u011bzn\u00fd Jorgen Nordhagen.<\/p>\n\n\n<div class=\"wp-block-image\">\n<figure class=\"aligncenter size-large is-resized\"><img loading=\"lazy\" decoding=\"async\" src=\"https:\/\/www.czechcyclingfederation.com\/wp-content\/uploads\/2023\/05\/El2Qklxw-1024x683.jpeg\" alt=\"\" class=\"wp-image-24999\" width=\"576\" height=\"384\" srcset=\"https:\/\/www.czechcyclingfederation.com\/wp-content\/uploads\/2023\/05\/El2Qklxw-1024x683.jpeg 1024w, https:\/\/www.czechcyclingfederation.com\/wp-content\/uploads\/2023\/05\/El2Qklxw-300x200.jpeg 300w, https:\/\/www.czechcyclingfederation.com\/wp-content\/uploads\/2023\/05\/El2Qklxw-768x512.jpeg 768w, https:\/\/www.czechcyclingfederation.com\/wp-content\/uploads\/2023\/05\/El2Qklxw-1536x1024.jpeg 1536w, https:\/\/www.czechcyclingfederation.com\/wp-content\/uploads\/2023\/05\/El2Qklxw-1320x880.jpeg 1320w, https:\/\/www.czechcyclingfederation.com\/wp-content\/uploads\/2023\/05\/El2Qklxw.jpeg 2048w\" sizes=\"auto, (max-width: 576px) 100vw, 576px\" \/><\/figure>\n<\/div>\n\n\n<p><\/p>\n\n\n\n<p>V\u00a0samotn\u00e9m z\u00e1v\u011bru se na \u010dele pelotonu vytvo\u0159il vl\u00e1\u010dek s\u00a0\u010deskou trikol\u00f3rou, ve kter\u00e9m na\u0161i reprezentanti rozj\u00ed\u017ed\u011bli pozici pro sv\u00e9ho rychl\u00edka Kry\u0161tofa Kr\u00e1le. Do Terez\u00edna se toti\u017e \u0159\u00edtilo hlavn\u00ed pole pohromad\u011b. V\u00a0nap\u00ednav\u00e9m dojezdu m\u011bl nejv\u00edce sil Holan\u010fan Senna Remijn, kter\u00fd za sebou nechal druh\u00e9ho D\u00e1na Theodora Stroma a t\u0159et\u00edho Slovince An\u017ee Ravbara. Kry\u0161tof Kr\u00e1l dojel p\u00e1t\u00fd a sou\u010d\u00e1st\u00ed pelotonu byl tak\u00e9 terez\u00ednsk\u00fd odchovanec \u0160t\u011bp\u00e1n Zah\u00e1lka.<\/p>\n\n\n\n<p>Bonifikace nakonec m\u00edchaly po\u0159ad\u00edm. V\u00edt\u011bzn\u00fd Holan\u010fan Remijn d\u00edky nim posko\u010dil na kone\u010dnou bronzovou p\u0159\u00ed\u010dku. Senna Remijn nav\u00edc jako prvoro\u010d\u00e1k vyhr\u00e1l sout\u011b\u017e o nejlep\u0161\u00edho mlad\u00e9ho z\u00e1vodn\u00edka a jen o kousek mu unikl zelen\u00fd trikot sout\u011b\u017ee sprinter\u016f. Ten z\u00edskal D\u00e1n Albert Philipsen, kdy\u017e sou\u010dasn\u011b vyhr\u00e1l i b\u00edl\u00fd trikot bodovac\u00ed sout\u011b\u017ee. Punt\u00edkat\u00fd trikot pro nejlep\u0161\u00edho vrcha\u0159e pat\u0159\u00ed Belgi\u010danovi Jarno Widarovi. Nejpresti\u017en\u011bj\u0161\u00ed \u017elut\u00fd trikot uh\u00e1jil pr\u00e1v\u011b Jorgen Nordhagen, za kter\u00fdm v\u00a0celkov\u00e9 klasifikaci jen s\u00a0patn\u00e1cti vte\u0159inov\u00fdm odstupem skon\u010dil Ameri\u010dan Andrew August. Nor dres l\u00eddra letos nikomu nep\u016fj\u010dil. Obl\u00e9kl se do n\u011bj po vyhran\u00e9 1. etap\u011b v\u00a0Litom\u011b\u0159ic\u00edch a dovezl ho a\u017e do Terez\u00edna.\u00a0<em>\u201ePrvn\u00ed etapa byla zlomov\u00e1. Pro m\u011b ale skv\u011ble dopadla \u010dasovka a od t\u00e9 doby jsme v\u0161e jen kontrolovali,\u201c<\/em>\u00a0popsal rozhoduj\u00edc\u00ed moment z\u00e1vodu Nordhagen, kter\u00fd si pr\u00e1v\u011b od \u010dasovky udr\u017eoval od Ameri\u010dana st\u00e1le stejn\u00fd odstup.<\/p>\n\n\n\n<p>Nejl\u00e9pe z\u00a0dom\u00e1c\u00edch z\u00e1stupc\u016f skon\u010dil v\u00a0celkov\u00e9 klasifikaci des\u00e1t\u00fd Pavel \u0160ump\u00edk s\u00a0minutovou ztr\u00e1tou na v\u00edt\u011bzn\u00e9ho Nora. O dal\u0161\u00ed minutu pak zaostal \u00fa\u0159aduj\u00edc\u00ed \u010desk\u00fd mistr a druh\u00fd nejlep\u0161\u00ed \u010cech Martin B\u00e1rta na osmat\u0159ic\u00e1t\u00e9 pozici.<em>\u00a0\u201eZ\u00e1vod m\u016f\u017eeme shrnout jako poveden\u00fd. V\u00edt\u011bzn\u00e1 etapa byla t\u0159e\u0161ni\u010dkou na dortu a celkov\u00e9 des\u00e1t\u00e9 m\u00edsto Pavla \u0160ump\u00edka nen\u00ed v\u016fbec \u0161patn\u00e9. Konkurence byla velik\u00e1. Nor s\u00a0Ameri\u010danem jsou trochu jinde, ale neboj\u00edm se \u0159\u00edci, \u017ee dnes nic velk\u00e9ho nep\u0159edvedli. Nicm\u00e9n\u011b um\u00ed jezdit hodn\u011b t\u00fdmov\u011b a na\u0161i kluci toho mohou hodn\u011b nakoukat. Je to pro n\u011b velk\u00e1 zku\u0161enost. V\u017edy\u0165 v\u011bt\u0161ina z\u00a0nich je\u0161t\u011b loni byla kadety, kte\u0159\u00ed takov\u00fd z\u00e1vod nikdy nejeli. Za m\u011b ale n\u00e1\u0161 t\u00fdm fungoval skv\u011ble. Kluci se um\u00ed poskl\u00e1dat, poslouchaj\u00ed pokyny. M\u00e1me mlad\u00fd t\u00fdm, co\u017e je pozitivum p\u0159edev\u0161\u00edm pro p\u0159\u00ed\u0161t\u00ed rok,\u201c\u00a0<\/em>byl spokojen\u00fd s\u00a0p\u0159edstaven\u00edm \u010desk\u00e9ho v\u00fdb\u011bru kou\u010d Petr Kubias.<\/p>\n\n\n<div class=\"wp-block-image\">\n<figure class=\"aligncenter size-large is-resized\"><img loading=\"lazy\" decoding=\"async\" src=\"https:\/\/www.czechcyclingfederation.com\/wp-content\/uploads\/2023\/05\/DnTbTFkY-1024x683.jpeg\" alt=\"\" class=\"wp-image-25001\" width=\"592\" height=\"395\" srcset=\"https:\/\/www.czechcyclingfederation.com\/wp-content\/uploads\/2023\/05\/DnTbTFkY-1024x683.jpeg 1024w, https:\/\/www.czechcyclingfederation.com\/wp-content\/uploads\/2023\/05\/DnTbTFkY-300x200.jpeg 300w, https:\/\/www.czechcyclingfederation.com\/wp-content\/uploads\/2023\/05\/DnTbTFkY-768x512.jpeg 768w, https:\/\/www.czechcyclingfederation.com\/wp-content\/uploads\/2023\/05\/DnTbTFkY-1536x1024.jpeg 1536w, https:\/\/www.czechcyclingfederation.com\/wp-content\/uploads\/2023\/05\/DnTbTFkY-1320x880.jpeg 1320w, https:\/\/www.czechcyclingfederation.com\/wp-content\/uploads\/2023\/05\/DnTbTFkY.jpeg 2048w\" sizes=\"auto, (max-width: 592px) 100vw, 592px\" \/><\/figure>\n<\/div>\n\n\n<p><\/p>\n\n\n\n<p>Sledovan\u00fd dom\u00e1c\u00ed jezdec \u0160t\u011bp\u00e1n Zah\u00e1lka, kter\u00e9ho p\u0159ed \u00favodn\u00ed etapou postihl nep\u0159\u00edjemn\u00fd p\u00e1d, z\u00e1vod dojel na celkov\u00e9m sedmdes\u00e1t\u00e9m m\u00edst\u011b. \u201eUr\u010dit\u011b to nen\u00ed v\u00fdsledek, se kter\u00fdm jsem do toho \u0161el. T\u00edm p\u00e1dem jsem si to pokazil, ale sl\u00edbi<em>l jsem si, \u017ee z\u00e1vod dojedu i kdybych m\u011bl b\u00fdt jakkoli zeblitej a to se povedlo. Jsem v\u00a0c\u00edli,\u201c<\/em> uzav\u0159el 51. ro\u010dn\u00edk \u0161\u0165astn\u011b le\u010d se sm\u00ed\u0161en\u00fdmi pocity severo\u010desk\u00fd jezdec \u0160t\u011bp\u00e1n Zah\u00e1lka.<\/p>\n\n\n\n<p><strong>V\u00fdsledky \u2013 3. etapa (Teplice \u2013 Olbernhau, 117,4 km):<\/strong><\/p>\n\n\n\n<p>1. Senna Remijn (NED) 2:16:37<\/p>\n\n\n\n<p>2. Theodor Strom (DEN)<\/p>\n\n\n\n<p>3. An\u017ee Ravbar (SLO)<\/p>\n\n\n\n<p>4. Storm Ingebrigtsen (NOR)<\/p>\n\n\n\n<p>5. Kry\u0161tof Kr\u00e1l (CZE)- v\u0161ichni stejn\u00fd \u010das<\/p>\n\n\n\n<p><strong>Celkov\u011b:<\/strong><\/p>\n\n\n\n<p>1 . Jorgen Nordhagen (NOR) 9:06:15<\/p>\n\n\n\n<p>2. Andrew August (USA) +0:15<\/p>\n\n\n\n<p>3. Senna Remijn (NED) +0:34<\/p>\n\n\n\n<p>4. Albert Philipsen (DEN) +0:39<\/p>\n\n\n\n<p>5. Paul Fietzke (GER) +0:42<\/p>\n\n\n\n<p>10. Pavel \u0160ump\u00edk (CZE) +1:02<\/p>\n\n\n\n<p><\/p>\n","protected":false},"excerpt":{"rendered":"<p>Senna Remijn ovl\u00e1dl hromadn\u00fd dojezd z\u00e1v\u011bre\u010dn\u00e9 etapy 51. ro\u010dn\u00edku Z\u00e1vodu m\u00edru junior\u016f. Holandsk\u00fd reprezentant d\u00edky tomu na posledn\u00ed chv\u00edli tak\u00e9 posko\u010dil na celkovou bronzovou p\u0159\u00ed\u010dku. Leto\u0161n\u00edm v\u00edt\u011bzem cel\u00e9ho ro\u010dn\u00edku se stal Nor Jorgen Nordhagen. Nezklamali ani \u010de\u0161t\u00ed jezdci. \u201eSen se stal skute\u010dnost\u00ed. Je to asi moje nejv\u011bt\u0161\u00ed v\u00edt\u011bzstv\u00ed, nav\u00edc na tak velk\u00e9m etapov\u00e9m z\u00e1vod\u011b. Jsem [&hellip;]<\/p>\n","protected":false},"author":1,"featured_media":24997,"comment_status":"closed","ping_status":"open","sticky":false,"template":"","format":"standard","meta":{"footnotes":""},"categories":[17,2,18],"tags":[11],"class_list":["post-24996","post","type-post","status-publish","format-standard","has-post-thumbnail","hentry","category-discipliny","category-novinky","category-silnice","tag-silnice"],"_links":{"self":[{"href":"https:\/\/www.czechcyclingfederation.com\/en\/wp-json\/wp\/v2\/posts\/24996","targetHints":{"allow":["GET"]}}],"collection":[{"href":"https:\/\/www.czechcyclingfederation.com\/en\/wp-json\/wp\/v2\/posts"}],"about":[{"href":"https:\/\/www.czechcyclingfederation.com\/en\/wp-json\/wp\/v2\/types\/post"}],"author":[{"embeddable":true,"href":"https:\/\/www.czechcyclingfederation.com\/en\/wp-json\/wp\/v2\/users\/1"}],"replies":[{"embeddable":true,"href":"https:\/\/www.czechcyclingfederation.com\/en\/wp-json\/wp\/v2\/comments?post=24996"}],"version-history":[{"count":3,"href":"https:\/\/www.czechcyclingfederation.com\/en\/wp-json\/wp\/v2\/posts\/24996\/revisions"}],"predecessor-version":[{"id":25005,"href":"https:\/\/www.czechcyclingfederation.com\/en\/wp-json\/wp\/v2\/posts\/24996\/revisions\/25005"}],"wp:featuredmedia":[{"embeddable":true,"href":"https:\/\/www.czechcyclingfederation.com\/en\/wp-json\/wp\/v2\/media\/24997"}],"wp:attachment":[{"href":"https:\/\/www.czechcyclingfederation.com\/en\/wp-json\/wp\/v2\/media?parent=24996"}],"wp:term":[{"taxonomy":"category","embeddable":true,"href":"https:\/\/www.czechcyclingfederation.com\/en\/wp-json\/wp\/v2\/categories?post=24996"},{"taxonomy":"post_tag","embeddable":true,"href":"https:\/\/www.czechcyclingfederation.com\/en\/wp-json\/wp\/v2\/tags?post=24996"}],"curies":[{"name":"wp","href":"https:\/\/api.w.org\/{rel}","templated":true}]}}