{"id":24992,"date":"2023-05-07T13:46:10","date_gmt":"2023-05-07T11:46:10","guid":{"rendered":"https:\/\/www.czechcyclingfederation.com\/?p=24992"},"modified":"2023-05-12T10:19:31","modified_gmt":"2023-05-12T08:19:31","slug":"zavod-miru-nejmladsich-vyhral-nemec-winter","status":"publish","type":"post","link":"https:\/\/www.czechcyclingfederation.com\/en\/zavod-miru-nejmladsich-vyhral-nemec-winter\/","title":{"rendered":"Z\u00e1vod m\u00edru nejmlad\u0161\u00edch vyhr\u00e1l N\u011bmec Winter"},"content":{"rendered":"\n<p>N\u011bmeck\u00fd mlad\u00edk Zeno Levi Winter ovl\u00e1dl 47. ro\u010dn\u00edk Z\u00e1vodu m\u00edru nejmlad\u0161\u00edch \u2013 Memori\u00e1l Zde\u0148ka Sendlera st. Sv\u016fj triumf stvrdil v\u00edt\u011bzstv\u00ed v&nbsp;z\u00e1v\u011bre\u010dn\u00e9 \u010dasovce na 15 km. Nej\u00fasp\u011b\u0161n\u011bj\u0161\u00ed z&nbsp;\u010desk\u00fdch z\u00e1vodn\u00edk\u016f byl Maty\u00e1\u0161 Korbel (Plze\u0148 MIX), kter\u00fd na jeden\u00e1ct\u00e9 p\u0159\u00ed\u010dce zaostal za v\u00edt\u011bzem o 4:23. Jakub Tesa\u0159\u00edk (Mapei Merida Ka\u0148kovsk\u00fd) dojel v&nbsp;\u010dasovce \u0161est\u00fd.<\/p>\n\n\n\n<p>V\u00fdsledky:<\/p>\n\n\n\n<p>3. etapa (22 km):<\/p>\n\n\n\n<p>1. Fugger (Rak.) 32:28, 2. Petri\u010d (Slovin.), 3. Hofer (Rak.), &#8230;10. Vr\u00e1na, 13. Michalovi\u010d, 15. Kucha\u0159 (v\u0161ichni SCM Brno) v\u0161ichni stejn\u00fd \u010das.<\/p>\n\n\n\n<p>4. etapa (83,8 km):<\/p>\n\n\n\n<p>1. Andersen (D\u00e1n.) 2:09:46, 2. Lyzwa (Pol.), 3. Knaepen (Belg.) oba +18, &#8230;11. Nov\u00e1k (Supermix) +23.<\/p>\n\n\n\n<p>5. etapa &#8211; (\u010dasovka na 15 km):<\/p>\n\n\n\n<p>1. Winter 19:42, 2. Lyzwa +24, 3. Jackowiak (Pol.) +25, &#8230;6. Tesa\u0159\u00edk (Mapei Merida Ka\u0148kovsk\u00fd) +31, 8. T\u0159\u00edska (SCM Brno) +38, 13. Ra\u0161ka (Mapei Merida Ka\u0148kovsk\u00fd) +54.<\/p>\n\n\n\n<p>Kone\u010dn\u00e9 po\u0159ad\u00ed:<\/p>\n\n\n\n<p>1. Winter 5:15:54, 2. Wlodarski (Pol.) 2:31, 3. Andersen +3:05, 4. Haugten (Nor.) +3:15, 5. Knaepen +3:27, 6. Jackowiak +5:19, &#8230;11. Korbel (Plze\u0148 MIX) +4:23, 15. Nov\u00e1k (Supermix) +4:58, 18. Stibl\u00edk (Jaroslav Kulhav\u00fd Cycling team) +5:39, 22. Ra\u0161ka +6:25.<\/p>\n","protected":false},"excerpt":{"rendered":"<p>N\u011bmeck\u00fd mlad\u00edk Zeno Levi Winter ovl\u00e1dl 47. ro\u010dn\u00edk Z\u00e1vodu m\u00edru nejmlad\u0161\u00edch \u2013 Memori\u00e1l Zde\u0148ka Sendlera st. Sv\u016fj triumf stvrdil v\u00edt\u011bzstv\u00ed v&nbsp;z\u00e1v\u011bre\u010dn\u00e9 \u010dasovce na 15 km. Nej\u00fasp\u011b\u0161n\u011bj\u0161\u00ed z&nbsp;\u010desk\u00fdch z\u00e1vodn\u00edk\u016f byl Maty\u00e1\u0161 Korbel (Plze\u0148 MIX), kter\u00fd na jeden\u00e1ct\u00e9 p\u0159\u00ed\u010dce zaostal za v\u00edt\u011bzem o 4:23. Jakub Tesa\u0159\u00edk (Mapei Merida Ka\u0148kovsk\u00fd) dojel v&nbsp;\u010dasovce \u0161est\u00fd. V\u00fdsledky: 3. etapa (22 km): [&hellip;]<\/p>\n","protected":false},"author":8,"featured_media":24993,"comment_status":"closed","ping_status":"open","sticky":false,"template":"","format":"standard","meta":{"footnotes":""},"categories":[2,18],"tags":[11],"class_list":["post-24992","post","type-post","status-publish","format-standard","has-post-thumbnail","hentry","category-novinky","category-silnice","tag-silnice"],"_links":{"self":[{"href":"https:\/\/www.czechcyclingfederation.com\/en\/wp-json\/wp\/v2\/posts\/24992","targetHints":{"allow":["GET"]}}],"collection":[{"href":"https:\/\/www.czechcyclingfederation.com\/en\/wp-json\/wp\/v2\/posts"}],"about":[{"href":"https:\/\/www.czechcyclingfederation.com\/en\/wp-json\/wp\/v2\/types\/post"}],"author":[{"embeddable":true,"href":"https:\/\/www.czechcyclingfederation.com\/en\/wp-json\/wp\/v2\/users\/8"}],"replies":[{"embeddable":true,"href":"https:\/\/www.czechcyclingfederation.com\/en\/wp-json\/wp\/v2\/comments?post=24992"}],"version-history":[{"count":2,"href":"https:\/\/www.czechcyclingfederation.com\/en\/wp-json\/wp\/v2\/posts\/24992\/revisions"}],"predecessor-version":[{"id":25057,"href":"https:\/\/www.czechcyclingfederation.com\/en\/wp-json\/wp\/v2\/posts\/24992\/revisions\/25057"}],"wp:featuredmedia":[{"embeddable":true,"href":"https:\/\/www.czechcyclingfederation.com\/en\/wp-json\/wp\/v2\/media\/24993"}],"wp:attachment":[{"href":"https:\/\/www.czechcyclingfederation.com\/en\/wp-json\/wp\/v2\/media?parent=24992"}],"wp:term":[{"taxonomy":"category","embeddable":true,"href":"https:\/\/www.czechcyclingfederation.com\/en\/wp-json\/wp\/v2\/categories?post=24992"},{"taxonomy":"post_tag","embeddable":true,"href":"https:\/\/www.czechcyclingfederation.com\/en\/wp-json\/wp\/v2\/tags?post=24992"}],"curies":[{"name":"wp","href":"https:\/\/api.w.org\/{rel}","templated":true}]}}