{"id":2497,"date":"2020-10-04T20:25:17","date_gmt":"2020-10-04T18:25:17","guid":{"rendered":"http:\/\/www.czechcyclingfederation.com\/?p=2497"},"modified":"2020-10-06T11:10:37","modified_gmt":"2020-10-06T09:10:37","slug":"cink-ve-druhem-zavode-svetoveho-poharu-v-nmnm-osmnacty","status":"publish","type":"post","link":"https:\/\/www.czechcyclingfederation.com\/en\/cink-ve-druhem-zavode-svetoveho-poharu-v-nmnm-osmnacty\/","title":{"rendered":"Cink ve druh\u00e9m z\u00e1vod\u011b Sv\u011btov\u00e9ho poh\u00e1ru v NMNM osmn\u00e1ct\u00fd"},"content":{"rendered":"\n<p><strong>Ond\u0159ej Cink dojel ve druh\u00e9m z\u00e1vod\u011b Sv\u011btov\u00e9ho poh\u00e1ru horsk\u00fdch kol v Nov\u00e9m M\u011bst\u011b na Morav\u011b osmn\u00e1ct\u00fd. Z v\u00edt\u011bzstv\u00ed se radoval Brazilec Avancini p\u0159ed Nizozemcem Vaderem a \u0161v\u00fdcarsk\u00fdm mistrem sv\u011bta Schurterem.<\/strong><\/p>\n\n\n\n<p><em>\u201eSna\u017eil jsem se nechat tam \u00fapln\u011b v\u0161echno, ale nebyl jsem tak sv\u011b\u017e\u00ed jako ve \u010dtvrtek. Jak u\u017e jsem \u0159\u00edkal p\u0159ed z\u00e1vodem: v\u0161echno je to o tom startu z \u010dtvrt\u00e9 \u0159ady. Nohy jsem na to m\u011bl, abych jel, ale v\u017edy jsem se tam n\u011bkde za\u0161puntoval. Je to tam hrozn\u011b o \u0161t\u011bst\u00ed, aby se to tam \u010dlov\u011bku otev\u0159elo a mohl jet. J\u00e1 se dop\u0159edu bohu\u017eel neprobojoval a pak to st\u00e1lo hrozn\u011b moc sil si to doj\u00ed\u017ed\u011bt,\u201c<\/em> uvedl novin\u00e1\u0159\u016fm po z\u00e1vod\u011b \u00fa\u0159aduj\u00edc\u00ed \u010desk\u00fd \u0161ampion Ond\u0159ej Cink.<\/p>\n\n\n\n<p><em>\u201eZa\u010d\u00e1tek byl super. V\u00edm, \u017ee tam vep\u0159edu m\u016f\u017eu b\u00fdt, jen je t\u0159eba potom vydr\u017eet a nel\u00e1mat se. Nakonec je ale i to p\u011btadvac\u00e1t\u00e9 m\u00edsto dob\u0159e, i kdy\u017e je velk\u00e1 \u0161koda toho posledn\u00edho kola, kdy jsem tam asi ztratila v\u00edc pozic, ne\u017e je norm\u00e1ln\u00ed. Sna\u017eila jsem se zm\u00e1\u010dknout, ale u\u017e to ne\u0161lo,\u201c<\/em> okomentovala z\u00e1vod Jitka \u010c\u00e1belick\u00e1.<\/p>\n\n\n\n<p>V z\u00e1vod\u011b \u017een skon\u010dila z \u010desk\u00fdch reprezentantek nejv\u00fd\u0161e Jitka \u010c\u00e1belick\u00e1 na 25. m\u00edst\u011b. Z\u00e1vod ovl\u00e1dla Francouzka Ferrand-Prevot.<\/p>\n\n\n\n<p><strong>V\u00fdsledky:<\/strong><\/p>\n\n\n\n<p>\u017deny:<\/p>\n\n\n\n<p>1. Pauline Ferrand-Prevot (Fr.) 1:14:07, 2. Anne Terpstra (Niz.) +0:21, 3. Loana Lecomte (Fr.) +1:10 &#8230; <strong>25. Jitka \u010c\u00e1belick\u00e1 +6:36, 40. Jana Czeczinkarov\u00e1 +9:06, 42. Karla \u0160t\u011bp\u00e1nov\u00e1 +9:24 (v\u0161echny \u010cR)<\/strong>.<\/p>\n\n\n\n<p>Mu\u017ei:<\/p>\n\n\n\n<p>1. Henrique Avancini (Braz.) 1:25:03 hod. 2. Milan Vader (Niz.) +0:01 3. Nino Schurter (\u0160v\u00fdc.) +0:01 &#8230; <strong>18. Ond\u0159ej Cink +1:41, 39. Jan Vastl +3:39, 51. Jan \u0160karnitzl +4:58, 73. Luk\u00e1\u0161 Kobes +7:13, 80. Tom\u00e1\u0161 Paprstka +8:05, 101. Zden\u011bk Vobeck\u00fd -1 kolo, 103. Jaroslav Kulhav\u00fd &#8211; 1 kolo, 105. Tom\u00e1\u0161 \u0160evc\u016f -1 kolo (v\u0161ichni \u010cR).<\/strong><\/p>\n\n\n\n<figure class=\"wp-block-gallery columns-2 is-cropped wp-block-gallery-1 is-layout-flex wp-block-gallery-is-layout-flex\"><ul class=\"blocks-gallery-grid\"><li class=\"blocks-gallery-item\"><figure><img loading=\"lazy\" decoding=\"async\" width=\"1024\" height=\"682\" src=\"https:\/\/www.czechcyclingfederation.com\/wp-content\/uploads\/2020\/10\/CER_1786-1-1024x682.jpg\" alt=\"\" data-id=\"2499\" data-full-url=\"https:\/\/www.czechcyclingfederation.com\/wp-content\/uploads\/2020\/10\/CER_1786-1.jpg\" data-link=\"https:\/\/www.czechcyclingfederation.com\/cink-ve-druhem-zavode-svetoveho-poharu-v-nmnm-osmnacty\/cer_1786-1\/\" class=\"wp-image-2499\" srcset=\"https:\/\/www.czechcyclingfederation.com\/wp-content\/uploads\/2020\/10\/CER_1786-1-1024x682.jpg 1024w, https:\/\/www.czechcyclingfederation.com\/wp-content\/uploads\/2020\/10\/CER_1786-1-300x200.jpg 300w, https:\/\/www.czechcyclingfederation.com\/wp-content\/uploads\/2020\/10\/CER_1786-1-768x512.jpg 768w, https:\/\/www.czechcyclingfederation.com\/wp-content\/uploads\/2020\/10\/CER_1786-1-1536x1024.jpg 1536w, https:\/\/www.czechcyclingfederation.com\/wp-content\/uploads\/2020\/10\/CER_1786-1-1320x880.jpg 1320w, https:\/\/www.czechcyclingfederation.com\/wp-content\/uploads\/2020\/10\/CER_1786-1.jpg 2000w\" sizes=\"auto, (max-width: 1024px) 100vw, 1024px\" \/><\/figure><\/li><li class=\"blocks-gallery-item\"><figure><img loading=\"lazy\" decoding=\"async\" width=\"1024\" height=\"682\" src=\"https:\/\/www.czechcyclingfederation.com\/wp-content\/uploads\/2020\/10\/CER_0259-1-1024x682.jpg\" alt=\"\" data-id=\"2500\" data-full-url=\"https:\/\/www.czechcyclingfederation.com\/wp-content\/uploads\/2020\/10\/CER_0259-1.jpg\" data-link=\"https:\/\/www.czechcyclingfederation.com\/cink-ve-druhem-zavode-svetoveho-poharu-v-nmnm-osmnacty\/cer_0259-1\/\" class=\"wp-image-2500\" srcset=\"https:\/\/www.czechcyclingfederation.com\/wp-content\/uploads\/2020\/10\/CER_0259-1-1024x682.jpg 1024w, https:\/\/www.czechcyclingfederation.com\/wp-content\/uploads\/2020\/10\/CER_0259-1-300x200.jpg 300w, https:\/\/www.czechcyclingfederation.com\/wp-content\/uploads\/2020\/10\/CER_0259-1-768x512.jpg 768w, https:\/\/www.czechcyclingfederation.com\/wp-content\/uploads\/2020\/10\/CER_0259-1-1536x1024.jpg 1536w, https:\/\/www.czechcyclingfederation.com\/wp-content\/uploads\/2020\/10\/CER_0259-1-1320x880.jpg 1320w, https:\/\/www.czechcyclingfederation.com\/wp-content\/uploads\/2020\/10\/CER_0259-1.jpg 2000w\" sizes=\"auto, (max-width: 1024px) 100vw, 1024px\" \/><\/figure><\/li><\/ul><\/figure>\n\n\n\n<p><em>Foto: Michal \u010cerven\u00fd<\/em><\/p>\n\n\n\n<figure><iframe loading=\"lazy\" src=\"https:\/\/www.facebook.com\/plugins\/post.php?href=https%3A%2F%2Fwww.facebook.com%2Fwww.ondrejcink.cz%2Fposts%2F4466326486771344&amp;show_text=true&amp;width=552&amp;height=573&amp;appId\" width=\"552\" height=\"573\"><\/iframe><\/figure>\n","protected":false},"excerpt":{"rendered":"<p>Ond\u0159ej Cink dojel ve druh\u00e9m z\u00e1vod\u011b Sv\u011btov\u00e9ho poh\u00e1ru horsk\u00fdch kol v Nov\u00e9m M\u011bst\u011b na Morav\u011b osmn\u00e1ct\u00fd. Z v\u00edt\u011bzstv\u00ed se radoval Brazilec Avancini p\u0159ed Nizozemcem Vaderem a \u0161v\u00fdcarsk\u00fdm mistrem sv\u011bta Schurterem. \u201eSna\u017eil jsem se nechat tam \u00fapln\u011b v\u0161echno, ale nebyl jsem tak sv\u011b\u017e\u00ed jako ve \u010dtvrtek. Jak u\u017e jsem \u0159\u00edkal p\u0159ed z\u00e1vodem: v\u0161echno je to o [&hellip;]<\/p>\n","protected":false},"author":9,"featured_media":2499,"comment_status":"closed","ping_status":"open","sticky":false,"template":"","format":"standard","meta":{"footnotes":""},"categories":[6,2],"tags":[10],"class_list":["post-2497","post","type-post","status-publish","format-standard","has-post-thumbnail","hentry","category-mtb","category-novinky","tag-mtb"],"_links":{"self":[{"href":"https:\/\/www.czechcyclingfederation.com\/en\/wp-json\/wp\/v2\/posts\/2497","targetHints":{"allow":["GET"]}}],"collection":[{"href":"https:\/\/www.czechcyclingfederation.com\/en\/wp-json\/wp\/v2\/posts"}],"about":[{"href":"https:\/\/www.czechcyclingfederation.com\/en\/wp-json\/wp\/v2\/types\/post"}],"author":[{"embeddable":true,"href":"https:\/\/www.czechcyclingfederation.com\/en\/wp-json\/wp\/v2\/users\/9"}],"replies":[{"embeddable":true,"href":"https:\/\/www.czechcyclingfederation.com\/en\/wp-json\/wp\/v2\/comments?post=2497"}],"version-history":[{"count":2,"href":"https:\/\/www.czechcyclingfederation.com\/en\/wp-json\/wp\/v2\/posts\/2497\/revisions"}],"predecessor-version":[{"id":2501,"href":"https:\/\/www.czechcyclingfederation.com\/en\/wp-json\/wp\/v2\/posts\/2497\/revisions\/2501"}],"wp:featuredmedia":[{"embeddable":true,"href":"https:\/\/www.czechcyclingfederation.com\/en\/wp-json\/wp\/v2\/media\/2499"}],"wp:attachment":[{"href":"https:\/\/www.czechcyclingfederation.com\/en\/wp-json\/wp\/v2\/media?parent=2497"}],"wp:term":[{"taxonomy":"category","embeddable":true,"href":"https:\/\/www.czechcyclingfederation.com\/en\/wp-json\/wp\/v2\/categories?post=2497"},{"taxonomy":"post_tag","embeddable":true,"href":"https:\/\/www.czechcyclingfederation.com\/en\/wp-json\/wp\/v2\/tags?post=2497"}],"curies":[{"name":"wp","href":"https:\/\/api.w.org\/{rel}","templated":true}]}}